{"id":515998,"date":"2025-11-06T13:36:27","date_gmt":"2025-11-06T13:36:27","guid":{"rendered":"https:\/\/www.europesays.com\/fr\/515998\/"},"modified":"2025-11-06T13:36:27","modified_gmt":"2025-11-06T13:36:27","slug":"attention-si-vous-devez-vous-rendre-aux-etats-unis-des-milliers-de-vols-sont-suspendus","status":"publish","type":"post","link":"https:\/\/www.europesays.com\/fr\/515998\/","title":{"rendered":"Attention, si vous devez vous rendre aux Etats-Unis, des milliers de vols sont suspendus"},"content":{"rendered":"<p>Mercredi 5 novembre, Washington a formul\u00e9 la demande de supprimer des milliers de vols d\u00e8s vendredi 7 novembre, selon <a href=\"https:\/\/www.lemonde.fr\/international\/article\/2025\/11\/06\/aux-etats-unis-l-administration-trump-fait-suspendre-des-milliers-de-vols-en-raison-du-shutdown_6652384_3210.html\" target=\"_blank\" rel=\"noopener\">Le Monde<\/a>. Une demande surprenante, et qui a pour objectif de \u00abr\u00e9duire la pression\u00bb sur le contr\u00f4le a\u00e9rien, qui subit lui aussi <a href=\"https:\/\/www.capital.fr\/economie-politique\/menaces-par-un-shutdown-que-risquent-vraiment-les-etats-unis-1518944\" target=\"_blank\" rel=\"noopener\">les effets du \u00abshutdown\u00bb<\/a>, et du retard du budget. En conf\u00e9rence de presse, le secr\u00e9taire aux Transports Sean Duffy a en effet d\u00e9clar\u00e9 souhaiter <strong>la diminution du nombre de vols de 10% dans 40 a\u00e9roports du pays<\/strong>. La raison : pour un trafic a\u00e9rien normal, il manque actuellement <strong>2 000 aiguilleurs a\u00e9riens<\/strong> dans <a href=\"https:\/\/www.capital.fr\/conso\/combien-de-temps-arriver-avant-un-vol-a-laeroport-1475100\" target=\"_blank\" rel=\"noopener\">les a\u00e9roports<\/a>.<strong> Plus de 60 000 agents de la s\u00e9curit\u00e9 <\/strong>a\u00e9rienne et contr\u00f4leurs sont concern\u00e9s par ces suppressions de vols.<\/p>\n<p>C\u2019est le <strong>36e jour de blocage budg\u00e9taire<\/strong> pour les \u00c9tats-Unis, ce qui est un record de dur\u00e9e pour un shutdown. De ce fait, des centaines de milliers d\u2019agents de l\u2019\u00c9tat am\u00e9ricain sont au <strong>ch\u00f4mage technique, <\/strong>et d\u2019autres sont <strong>forc\u00e9s de continuer \u00e0 travailler<\/strong>, sans \u00eatre pay\u00e9s tant que la crise perdure. Dans le secteur a\u00e9rien, l\u2019Agence f\u00e9d\u00e9rale de l\u2019aviation (FAA) a affirm\u00e9 qu\u2019elle allait travailler avec les compagnies pour r\u00e9duire leur plan de vol, ce qui \u00e9vitera par la suite une crise de s\u00e9curit\u00e9.<\/p>\n<p>Une r\u00e9duction \u00abin\u00e9dite\u00bb du trafic a\u00e9rien am\u00e9ricain<\/p>\n<p>Cette d\u00e9cision est exceptionnelle, et arrive avant un week-end pouvant \u00eatre prolong\u00e9 pour les Am\u00e9ricains, puisque le 11 novembre est aussi ferm\u00e9 chez eux. Le patron de la FAA, Bryan Bedford, avoue faire face \u00e0 une situation sans pr\u00e9c\u00e9dent pour lui. Dans le pays, selon la FAA, ce sont<strong> 44 000 vols quotidiens qui sont supervis\u00e9s<\/strong>, et une suppression <strong>de 10% de ces vols signifierait 4 000 vols annul\u00e9s par jour.<\/strong><\/p>\n<p>En attendant la fin du shutdown,<strong> le trafic a\u00e9rien am\u00e9ricain sera bien ralenti,<\/strong> afin que la s\u00e9curit\u00e9 des voyageurs durant ces vols soit garantie.<\/p>\n","protected":false},"excerpt":{"rendered":"Mercredi 5 novembre, Washington a formul\u00e9 la demande de supprimer des milliers de vols d\u00e8s vendredi 7 novembre,&hellip;\n","protected":false},"author":2,"featured_media":515999,"comment_status":"","ping_status":"","sticky":false,"template":"","format":"standard","meta":{"footnotes":""},"categories":[1589],"tags":[11,37,1003,73,1866,12,7691,21852,1864,1865,1863,308],"class_list":{"0":"post-515998","1":"post","2":"type-post","3":"status-publish","4":"format-standard","5":"has-post-thumbnail","7":"category-etats-unis","8":"tag-actualites","9":"tag-avion","10":"tag-budget","11":"tag-etats-unis","12":"tag-etats-unis-damerique","13":"tag-news","14":"tag-su00e9curitu00e9","15":"tag-transport-au00e9rien","16":"tag-united-states","17":"tag-united-states-of-america","18":"tag-us","19":"tag-usa"},"share_on_mastodon":{"url":"https:\/\/pubeurope.com\/@fr\/115503024354867828","error":""},"_links":{"self":[{"href":"https:\/\/www.europesays.com\/fr\/wp-json\/wp\/v2\/posts\/515998","targetHints":{"allow":["GET"]}}],"collection":[{"href":"https:\/\/www.europesays.com\/fr\/wp-json\/wp\/v2\/posts"}],"about":[{"href":"https:\/\/www.europesays.com\/fr\/wp-json\/wp\/v2\/types\/post"}],"author":[{"embeddable":true,"href":"https:\/\/www.europesays.com\/fr\/wp-json\/wp\/v2\/users\/2"}],"replies":[{"embeddable":true,"href":"https:\/\/www.europesays.com\/fr\/wp-json\/wp\/v2\/comments?post=515998"}],"version-history":[{"count":0,"href":"https:\/\/www.europesays.com\/fr\/wp-json\/wp\/v2\/posts\/515998\/revisions"}],"wp:featuredmedia":[{"embeddable":true,"href":"https:\/\/www.europesays.com\/fr\/wp-json\/wp\/v2\/media\/515999"}],"wp:attachment":[{"href":"https:\/\/www.europesays.com\/fr\/wp-json\/wp\/v2\/media?parent=515998"}],"wp:term":[{"taxonomy":"category","embeddable":true,"href":"https:\/\/www.europesays.com\/fr\/wp-json\/wp\/v2\/categories?post=515998"},{"taxonomy":"post_tag","embeddable":true,"href":"https:\/\/www.europesays.com\/fr\/wp-json\/wp\/v2\/tags?post=515998"}],"curies":[{"name":"wp","href":"https:\/\/api.w.org\/{rel}","templated":true}]}}