{"id":516002,"date":"2025-11-06T13:38:17","date_gmt":"2025-11-06T13:38:17","guid":{"rendered":"https:\/\/www.europesays.com\/fr\/516002\/"},"modified":"2025-11-06T13:38:17","modified_gmt":"2025-11-06T13:38:17","slug":"lallemagne-confrontee-a-un-risque-croissant-en-matiere-de-stabilite-financiere-selon-la-bundesbank-06-11-2025-a-1406","status":"publish","type":"post","link":"https:\/\/www.europesays.com\/fr\/516002\/","title":{"rendered":"L&rsquo;Allemagne confront\u00e9e \u00e0 un risque croissant en mati\u00e8re de stabilit\u00e9 financi\u00e8re, selon la Bundesbank &#8211; 06\/11\/2025 \u00e0 14:06"},"content":{"rendered":"<p>        <img decoding=\"async\" src=\"https:\/\/www.europesays.com\/fr\/wp-content\/uploads\/2025\/11\/253ba54383245f57849711157e3ae26e-760x507.jpg\" alt=\"Un drapeau allemand flotte au sommet du b\u00e2timent du Reichstag\" loading=\"eager\" fetchpriority=\"high\" width=\"760\" height=\"507\" style=\"max-width: 100%!important; height: auto;\"\/><\/p>\n<p class=\"c-image-news__legend\">Un drapeau allemand flotte au sommet du b\u00e2timent du Reichstag<\/p>\n<p>\n La stabilit\u00e9 financi\u00e8re de l&rsquo;Allemagne est confront\u00e9e \u00e0 des risques croissants en raison de la politique \u00e9conomique erratique des \u00c9tats-Unis, de la sur\u00e9valuation des march\u00e9s d&rsquo;actions, des niveaux d&rsquo;endettement excessifs dans le monde entier et de la d\u00e9t\u00e9rioration du cr\u00e9dit bancaire, a averti jeudi la Bundesbank.\n<\/p>\n<p>\n L&rsquo;\u00e9conomie allemande, la premi\u00e8re de la zone euro, stagne depuis trois ans et des rigidit\u00e9s structurelles freinent sa reprise, m\u00eame si la forte augmentation des d\u00e9penses publiques dans les domaines de la d\u00e9fense et des infrastructures devrait stimuler la croissance dans les ann\u00e9es \u00e0 venir.\n<\/p>\n<p>\n Dressant une longue liste de vuln\u00e9rabilit\u00e9s, la banque centrale allemande conclut que le risque global augmente, la faiblesse \u00e9conomique s&rsquo;\u00e9tendant \u00e0 diff\u00e9rents secteurs et la hausse des droits de douane aggravant les menaces.\n<\/p>\n<p>\n \u00ab\u00a0Le cours erratique de la politique commerciale am\u00e9ricaine p\u00e8se sur l&rsquo;\u00e9conomie mondiale, en particulier sur l&rsquo;industrie allemande qui d\u00e9pend des exportations\u00a0\u00bb, a d\u00e9clar\u00e9 Michael Theurer, membre du conseil de gouverneurs de la Bundesbank, dans la Revue de la stabilit\u00e9 financi\u00e8re annuelle de l&rsquo;institution.\n<\/p>\n<p>\n \u00ab\u00a0Dans le m\u00eame temps, les d\u00e9fis structurels p\u00e8sent de plus en plus lourdement sur le secteur des entreprises allemandes\u00a0\u00bb, dit-il.\n<\/p>\n<p>\n Si l&rsquo;Union europ\u00e9enne (UE) a d\u00e9j\u00e0 sign\u00e9 un accord commercial avec les \u00c9tats-Unis cet \u00e9t\u00e9, l&rsquo;environnement reste trop incertain, ce qui affectera la qualit\u00e9 de cr\u00e9dit des banques allemandes, ajoute la Bundesbank.\n<\/p>\n<p>\n Le volume des pr\u00eats non productifs est en augmentation depuis un certain temps, principalement en raison de probl\u00e8mes dans le secteur de l&rsquo;immobilier commercial. M\u00eame si les d\u00e9fauts de paiement restent \u00ab\u00a0g\u00e9rables\u00a0\u00bb, les banques doivent de plus en plus proc\u00e9der \u00e0 des ajustements de valeur de leurs pr\u00eats, note \u00e9galement la banque centrale.\n<\/p>\n<p>\n DETTE ET CORRECTIONS BOURSI\u00c8RES\n<\/p>\n<p>\n La Bundesbank s&rsquo;inqui\u00e8te \u00e9galement de l&rsquo;augmentation du niveau d&rsquo;endettement, tant dans l&rsquo;UE que dans le reste du monde.\n<\/p>\n<p>\n \u00ab\u00a0Les r\u00e8gles budg\u00e9taires nationales r\u00e9cemment modifi\u00e9es ne garantiront ni la viabilit\u00e9 \u00e0 long terme ni la conformit\u00e9 avec les r\u00e8gles budg\u00e9taires de l&rsquo;UE\u00a0\u00bb, signale l&rsquo;institution.\n<\/p>\n<p>\n Berlin a approuv\u00e9 en d\u00e9but d&rsquo;ann\u00e9e une r\u00e9forme historique du frein \u00e0 l&rsquo;endettement et la cr\u00e9ation d&rsquo;un fonds d&rsquo;infrastructure de 500 milliards d&rsquo;euros, mettant ainsi fin \u00e0 des d\u00e9cennies de conservatisme budg\u00e9taire dans l&rsquo;espoir de relancer la croissance.\n<\/p>\n<p>\n L&rsquo;Europe doit parvenir \u00e0 une croissance \u00e9conomique stable et durable pour rendre la dette plus soutenable, mais cela n\u00e9cessiterait des r\u00e9formes \u00e9conomiques fondamentales puisque sa croissance potentielle est bloqu\u00e9e \u00e0 1,3%-1,4% par an, selon les \u00e9conomistes.\n<\/p>\n<p>\n La Bundesbank s&rsquo;inqui\u00e8te \u00e9galement des valorisations des march\u00e9s d&rsquo;actions et de la dette des entreprises, sup\u00e9rieures aux moyennes \u00e0 long terme, ce qui augmente le risque d&rsquo;une correction.\n<\/p>\n<p>\n \u00ab\u00a0L&rsquo;exp\u00e9rience nous a appris que les march\u00e9s peuvent changer d&rsquo;avis en un instant\u00a0\u00bb, souligne Michael Theurer, ajoutant que les corrections des prix du march\u00e9 pourraient entra\u00eener des pertes consid\u00e9rables pour les interm\u00e9diaires financiers.\n<\/p>\n<p>\n (R\u00e9dig\u00e9 par Balazs Koranyi ; version fran\u00e7aise Diana Mandia ; \u00e9dit\u00e9 par Augustin Turpin)<\/p>\n","protected":false},"excerpt":{"rendered":"Un drapeau allemand flotte au sommet du b\u00e2timent du Reichstag La stabilit\u00e9 financi\u00e8re de l&rsquo;Allemagne est confront\u00e9e \u00e0&hellip;\n","protected":false},"author":2,"featured_media":516003,"comment_status":"","ping_status":"","sticky":false,"template":"","format":"standard","meta":{"footnotes":""},"categories":[1587],"tags":[400,11,672,398,408,1804,405,1805,1803,1777,674,1801,403,402,399,404,12,1802,401,406,407],"class_list":{"0":"post-516002","1":"post","2":"type-post","3":"status-publish","4":"format-standard","5":"has-post-thumbnail","7":"category-allemagne","8":"tag-action-cac-40","9":"tag-actualites","10":"tag-allemagne","11":"tag-bourse-de-paris","12":"tag-boursorama","13":"tag-bundesrepublik-deutschland","14":"tag-cotations","15":"tag-de","16":"tag-deutschland","17":"tag-eu","18":"tag-europe","19":"tag-germany","20":"tag-indices-devises","21":"tag-investir","22":"tag-investissement","23":"tag-marche-boursier","24":"tag-news","25":"tag-republique-federale-dallemagne","26":"tag-sicav","27":"tag-trackers","28":"tag-warrants"},"share_on_mastodon":{"url":"https:\/\/pubeurope.com\/@fr\/115503032821746850","error":""},"_links":{"self":[{"href":"https:\/\/www.europesays.com\/fr\/wp-json\/wp\/v2\/posts\/516002","targetHints":{"allow":["GET"]}}],"collection":[{"href":"https:\/\/www.europesays.com\/fr\/wp-json\/wp\/v2\/posts"}],"about":[{"href":"https:\/\/www.europesays.com\/fr\/wp-json\/wp\/v2\/types\/post"}],"author":[{"embeddable":true,"href":"https:\/\/www.europesays.com\/fr\/wp-json\/wp\/v2\/users\/2"}],"replies":[{"embeddable":true,"href":"https:\/\/www.europesays.com\/fr\/wp-json\/wp\/v2\/comments?post=516002"}],"version-history":[{"count":0,"href":"https:\/\/www.europesays.com\/fr\/wp-json\/wp\/v2\/posts\/516002\/revisions"}],"wp:featuredmedia":[{"embeddable":true,"href":"https:\/\/www.europesays.com\/fr\/wp-json\/wp\/v2\/media\/516003"}],"wp:attachment":[{"href":"https:\/\/www.europesays.com\/fr\/wp-json\/wp\/v2\/media?parent=516002"}],"wp:term":[{"taxonomy":"category","embeddable":true,"href":"https:\/\/www.europesays.com\/fr\/wp-json\/wp\/v2\/categories?post=516002"},{"taxonomy":"post_tag","embeddable":true,"href":"https:\/\/www.europesays.com\/fr\/wp-json\/wp\/v2\/tags?post=516002"}],"curies":[{"name":"wp","href":"https:\/\/api.w.org\/{rel}","templated":true}]}}