{"id":516023,"date":"2025-11-06T13:53:12","date_gmt":"2025-11-06T13:53:12","guid":{"rendered":"https:\/\/www.europesays.com\/fr\/516023\/"},"modified":"2025-11-06T13:53:12","modified_gmt":"2025-11-06T13:53:12","slug":"brad-pitt-devoile-un-mail-des-avocats-dangelina-jolie-la-guerre-des-ex-continue","status":"publish","type":"post","link":"https:\/\/www.europesays.com\/fr\/516023\/","title":{"rendered":"Brad Pitt d\u00e9voile un mail des avocats d&rsquo;Angelina Jolie, la guerre des ex continue"},"content":{"rendered":"<p>Brad Pitt et Angelina Jolie ont longtemps form\u00e9 l\u2019un des<br \/>\n<strong>couples les plus mythiques d\u2019Hollywood<\/strong>. Apr\u00e8s plus<br \/>\nde dix ans de relation, ils s\u2019\u00e9taient mari\u00e9s en 2014. Mais deux ans<br \/>\nplus tard, <a href=\"https:\/\/www.closermag.fr\/people\/drogue-au-petit-dejeuner-son-divorce-avec-angelina-jolie-la-mis-plus-bas-que-terre-brad-pitt-se-confie-et-cest-choquant-3558141\" target=\"_blank\" rel=\"noopener\"><br \/>\nles deux acteurs ont officialis\u00e9 leur s\u00e9paration<\/a>.<\/p>\n<p>Mais entre <strong>accusations<\/strong>, ventes de biens communs<br \/>\net r\u00e9v\u00e9lations explosives, leur divorce continue d\u2019alimenter les<br \/>\ntribunaux comme la presse people. Aujourd\u2019hui encore, le conflit<br \/>\nautour du Ch\u00e2teau Miraval, leur c\u00e9l\u00e8bre domaine viticole du sud de<br \/>\nla France, ravive les tensions entre les ex-\u00e9poux.<\/p>\n<p>Brad Pitt attaque Angelina Jolie pour 35 millions de<br \/>\ndollars<\/p>\n<p>La bataille judiciaire entre Brad Pitt et Angelina Jolie autour<br \/>\ndu Ch\u00e2teau Miraval conna\u00eet un nouveau rebondissement. D\u2019apr\u00e8s de<br \/>\nnouveaux documents d\u00e9pos\u00e9s au tribunal, l\u2019acteur de 61 ans<br \/>\nr\u00e9clamerait \u00e0 son ex-\u00e9pouse <strong>35 millions de dollars<\/strong><br \/>\nde dommages et int\u00e9r\u00eats. Le 29 octobre dernier, les avocats de Brad<br \/>\nPitt ont ajout\u00e9 au dossier plusieurs \u00e9changes entre les deux camps<br \/>\nconcernant la vente, en 2021, des parts de l\u2019actrice dans le<br \/>\nc\u00e9l\u00e8bre domaine viticole fran\u00e7ais.<\/p>\n<p>Parmi <strong>les pi\u00e8ces vers\u00e9es figure un e-mail de<br \/>\nnovembre<\/strong> 2023 dans lequel les avocats de Jolie r\u00e9pondaient<br \/>\n\u00e0 la plainte d\u00e9pos\u00e9e par l\u2019acteur, \u00e9voquant <a href=\"https:\/\/www.closermag.fr\/people\/angelina-jolie-en-difficulte-financiere-ce-pret-quelle-a-du-demander-a-brad-pitt-apres-leur-rupture-3585997\" target=\"_blank\" rel=\"noopener\"><br \/>\nles lourdes cons\u00e9quences financi\u00e8res du proc\u00e8s<\/a>. \u00ab\u00a0Le<br \/>\ncaract\u00e8re fastidieux de toute production de documents est le<br \/>\nr\u00e9sultat des propres actions de M. Pitt. Il poursuit Mme Jolie pour<br \/>\n35 millions de dollars\u00a0\u00bb, ont alors \u00e9crit les avocats de<br \/>\nl\u2019actrice de 50 ans. Un autre e-mail, dat\u00e9 d\u2019octobre 2023, indique<br \/>\nque la star d\u2019Il \u00e9tait une fois \u00e0 Hollywood cherchait<br \/>\n\u00e9galement \u00e0 <strong>obtenir des compensations pour des<br \/>\n\u00ab\u00a0dommages continus\u00a0\u00bb<\/strong> li\u00e9s aux op\u00e9rations du<br \/>\ndomaine Miraval.<\/p>\n<p>Une guerre judiciaire qui<br \/>\ns\u2019envenime<\/p>\n<p>Les avocats d\u2019Angelina Jolie accusent Brad Pitt de refuser de<br \/>\nfournir des documents relatifs \u00e0 une <strong>clause de<br \/>\nconfidentialit\u00e9<\/strong> cens\u00e9e couvrir \u00ab\u00a0ses inconduites<br \/>\npersonnelles\u00a0\u00bb, estimant que ces \u00e9changes sont essentiels \u00e0<br \/>\nl\u2019affaire. De son c\u00f4t\u00e9, l\u2019\u00e9quipe de Pitt affirme qu\u2019un avocat de<br \/>\nJolie aurait, apr\u00e8s la vente contest\u00e9e de ses parts du <a href=\"https:\/\/www.closermag.fr\/people\/brad-pitt-entre-depressions-et-reglement-de-comptes-la-face-cachee-de-miraval-3555455\" target=\"_blank\" rel=\"noopener\"><br \/>\nCh\u00e2teau Miraval<\/a> au groupe Stoli, propos\u00e9 une clause de<br \/>\nnon-d\u00e9nigrement encore plus large. Jolie conteste cette version et<br \/>\nl\u2019accuse de mener \u00ab\u00a0une guerre vindicative\u00a0\u00bb contre<br \/>\nelle.<\/p>\n<p>L\u2019actrice affirme \u00e9galement que Pitt a refus\u00e9 de la racheter<br \/>\nparce qu\u2019elle ne voulait pas signer un accord de confidentialit\u00e9<br \/>\ndestin\u00e9 \u00e0 \u00ab\u00a0<strong>la r\u00e9duire au silence<\/strong>\u00a0\u00bb \u00e0<br \/>\npropos d\u2019un incident pr\u00e9sum\u00e9 survenu en 2016 lors d\u2019un vol priv\u00e9.<br \/>\nAucune charge n\u2019ayant \u00e9t\u00e9 retenue \u00e0 l\u2019\u00e9poque, le conflit reste vif.<br \/>\nAngelina Jolie invoque aujourd\u2019hui le secret professionnel pour<br \/>\nprot\u00e9ger certains documents, tandis que l\u2019\u00e9quipe de Pitt conteste<br \/>\ncette d\u00e9cision. Une nouvelle audience publique doit se tenir le 17<br \/>\nd\u00e9cembre.<\/p>\n","protected":false},"excerpt":{"rendered":"Brad Pitt et Angelina Jolie ont longtemps form\u00e9 l\u2019un des couples les plus mythiques d\u2019Hollywood. Apr\u00e8s plus de&hellip;\n","protected":false},"author":2,"featured_media":516024,"comment_status":"","ping_status":"","sticky":false,"template":"","format":"standard","meta":{"footnotes":""},"categories":[1359],"tags":[15216,2134,58,59,1011,27,973],"class_list":{"0":"post-516023","1":"post","2":"type-post","3":"status-publish","4":"format-standard","5":"has-post-thumbnail","7":"category-people","8":"tag-angelina-jolie","9":"tag-brad-pitt","10":"tag-divertissement","11":"tag-entertainment","12":"tag-fr","13":"tag-france","14":"tag-people"},"share_on_mastodon":{"url":"https:\/\/pubeurope.com\/@fr\/115503091235242221","error":""},"_links":{"self":[{"href":"https:\/\/www.europesays.com\/fr\/wp-json\/wp\/v2\/posts\/516023","targetHints":{"allow":["GET"]}}],"collection":[{"href":"https:\/\/www.europesays.com\/fr\/wp-json\/wp\/v2\/posts"}],"about":[{"href":"https:\/\/www.europesays.com\/fr\/wp-json\/wp\/v2\/types\/post"}],"author":[{"embeddable":true,"href":"https:\/\/www.europesays.com\/fr\/wp-json\/wp\/v2\/users\/2"}],"replies":[{"embeddable":true,"href":"https:\/\/www.europesays.com\/fr\/wp-json\/wp\/v2\/comments?post=516023"}],"version-history":[{"count":0,"href":"https:\/\/www.europesays.com\/fr\/wp-json\/wp\/v2\/posts\/516023\/revisions"}],"wp:featuredmedia":[{"embeddable":true,"href":"https:\/\/www.europesays.com\/fr\/wp-json\/wp\/v2\/media\/516024"}],"wp:attachment":[{"href":"https:\/\/www.europesays.com\/fr\/wp-json\/wp\/v2\/media?parent=516023"}],"wp:term":[{"taxonomy":"category","embeddable":true,"href":"https:\/\/www.europesays.com\/fr\/wp-json\/wp\/v2\/categories?post=516023"},{"taxonomy":"post_tag","embeddable":true,"href":"https:\/\/www.europesays.com\/fr\/wp-json\/wp\/v2\/tags?post=516023"}],"curies":[{"name":"wp","href":"https:\/\/api.w.org\/{rel}","templated":true}]}}