{"id":516025,"date":"2025-11-06T13:54:11","date_gmt":"2025-11-06T13:54:11","guid":{"rendered":"https:\/\/www.europesays.com\/fr\/516025\/"},"modified":"2025-11-06T13:54:11","modified_gmt":"2025-11-06T13:54:11","slug":"le-pont-de-leurope-de-caillebotte-chef-doeuvre-phare-de-la-nouvelle-exposition-de-lhotel-caumont-a-aix","status":"publish","type":"post","link":"https:\/\/www.europesays.com\/fr\/516025\/","title":{"rendered":"\u00ab\u00a0Le Pont de l\u2019Europe\u00a0\u00bb de Caillebotte, chef-d\u2019\u0153uvre phare de la nouvelle exposition de l\u2019H\u00f4tel Caumont \u00e0 Aix"},"content":{"rendered":"<p>C\u2019est une des \u0153uvres iconiques de l\u2019exposition <a href=\"https:\/\/www.aixenprovence.fr\/Exposition-Regards-d-un-collectionneur-Chefs-d-oeuvre-de-la-collection-d-Oscar\" target=\"_blank\" rel=\"noopener\">\u00ab\u00a0Regards d\u2019un collectionneur, chefs-d\u2019\u0153uvre de la collection d\u2019Oscar Ghez\u00a0\u00bb<\/a>\u00a0au centre d\u2019art Caumont \u00e0 Aix. Tout y semble en mouvement dans une forme de tension \u00e9nigmatique et silencieuse, servie par une structure architecturale d\u2019une grande rigueur. \u00ab\u00a0C\u2019est repr\u00e9sentatif de l\u2019esprit de la collection parce qu\u2019il s\u2019agit d\u2019un Caillebotte (c\u00e9l\u00e8bre aussi pour ses Raboteurs de parquet, NDLR), qu\u2019Oscar Ghez a acquis en\u00a01957, \u00e0 une \u00e9poque o\u00f9 Caillebotte \u00e9tait absolument m\u00e9connu, retrace Emmanuelle Lussiez, directrice des expositions de Culturespaces. On le connaissait alors en tant que grand collectionneur, que m\u00e9c\u00e8ne, mais pas en tant que peintre. Cela montre \u00e0 quel point Oscar Ghez a manifest\u00e9 un go\u00fbt extr\u00eamement visionnaire de collectionneur, qui a su toujours fonctionner \u00e0 la passion et au coup de c\u0153ur.\u00a0\u00bb<\/p>\n<p>\u00ab\u00a0Un v\u00e9ritable coup de ma\u00eetre\u00a0\u00bb<\/p>\n<p>Oscar Ghez l\u2019aurait achet\u00e9 dans une galerie parisienne, \u00ab\u00a0en ne se fiant qu\u2019\u00e0 son \u0153il\u00a0\u00bb\u00a0: \u00ab\u00a0Il \u00e9coutait tr\u00e8s peu les conseils qu\u2019on lui donnait, les avis des marchands ou des critiques, compl\u00e8te Marjorie Klein, conservatrice au mus\u00e9e du Petit Palais \u00e0 Gen\u00e8ve. Derri\u00e8re ses acquisitions, il avait toujours l\u2019id\u00e9e que ce&#8230;<\/p>\n","protected":false},"excerpt":{"rendered":"C\u2019est une des \u0153uvres iconiques de l\u2019exposition \u00ab\u00a0Regards d\u2019un collectionneur, chefs-d\u2019\u0153uvre de la collection d\u2019Oscar Ghez\u00a0\u00bb\u00a0au centre d\u2019art&hellip;\n","protected":false},"author":2,"featured_media":516026,"comment_status":"","ping_status":"","sticky":false,"template":"","format":"standard","meta":{"footnotes":""},"categories":[1358],"tags":[930,17,1348,1384,1385,63681,4374,251,1386,58,59,1011,27,1808,2043,15585,5604],"class_list":{"0":"post-516025","1":"post","2":"type-post","3":"status-publish","4":"format-standard","5":"has-post-thumbnail","7":"category-arts-et-design","8":"tag-le","9":"tag-17","10":"tag-arts","11":"tag-arts-and-design","12":"tag-arts-et-design","13":"tag-caillebotte","14":"tag-chef-doeuvre","15":"tag-culture","16":"tag-design","17":"tag-divertissement","18":"tag-entertainment","19":"tag-fr","20":"tag-france","21":"tag-leurope","22":"tag-nouvelle","23":"tag-phare","24":"tag-pont"},"share_on_mastodon":{"url":"https:\/\/pubeurope.com\/@fr\/115503095050700576","error":""},"_links":{"self":[{"href":"https:\/\/www.europesays.com\/fr\/wp-json\/wp\/v2\/posts\/516025","targetHints":{"allow":["GET"]}}],"collection":[{"href":"https:\/\/www.europesays.com\/fr\/wp-json\/wp\/v2\/posts"}],"about":[{"href":"https:\/\/www.europesays.com\/fr\/wp-json\/wp\/v2\/types\/post"}],"author":[{"embeddable":true,"href":"https:\/\/www.europesays.com\/fr\/wp-json\/wp\/v2\/users\/2"}],"replies":[{"embeddable":true,"href":"https:\/\/www.europesays.com\/fr\/wp-json\/wp\/v2\/comments?post=516025"}],"version-history":[{"count":0,"href":"https:\/\/www.europesays.com\/fr\/wp-json\/wp\/v2\/posts\/516025\/revisions"}],"wp:featuredmedia":[{"embeddable":true,"href":"https:\/\/www.europesays.com\/fr\/wp-json\/wp\/v2\/media\/516026"}],"wp:attachment":[{"href":"https:\/\/www.europesays.com\/fr\/wp-json\/wp\/v2\/media?parent=516025"}],"wp:term":[{"taxonomy":"category","embeddable":true,"href":"https:\/\/www.europesays.com\/fr\/wp-json\/wp\/v2\/categories?post=516025"},{"taxonomy":"post_tag","embeddable":true,"href":"https:\/\/www.europesays.com\/fr\/wp-json\/wp\/v2\/tags?post=516025"}],"curies":[{"name":"wp","href":"https:\/\/api.w.org\/{rel}","templated":true}]}}