{"id":516038,"date":"2025-11-06T14:02:34","date_gmt":"2025-11-06T14:02:34","guid":{"rendered":"https:\/\/www.europesays.com\/fr\/516038\/"},"modified":"2025-11-06T14:02:34","modified_gmt":"2025-11-06T14:02:34","slug":"le-black-friday-en-avant-premiere-creve-lecran-avec-ces-bons-plans-sur-les-tv-4k-et-les-videoprojecteurs-voici-le-top-des-meilleures-offres","status":"publish","type":"post","link":"https:\/\/www.europesays.com\/fr\/516038\/","title":{"rendered":"Le Black Friday en avant-premi\u00e8re cr\u00e8ve l&rsquo;\u00e9cran avec ces bons plans sur les TV 4K et les vid\u00e9oprojecteurs ! Voici le top des meilleures offres"},"content":{"rendered":"<p>Le TV du salon vieillit ? Affiche des couleurs fades ? Crachote un mauvais son ? C\u2019est qu\u2019il est temps de lui dire adieu et de passer \u00e0 du neuf. Pendant la p\u00e9riode pr\u00e9c\u00e9dant le Black Friday, nombre de TV 4K et de vid\u00e9oprojecteurs sont \u00e0 prix tr\u00e8s r\u00e9duit. Voici notre s\u00e9lection des meilleures offres.<\/p>\n<p><a href=\"https:\/\/images.frandroid.com\/wp-content\/uploads\/2025\/11\/pre-black-friday-guide-tv-2.jpg\" target=\"_blank\" class=\"article-content__figure\" rel=\"noopener\"><img fetchpriority=\"high\" decoding=\"async\" loading=\"eager\" width=\"1200\" height=\"675\" src=\"https:\/\/www.europesays.com\/fr\/wp-content\/uploads\/2025\/11\/pre-black-friday-guide-tv-2.jpg\" alt=\"\" class=\"wp-image-2856223 wp-image wp-image\"  \/><\/a><\/p>\n<p>Du 31 octobre au 1er d\u00e9cembre s\u2019encha\u00eeneront <a href=\"https:\/\/www.frandroid.com\/bons-plans\/2849105_cest-le-black-friday-en-avance-voici-les-meilleures-offres-tech-en-direct\" data-type=\"link\" data-id=\"https:\/\/www.frandroid.com\/bons-plans\/2849105_cest-le-black-friday-en-avance-voici-les-meilleures-offres-tech-en-direct\" target=\"_blank\" rel=\"noopener\">le pr\u00e9-Black Friday<\/a>, la Black Week, le Black Friday et le Cyber Monday. Ce qui laisse relativement le temps de faire ses courses de No\u00ebl tout en profitant des vagues de promotions, mais attention non plus \u00e0 ne pas prendre trop de temps \u00e0 prendre une d\u00e9cision. Les bons plans avec du succ\u00e8s se concluent rapidement par une rupture de stock, et cela pourrait \u00eatre le cas pour ces TV 4K et ces vid\u00e9oprojecteurs.<\/p>\n<p>Les 11 meilleures offres du pr\u00e9-Black Friday sur les TV 4K et les vid\u00e9oprojecteurs<\/p>\n<p>Cette s\u00e9lection ne vous inspire rien\u00a0? Vous pouvez toujours jeter un \u0153il \u00e0 nos <a href=\"https:\/\/www.frandroid.com\/guide-dachat\/guides-dachat-tv\" data-type=\"link\" data-id=\"https:\/\/www.frandroid.com\/guide-dachat\/guides-dachat-tv\" target=\"_blank\" rel=\"noopener\">guides d\u2019achat TV et vid\u00e9oprojecteurs<\/a>. En plus de la <a href=\"https:\/\/www.frandroid.com\/guide-dachat\/guides-dachat-tv\/508152_quelle-television-4k-choisir-la-selection-de-la-redaction\" data-type=\"link\" data-id=\"https:\/\/www.frandroid.com\/guide-dachat\/guides-dachat-tv\/508152_quelle-television-4k-choisir-la-selection-de-la-redaction\" target=\"_blank\" rel=\"noopener\">s\u00e9lection des meilleurs TV test\u00e9s par notre r\u00e9daction<\/a>, ainsi que le <a href=\"https:\/\/www.frandroid.com\/guide-dachat\/843269_meilleurs-videoprojecteurs-selection\" data-type=\"link\" data-id=\"https:\/\/www.frandroid.com\/guide-dachat\/843269_meilleurs-videoprojecteurs-selection\" target=\"_blank\" rel=\"noopener\">guide \u00e9quivalent pour les vid\u00e9oprojecteurs<\/a>, nous avons un <a href=\"https:\/\/www.frandroid.com\/guide-dachat\/guides-dachat-tv\/1669623_quelle-tv-pas-chere-choisir-notre-selection-de-petit-prix\" data-type=\"link\" data-id=\"https:\/\/www.frandroid.com\/guide-dachat\/guides-dachat-tv\/1669623_quelle-tv-pas-chere-choisir-notre-selection-de-petit-prix\" target=\"_blank\" rel=\"noopener\">comparatif de TV pas chers<\/a> et bien d\u2019autres encore !<\/p>\n<p>Sony Bravia8 II<\/p>\n<p>Ce t\u00e9l\u00e9viseur Sony Bravia8 II haut de gamme s\u2019essaie \u00e0 la technologie QD-Oled pour l\u2019affichage. <a href=\"https:\/\/www.frandroid.com\/marques\/sony\/2644369_test-du-sony-bravia-8-ii-ce-televiseur-qd-oled-est-il-le-meilleur-choix-de-2025\" target=\"_blank\" rel=\"noopener\">Il en r\u00e9sulte d\u2019apr\u00e8s notre test<\/a> une excellente qualit\u00e9 d\u2019image ainsi qu\u2019une colorim\u00e9trie fid\u00e8le. Pour l\u2019audio, le mod\u00e8le s\u2019appuie sur la technologie Acoustic Surface Audio + afin d\u2019am\u00e9liorer l\u2019immersion audio. En bref, un excellent investissement en cette fin d\u2019ann\u00e9e.<\/p>\n<p><a href=\"https:\/\/images.frandroid.com\/wp-content\/uploads\/2025\/11\/sony-bravia8-ii-pre-black-friday.jpg\" target=\"_blank\" class=\"article-content__figure\" rel=\"noopener\"><img loading=\"lazy\" decoding=\"async\" width=\"1200\" height=\"675\" src=\"https:\/\/www.europesays.com\/fr\/wp-content\/uploads\/2025\/11\/sony-bravia8-ii-pre-black-friday-1200x675.jpg\" alt=\"\" class=\"wp-image-2857547 wp-image\"  \/><\/a><\/p>\n<p>Les points forts du Sony Bravia8 II<\/p>\n<ul class=\"wp-block-list\">\n<li>L\u2019excellente qualit\u00e9 d\u2019image de la dalle QD-Oled<\/li>\n<li>Une technologie Acoustic Surface Audio +<\/li>\n<li>L\u2019interface Google TV <\/li>\n<\/ul>\n<p>Si le TV Sony Bravia8 II est lanc\u00e9 \u00e0 2699 euros sur sa version 65 pouces il est actuellement en promotion. <a href=\"https:\/\/shop.frandroid.com\/7yuiza5d\" target=\"_blank\" rel=\"noreferrer noopener affiliate nofollow\" data-gtm=\"{&quot;event&quot;:&quot;afficlic&quot;,&quot;nom_marchand&quot;:&quot;boulanger&quot;,&quot;nom_produit&quot;:&quot;inconnu&quot;,&quot;categorie_produit&quot;:&quot;inconnu&quot;,&quot;module_produit&quot;:&quot;editolink&quot;,&quot;position_marchand&quot;:0,&quot;texte&quot;:&quot;ce-dernier-est-disponible-a-2299-euros-chez-boulanger&quot;,&quot;offer_url&quot;:&quot;https:\/\/shop.frandroid.com\/7yuiza5d&quot;,&quot;zone&quot;:&quot;contenu-page&quot;}\">Ce dernier est disponible \u00e0 2299 euros chez Boulanger<\/a>. <\/p>\n<p>Philips 65OLED959<\/p>\n<p>Philips est un des leaders sur les dalles Oled 4K, qui plus est avec le fameux Ambilight (ici sur trois c\u00f4t\u00e9s), qui ajoute une dose bienvenue d\u2019immersion. On notera aussi la barre de son int\u00e9gr\u00e9e sign\u00e9e Bowers &amp; Wilkins 5.1.2, parfait pour profiter du Dolby Atmos. La TV sera aussi parfaitement adapt\u00e9e pour le gaming avec toutes les compatibilit\u00e9s n\u00e9cessaire.<\/p>\n<p><a href=\"https:\/\/images.frandroid.com\/wp-content\/uploads\/2025\/11\/philips-65oled959-black-friday.jpg\" target=\"_blank\" class=\"article-content__figure\" rel=\"noopener\"><img loading=\"lazy\" decoding=\"async\" width=\"1200\" height=\"675\" src=\"https:\/\/www.europesays.com\/fr\/wp-content\/uploads\/2025\/11\/philips-65oled959-black-friday-1200x675.jpg\" alt=\"\" class=\"wp-image-2854375 wp-image\"  \/><\/a><\/p>\n<p>Les points forts du PHILIPS 65OLED959<\/p>\n<ul class=\"wp-block-list\">\n<li>Dalle OLED Meta 2.0 et processeur P5 AI Dual<\/li>\n<li>Technologie Ambilight XL sur 3 c\u00f4t\u00e9s\u00a0pour l\u2019immersion<\/li>\n<li>4 ports HDMI, dont 2 ports HDMI 2.1 compatibles 4K 120 Hz<\/li>\n<\/ul>\n<p>Son-video.com n\u2019a pas rigol\u00e9 sur la promotion : la Philips 65OLED959 profite de 50 % de r\u00e9duction et <a href=\"https:\/\/shop.frandroid.com\/t23tgi7k\" target=\"_blank\" rel=\"noreferrer noopener affiliate nofollow\" data-gtm=\"{&quot;event&quot;:&quot;afficlic&quot;,&quot;nom_marchand&quot;:&quot;son_video&quot;,&quot;nom_produit&quot;:&quot;inconnu&quot;,&quot;categorie_produit&quot;:&quot;inconnu&quot;,&quot;module_produit&quot;:&quot;editolink&quot;,&quot;position_marchand&quot;:0,&quot;texte&quot;:&quot;tombe-a-1990-euros&quot;,&quot;offer_url&quot;:&quot;https:\/\/shop.frandroid.com\/t23tgi7k&quot;,&quot;zone&quot;:&quot;contenu-page&quot;}\">tombe \u00e0 1990 euros<\/a> au lieu de 3999 euros, un record.<\/p>\n<p>Xiaomi TV A Pro 55 <\/p>\n<p>Pour ceux \u00e0 la recherche d\u2019un mod\u00e8le de t\u00e9l\u00e9viseur pas cher, le Xiaomi TV A Pro dans sa version 55 pouces peut vous int\u00e9resser. <a href=\"https:\/\/www.frandroid.com\/marques\/xiaomi\/2656015_test-du-xiaomi-tv-a-pro-2026-ce-televiseur-va-t-il-vous-surprendre\" target=\"_blank\" rel=\"noopener\">Ce t\u00e9l\u00e9viseur que Frandroid a test\u00e9<\/a>, brille par son excellent rapport qualit\u00e9\/prix. L\u2019interface Google TV offre de nombreuses applications pour profiter au mieux des divers contenus de SVoD. <\/p>\n<p><a href=\"https:\/\/images.frandroid.com\/wp-content\/uploads\/2025\/11\/xiaomi-tv-a-pro-55-pre-black-friday-1.jpg\" target=\"_blank\" class=\"article-content__figure\" rel=\"noopener\"><img loading=\"lazy\" decoding=\"async\" width=\"1200\" height=\"675\" src=\"https:\/\/www.europesays.com\/fr\/wp-content\/uploads\/2025\/11\/xiaomi-tv-a-pro-55-pre-black-friday-1-1200x675.jpg\" alt=\"\" class=\"wp-image-2857603 wp-image\"  \/><\/a><\/p>\n<p>Les points forts du Xiaomi TV A Pro 55<\/p>\n<ul class=\"wp-block-list\">\n<li>Sa qualit\u00e9 construction<\/li>\n<li>La compatibilit\u00e9 HDR10 + et le mode Filmmaker<\/li>\n<li>Une dalle QLED pour ce prix<\/li>\n<\/ul>\n<p>Sur le site officiel de Xiaomi, le TV A Pro 55 est disponible en promotion. <a href=\"https:\/\/shop.frandroid.com\/acsivz5l\" target=\"_blank\" rel=\"noreferrer noopener affiliate nofollow\" data-gtm=\"{&quot;event&quot;:&quot;afficlic&quot;,&quot;nom_marchand&quot;:&quot;xiaomi&quot;,&quot;nom_produit&quot;:&quot;inconnu&quot;,&quot;categorie_produit&quot;:&quot;inconnu&quot;,&quot;module_produit&quot;:&quot;editolink&quot;,&quot;position_marchand&quot;:0,&quot;texte&quot;:&quot;au-lieu-des-569-euros-habituellement-demandes-le-televiseur-est-a-449-euros&quot;,&quot;offer_url&quot;:&quot;https:\/\/shop.frandroid.com\/acsivz5l&quot;,&quot;zone&quot;:&quot;contenu-page&quot;}\">Au lieu des 569 euros habituellement demand\u00e9s, le t\u00e9l\u00e9viseur est \u00e0 449 euros<\/a>. En suppl\u00e9ment, vous avez droit gratuitement \u00e0 une TV Box de 2nd g\u00e9n\u00e9ration et une Xiaomi Outdoor camera AW300.<\/p>\n<p>Hisense 100U7Q<\/p>\n<p>Si vous avez un salon ou une cave am\u00e9nag\u00e9e en salle de cin\u00e9ma personnelle adapt\u00e9e pour accueillir une dalle de 100 pouces (soit 2,53 m\u00e8tres de diagonale), alors cette promotion tombe bien. Le Hisense 100U7Q concentre nombre de technologies avanc\u00e9es et prend en charge nombre de formats vid\u00e9o et audio. Dolby Vision, HDR10, Dolby Atmos et DTS:X sont, entre autres, de la partie. Un TV g\u00e9ant tout indiqu\u00e9 pour regarder films et s\u00e9ries mais aussi jouer en 4K 120 FPS avec sa console de salon.<\/p>\n<p><a href=\"https:\/\/images.frandroid.com\/wp-content\/uploads\/2025\/10\/hisense-100u7q.jpg\" target=\"_blank\" class=\"article-content__figure\" rel=\"noopener\"><img loading=\"lazy\" decoding=\"async\" width=\"1200\" height=\"675\" src=\"https:\/\/www.europesays.com\/fr\/wp-content\/uploads\/2025\/10\/hisense-100u7q-1200x675.jpg\" alt=\"\" class=\"wp-image-2849205 wp-image\"  \/><\/a><\/p>\n<p>Les points forts du Hisense 100U7Q<\/p>\n<ul class=\"wp-block-list\">\n<li>Une dalle Mini-LED de 100 pouces en 4K avec HDR10 et Dolby Vision<\/li>\n<li>Quatre ports HDMI 2.1, fr\u00e9quence optimis\u00e9e de 240 Hz<\/li>\n<li>Un syst\u00e8me audio de 50 W avec DTS:X et Dolby Atmos<\/li>\n<\/ul>\n<p>Au lieu de 2 490 euros, le Hisense 100U7Q est aujourd\u2019hui disponible <a href=\"https:\/\/shop.frandroid.com\/vh2rw3fv\" data-type=\"link\" data-id=\"https:\/\/www.boulanger.com\/ref\/1222660\" target=\"_blank\" rel=\"noreferrer noopener affiliate nofollow\" data-gtm=\"{&quot;event&quot;:&quot;afficlic&quot;,&quot;nom_marchand&quot;:&quot;boulanger&quot;,&quot;nom_produit&quot;:&quot;inconnu&quot;,&quot;categorie_produit&quot;:&quot;inconnu&quot;,&quot;module_produit&quot;:&quot;editolink&quot;,&quot;position_marchand&quot;:0,&quot;texte&quot;:&quot;en-promotion-a-1-999-euros&quot;,&quot;offer_url&quot;:&quot;https:\/\/shop.frandroid.com\/vh2rw3fv&quot;,&quot;zone&quot;:&quot;contenu-page&quot;}\">en promotion \u00e0 1 999 euros<\/a> sur Boulanger.<\/p>\n<p>Samsung The Premiere SP-LPU7D<\/p>\n<p>Envie de passer aux vid\u00e9oprojecteurs ? Pour un mod\u00e8le haut de gamme avec r\u00e9solution 4K, mode gaming, focale ultra-courte et mise au point automatique, il y a le Samsung The Premiere SP-LPU7D. Un bel appareil \u00e0 la qualit\u00e9 d\u2019image excellente et encore plus recommandable avec cette r\u00e9duction de 500 euros.<\/p>\n<p><a href=\"https:\/\/images.frandroid.com\/wp-content\/uploads\/2025\/10\/samsung-the-premiere-7-black-friday-2025.jpg\" target=\"_blank\" class=\"article-content__figure\" rel=\"noopener\"><img loading=\"lazy\" decoding=\"async\" width=\"1200\" height=\"675\" src=\"https:\/\/www.europesays.com\/fr\/wp-content\/uploads\/2025\/11\/samsung-the-premiere-7-black-friday-2025-1200x675.jpg\" alt=\"\" class=\"wp-image-2849051 wp-image\"  \/><\/a><\/p>\n<p>Les points forts du Samsung The Premiere SP-LPU7D<\/p>\n<ul class=\"wp-block-list\">\n<li>Projection DLP en 4K pour des contrastes \u00e9lev\u00e9s<\/li>\n<li>Une luminosit\u00e9 de 2 400 lumens maximum et le mode HDR<\/li>\n<li>Focale ultra-courte (moins de 30 cm) et mise au point automatique<\/li>\n<\/ul>\n<p>Au lieu de 1 999 euros, le Samsung The Premiere SP-LPU7D est aujourd\u2019hui disponible <a href=\"https:\/\/shop.frandroid.com\/6kym0c9z\" data-type=\"link\" data-id=\"https:\/\/www.boulanger.com\/ref\/1211480\" target=\"_blank\" rel=\"noreferrer noopener affiliate nofollow\" data-gtm=\"{&quot;event&quot;:&quot;afficlic&quot;,&quot;nom_marchand&quot;:&quot;boulanger&quot;,&quot;nom_produit&quot;:&quot;inconnu&quot;,&quot;categorie_produit&quot;:&quot;inconnu&quot;,&quot;module_produit&quot;:&quot;editolink&quot;,&quot;position_marchand&quot;:0,&quot;texte&quot;:&quot;en-promotion-a-1-499-euros&quot;,&quot;offer_url&quot;:&quot;https:\/\/shop.frandroid.com\/6kym0c9z&quot;,&quot;zone&quot;:&quot;contenu-page&quot;}\">en promotion \u00e0 1 499 euros<\/a> sur Boulanger.<\/p>\n<p>Sachez \u00e9galement que son petit fr\u00e8re tout aussi impressionnant, le Samsung The Premiere SP-LPF5D, est lui aussi <a href=\"https:\/\/shop.frandroid.com\/u52cja1z\" data-type=\"link\" data-id=\"https:\/\/www.samsung.com\/fr\/projectors\/the-premiere\/the-premiere-lpf5d-touch-interaction-projector-sp-lpf5dsaxxxe\/\" target=\"_blank\" rel=\"noreferrer noopener affiliate nofollow\" data-gtm=\"{&quot;event&quot;:&quot;afficlic&quot;,&quot;nom_marchand&quot;:&quot;samsung&quot;,&quot;nom_produit&quot;:&quot;inconnu&quot;,&quot;categorie_produit&quot;:&quot;inconnu&quot;,&quot;module_produit&quot;:&quot;editolink&quot;,&quot;position_marchand&quot;:0,&quot;texte&quot;:&quot;en-promotion-a-1-090-euros&quot;,&quot;offer_url&quot;:&quot;https:\/\/shop.frandroid.com\/u52cja1z&quot;,&quot;zone&quot;:&quot;contenu-page&quot;}\">en promotion \u00e0 1 090 euros<\/a> au lieu de 1 299 euros en boutique officielle.<\/p>\n<p>Samsung TQ55QN83F<\/p>\n<p>Faisant partie de la cuv\u00e9e 2025 de Samsung, la gamme QN83F r\u00e9unit une nouvelle g\u00e9n\u00e9ration Neo QLED qui m\u00eale les technologies Mini LED et QLED. De quoi profiter d\u2019une qualit\u00e9 d\u2019image sublime, notamment avec la d\u00e9finition 4K et une fr\u00e9quence optimis\u00e9e de 144 Hz. Enfin, les ports HDMI 2.1 permettent de jouer en 4K 120 FPS avec sa console de salon.<\/p>\n<p><a href=\"https:\/\/images.frandroid.com\/wp-content\/uploads\/2025\/10\/samsung-tq55qn83f.jpg\" target=\"_blank\" class=\"article-content__figure\" rel=\"noopener\"><img loading=\"lazy\" decoding=\"async\" width=\"1200\" height=\"675\" src=\"https:\/\/www.europesays.com\/fr\/wp-content\/uploads\/2025\/11\/samsung-tq55qn83f-1200x675.jpg\" alt=\"\" class=\"wp-image-2849209 wp-image\"  \/><\/a><\/p>\n<p>Les points forts du Samsung TQ55QN83F<\/p>\n<ul class=\"wp-block-list\">\n<li>Dalle Neo QLED de 55 pouces, avec 4K, HDR10 et FilmMaker<\/li>\n<li>Tizen OS avec 7 ann\u00e9es de mises \u00e0 jour<\/li>\n<li>Des ports HDMI 2.1 parfaits pour les barres de son et consoles de salon<\/li>\n<\/ul>\n<p>Au lieu de 999 euros, le Samsung TQ55QN83F est aujourd\u2019hui disponible <a href=\"https:\/\/shop.frandroid.com\/jpckzwzm\" data-type=\"link\" data-id=\"https:\/\/www.boulanger.com\/ref\/1221593\" target=\"_blank\" rel=\"noreferrer noopener affiliate nofollow\" data-gtm=\"{&quot;event&quot;:&quot;afficlic&quot;,&quot;nom_marchand&quot;:&quot;boulanger&quot;,&quot;nom_produit&quot;:&quot;inconnu&quot;,&quot;categorie_produit&quot;:&quot;inconnu&quot;,&quot;module_produit&quot;:&quot;editolink&quot;,&quot;position_marchand&quot;:0,&quot;texte&quot;:&quot;en-promotion-a-799-euros&quot;,&quot;offer_url&quot;:&quot;https:\/\/shop.frandroid.com\/jpckzwzm&quot;,&quot;zone&quot;:&quot;contenu-page&quot;}\">en promotion \u00e0 799 euros<\/a> sur Boulanger.<\/p>\n<p>Philips NeoPix 200<\/p>\n<p>Si les vid\u00e9oprojecteurs haut de gamme sont un bon investissement, les NeoPix de Philips, beaucoup plus abordables, valent \u00e9galement le coup d\u2019\u0153il. On ne retrouve \u00e9videmment pas les m\u00eames technologies, ni la m\u00eame qualit\u00e9 d\u2019image, mais son prix en fait d\u00e9j\u00e0 une bonne affaire.<\/p>\n<p><a href=\"https:\/\/images.frandroid.com\/wp-content\/uploads\/2025\/10\/philips-neopix-200-3.jpg\" target=\"_blank\" class=\"article-content__figure\" rel=\"noopener\"><img loading=\"lazy\" decoding=\"async\" width=\"1200\" height=\"675\" src=\"https:\/\/www.europesays.com\/fr\/wp-content\/uploads\/2025\/10\/philips-neopix-200-3-1200x675.jpg\" alt=\"\" class=\"wp-image-2849211 wp-image\"  \/><\/a><\/p>\n<p>Les points forts du Philips NeoPix 200<\/p>\n<ul class=\"wp-block-list\">\n<li>Une projection en Full HD<\/li>\n<li>Une luminosit\u00e9 de 200 lumens<\/li>\n<li>Son format compact et l\u00e9ger<\/li>\n<\/ul>\n<p>Au lieu de 149 euros, le Philips NeoPix 200 est aujourd\u2019hui disponible <a href=\"https:\/\/shop.frandroid.com\/sivvs5k9\" data-type=\"link\" data-id=\"https:\/\/www.boulanger.com\/ref\/1211826\" target=\"_blank\" rel=\"noreferrer noopener affiliate nofollow\" data-gtm=\"{&quot;event&quot;:&quot;afficlic&quot;,&quot;nom_marchand&quot;:&quot;boulanger&quot;,&quot;nom_produit&quot;:&quot;inconnu&quot;,&quot;categorie_produit&quot;:&quot;inconnu&quot;,&quot;module_produit&quot;:&quot;editolink&quot;,&quot;position_marchand&quot;:0,&quot;texte&quot;:&quot;en-promotion-a-119-euros&quot;,&quot;offer_url&quot;:&quot;https:\/\/shop.frandroid.com\/sivvs5k9&quot;,&quot;zone&quot;:&quot;contenu-page&quot;}\">en promotion \u00e0 119 euros<\/a> sur Boulanger.<\/p>\n<p>LG 65QNED86A<\/p>\n<p>D\u00e9voil\u00e9e d\u00e9but 2024, la s\u00e9rie QNED86 de LG utilise non seulement la technologie Quantum Dot NanoCell Color, mais aussi la technologie de r\u00e9tro\u00e9clairage Mini-LED. La marque promet que ce combo donne des couleurs \u00e9clatantes, une luminosit\u00e9 \u00e9lev\u00e9e et des noirs tr\u00e8s profonds. Autant dire qu\u2019on tient l\u00e0 un concurrent certain de l\u2019OLED.<\/p>\n<p><a href=\"https:\/\/images.frandroid.com\/wp-content\/uploads\/2025\/10\/lg-65qned86a-black-friday-frandroid.jpg\" target=\"_blank\" class=\"article-content__figure\" rel=\"noopener\"><img loading=\"lazy\" decoding=\"async\" width=\"1200\" height=\"675\" src=\"https:\/\/www.europesays.com\/fr\/wp-content\/uploads\/2025\/11\/lg-65qned86a-black-friday-frandroid-1200x675.jpg\" alt=\"\" class=\"wp-image-2849117 wp-image\"  \/><\/a><\/p>\n<p>Les points forts du LG 65QNED86A<\/p>\n<ul class=\"wp-block-list\">\n<li>Une dalle QNED Mini LED 4K de 65 pouces<\/li>\n<li>Compatible Dolby Vision IQ, Dolby Atmos et DTS:X<\/li>\n<li>Deux ports HDMI 2.1<\/li>\n<\/ul>\n<p>Au lieu de 899 euros, le LG 65QNED86A est aujourd\u2019hui disponible en promotion <a href=\"https:\/\/shop.frandroid.com\/ilzg7dma\" data-type=\"link\" data-id=\"https:\/\/www.boulanger.com\/ref\/1220715\" target=\"_blank\" rel=\"noreferrer noopener affiliate nofollow\" data-gtm=\"{&quot;event&quot;:&quot;afficlic&quot;,&quot;nom_marchand&quot;:&quot;boulanger&quot;,&quot;nom_produit&quot;:&quot;inconnu&quot;,&quot;categorie_produit&quot;:&quot;inconnu&quot;,&quot;module_produit&quot;:&quot;editolink&quot;,&quot;position_marchand&quot;:0,&quot;texte&quot;:&quot;a-749-euros&quot;,&quot;offer_url&quot;:&quot;https:\/\/shop.frandroid.com\/ilzg7dma&quot;,&quot;zone&quot;:&quot;contenu-page&quot;}\">\u00e0 749 euros<\/a> sur Boulanger.<\/p>\n<p>Hisense 55E79Q PRO<\/p>\n<p>Dans la cat\u00e9gorie des petits prix, la Hisense 55E79Q PRO est un bon choix en mati\u00e8re de compromis : dalle QLED, fr\u00e9quence de 144 Hz, traitements HDR10 et Dolby Vision\u2026 Ce TV a une fiche technique assez compl\u00e8te au vu de son prix. Une bonne alternative pour les budgets limit\u00e9s.<\/p>\n<p><a href=\"https:\/\/images.frandroid.com\/wp-content\/uploads\/2025\/10\/hisense-55e79q-pro.jpg\" target=\"_blank\" class=\"article-content__figure\" rel=\"noopener\"><img loading=\"lazy\" decoding=\"async\" width=\"1200\" height=\"675\" src=\"https:\/\/www.europesays.com\/fr\/wp-content\/uploads\/2025\/11\/hisense-55e79q-pro-1200x675.jpg\" alt=\"\" class=\"wp-image-2849213 wp-image\"  \/><\/a><\/p>\n<p>Les points forts du Hisense 55E79Q PRO<\/p>\n<ul class=\"wp-block-list\">\n<li>Dalle QLED 4K de 55 pouces avec traitements HDR10<\/li>\n<li>Ports HDMI 2.1 et rafra\u00eechissement de 144 Hz<\/li>\n<li>Compatibilit\u00e9 avec Dolby Atmos et DTS:X<\/li>\n<\/ul>\n<p>Au lieu de 479 euros, le Hisense 55E79Q PRO est aujourd\u2019hui disponible <a href=\"https:\/\/shop.frandroid.com\/ztjoysjg\" data-type=\"link\" data-id=\"https:\/\/www.boulanger.com\/ref\/1222485\" target=\"_blank\" rel=\"noreferrer noopener affiliate nofollow\" data-gtm=\"{&quot;event&quot;:&quot;afficlic&quot;,&quot;nom_marchand&quot;:&quot;boulanger&quot;,&quot;nom_produit&quot;:&quot;inconnu&quot;,&quot;categorie_produit&quot;:&quot;inconnu&quot;,&quot;module_produit&quot;:&quot;editolink&quot;,&quot;position_marchand&quot;:0,&quot;texte&quot;:&quot;en-promotion-a-449-euros&quot;,&quot;offer_url&quot;:&quot;https:\/\/shop.frandroid.com\/ztjoysjg&quot;,&quot;zone&quot;:&quot;contenu-page&quot;}\">en promotion \u00e0 429 euros<\/a> sur Boulanger.<\/p>\n<p>Black Friday 2025 : pour ne rien rater des offres en avant-premi\u00e8re<\/p>\n<p>Le v\u00e9ritable Black Friday ne commencera que le 28 novembre prochain, mais les e-commer\u00e7ants ont d\u00e9j\u00e0 partag\u00e9 des offres en avance. Une aubaine si vous voulez anticiper vos achats de fin d\u2019ann\u00e9e. <\/p>\n<p>Si vous n\u2019avez pas trouv\u00e9 votre bonheur dans les s\u00e9lections pr\u00e9c\u00e9demment cit\u00e9es, voici ce qu\u2019il vous reste \u00e0 faire : <\/p>\n<ul class=\"wp-block-list\">\n<li>Suivez notre compte X\u00a0<a href=\"https:\/\/twitter.com\/FrandroidPromos\" target=\"_blank\" rel=\"noreferrer noopener\">@FrandroidPromos<\/a> uniquement d\u00e9di\u00e9 aux bons plans (pensez \u00e0 activer la cloche pour recevoir les notifications en temps r\u00e9el)<\/li>\n<li><a href=\"https:\/\/whatsapp.com\/channel\/0029VabYxm5LI8YhSlD8xc05\" target=\"_blank\" rel=\"noreferrer noopener\">Rejoignez notre canal WhatsApp<\/a> pour recevoir une fois par jour un condens\u00e9 des meilleures offres<\/li>\n<li>T\u00e9l\u00e9chargez notre <a href=\"https:\/\/www.frandroid.com\/telecharger\/apps\/frandroid\" target=\"_blank\" rel=\"noreferrer noopener\">application Frandroid<\/a> (disponible sur iOS et Android) pour activer les notifications de la cat\u00e9gorie \u00ab Bons Plans \u00bb et ainsi recevoir en temps r\u00e9el les nouveaux articles li\u00e9s aux Black Friday 2025<\/li>\n<li>Abonnez-vous \u00e0 notre newsletter pour \u00eatre s\u00fbr de recevoir les offres en avant-premi\u00e8re (pas plus d\u2019un mail par jour, d\u00e9sinscription en 1 clic, aucune diffusion \u00e0 des tiers) :<\/li>\n<\/ul>\n<p class=\"newsletter-form__title is-size-6 is-size-7-mobile is-uppercase has-text-good-deals has-text-weight-semibold mb-4 px-5\">Frandroid Bons plans<\/p>\n<p class=\"has-text-centered-tablet newsletter-form__subtitle is-size-4 has-text-weight-bold has-text-primary column is-9-tablet is-10-mobile\">\n                C\u2019est enregistr\u00e9 ! Surveillez votre bo\u00eete aux lettres, vous allez entendre parler de nous\u00a0!\n            <\/p>\n<p class=\"newsletter-form__subtitle is-size-4 has-text-weight-bold has-text-gradient-pink\">Ne manquez aucun bon plan avec notre newsletter<\/p>\n<p class=\"is-size-7\">\n                Les donn\u00e9es transmises par le biais de ce formulaire sont destin\u00e9es \u00e0 Humanoid,<br \/>\n                soci\u00e9t\u00e9 \u00e9ditrice du site Frandroid en sa qualit\u00e9 de responsable de traitement.<br \/>\n                Elles ne seront en aucun cas c\u00e9d\u00e9es \u00e0 des tiers. Ces donn\u00e9es sont trait\u00e9es sous r\u00e9serve d\u2019obtention de<br \/>\n                votre consentement pour vous envoyer par e-mail des actualit\u00e9s et informations relatives aux contenus<br \/>\n                \u00e9ditoriaux publi\u00e9s sur Frandroid. Vous pouvez vous opposer \u00e0 tout moment \u00e0 ces e-mails<br \/>\n                en cliquant sur les liens de d\u00e9sinscriptions pr\u00e9sents dans chacun d\u2019eux. Pour plus d\u2019informations, vous<br \/>\n                pouvez consulter l\u2019int\u00e9gralit\u00e9 de notre <a href=\"https:\/\/www.frandroid.com\/politique-donnees-personnelles\" target=\"_blank\" rel=\"noopener\"><br \/>\n                politique de traitement de vos donn\u00e9es personnelles<\/a>.<br \/>\n                Vous disposez d\u2019un droit d\u2019acc\u00e8s, de rectification, d\u2019effacement, de limitation, de portabilit\u00e9 et<br \/>\n                d\u2019opposition pour motif l\u00e9gitime aux donn\u00e9es personnelles vous concernant. Pour exercer l\u2019un de ces droits,<br \/>\n                merci d\u2019effectuer votre demande via notre <a href=\"https:\/\/www.frandroid.com\/contact\/#RGPD\" target=\"_blank\" rel=\"noopener\">formulaire<br \/>\n                de demandes d\u2019exercices de droits d\u00e9di\u00e9<\/a>.\n            <\/p>\n<p>            <script async src=\"https:\/\/platform.twitter.com\/widgets.js\" charset=\"utf-8\"><\/script><\/p>\n","protected":false},"excerpt":{"rendered":"Le TV du salon vieillit ? Affiche des couleurs fades ? Crachote un mauvais son ? C\u2019est qu\u2019il&hellip;\n","protected":false},"author":2,"featured_media":516039,"comment_status":"","ping_status":"","sticky":false,"template":"","format":"standard","meta":{"footnotes":""},"categories":[7],"tags":[62374,201,3042,1042,18822,10400,907,1011,27,63682,63683,63684,63685,63686,43,40,41,39,42,44],"class_list":{"0":"post-516038","1":"post","2":"type-post","3":"status-publish","4":"format-standard","5":"has-post-thumbnail","7":"category-sciences-et-technologies","8":"tag-black-friday-2025","9":"tag-bons-plans-amazon","10":"tag-bons-plans-boulanger","11":"tag-bons-plans-samsung","12":"tag-bons-plans-son-video","13":"tag-bons-plans-ubaldi","14":"tag-bons-plans-xiaomi","15":"tag-fr","16":"tag-france","17":"tag-hisense-100u7q","18":"tag-lg-65qned86a","19":"tag-philips-neopix-200","20":"tag-samsung-the-premiere-5","21":"tag-samsung-the-premiere-7","22":"tag-science","23":"tag-science-and-technology","24":"tag-sciences","25":"tag-sciences-et-technologies","26":"tag-technologies","27":"tag-technology"},"share_on_mastodon":{"url":"https:\/\/pubeurope.com\/@fr\/115503127016964499","error":""},"_links":{"self":[{"href":"https:\/\/www.europesays.com\/fr\/wp-json\/wp\/v2\/posts\/516038","targetHints":{"allow":["GET"]}}],"collection":[{"href":"https:\/\/www.europesays.com\/fr\/wp-json\/wp\/v2\/posts"}],"about":[{"href":"https:\/\/www.europesays.com\/fr\/wp-json\/wp\/v2\/types\/post"}],"author":[{"embeddable":true,"href":"https:\/\/www.europesays.com\/fr\/wp-json\/wp\/v2\/users\/2"}],"replies":[{"embeddable":true,"href":"https:\/\/www.europesays.com\/fr\/wp-json\/wp\/v2\/comments?post=516038"}],"version-history":[{"count":0,"href":"https:\/\/www.europesays.com\/fr\/wp-json\/wp\/v2\/posts\/516038\/revisions"}],"wp:featuredmedia":[{"embeddable":true,"href":"https:\/\/www.europesays.com\/fr\/wp-json\/wp\/v2\/media\/516039"}],"wp:attachment":[{"href":"https:\/\/www.europesays.com\/fr\/wp-json\/wp\/v2\/media?parent=516038"}],"wp:term":[{"taxonomy":"category","embeddable":true,"href":"https:\/\/www.europesays.com\/fr\/wp-json\/wp\/v2\/categories?post=516038"},{"taxonomy":"post_tag","embeddable":true,"href":"https:\/\/www.europesays.com\/fr\/wp-json\/wp\/v2\/tags?post=516038"}],"curies":[{"name":"wp","href":"https:\/\/api.w.org\/{rel}","templated":true}]}}