{"id":516044,"date":"2025-11-06T14:05:12","date_gmt":"2025-11-06T14:05:12","guid":{"rendered":"https:\/\/www.europesays.com\/fr\/516044\/"},"modified":"2025-11-06T14:05:12","modified_gmt":"2025-11-06T14:05:12","slug":"les-terribles-conditions-de-detention-de-cecile-kohler-et-jacques-paris-racontees-par-leurs-familles","status":"publish","type":"post","link":"https:\/\/www.europesays.com\/fr\/516044\/","title":{"rendered":"Les terribles conditions de d\u00e9tention de C\u00e9cile Kohler et Jacques Paris racont\u00e9es par leurs familles"},"content":{"rendered":"<p>        <img decoding=\"async\" loading=\"lazy\" src=\"https:\/\/www.europesays.com\/fr\/wp-content\/uploads\/2025\/11\/30add6a_upload-1-hiz0jjxyghwh-kddd.jpg\"  width=\"728\" height=\"409\" alt=\"No\u00e9mie Kohler et Anne-Laure Paris sur le plateau du \u00ab\u00a020\u00a0Heures\u00a0\u00bb de France 2, le 5\u00a0novembre 2025.\"\/>  <\/p>\n<p>France 2<\/p>\n<p>No\u00e9mie Kohler et Anne-Laure Paris sur le plateau du \u00ab\u00a020\u00a0Heures\u00a0\u00bb de France 2, le 5\u00a0novembre 2025.<\/p>\n<p class=\"asset asset-text\">IRAN &#8211; C\u00e9cile Kohler et Jacques Paris vivent, depuis mardi 4\u00a0novembre, leurs premi\u00e8res heures <a href=\"https:\/\/www.huffingtonpost.fr\/international\/video\/pourquoi-la-liberation-de-cecile-kohler-et-jacques-paris-n-est-pas-definitive-selon-le-quai-d-orsay_256777.html\" target=\"_blank\" rel=\"noopener\">de semi-libert\u00e9 \u00e0 l\u2019ambassade de France \u00e0 T\u00e9h\u00e9ran<\/a>. Le couple fran\u00e7ais sorti de prison attend d\u00e9sormais de pouvoir quitter le pays \u00e0 une date inconnue, que l\u2019Iran semble vouloir lier au sort d\u2019<a href=\"https:\/\/www.huffingtonpost.fr\/international\/article\/mahdieh-esfandiari-l-iranienne-dont-le-sort-joue-sur-l-avenir-de-cecile-kohler-et-jacques-paris_256796.html\" target=\"_blank\" rel=\"noopener\">une de ses ressortissantes<\/a> poursuivie par la justice fran\u00e7aise.<\/p>\n<p class=\"asset asset-text\">Depuis <a href=\"https:\/\/www.huffingtonpost.fr\/international\/article\/iran-cecile-kohler-et-jacques-paris-liberes-annonce-macron_256774.html\" target=\"_blank\" rel=\"noopener\">cette lib\u00e9ration de prison<\/a>, des membres des familles des deux ex-otages se sont exprim\u00e9s dans les m\u00e9dias, racontant des conditions de d\u00e9tention terribles, pendant 1\u00a0277\u00a0jours.<\/p>\n<p class=\"asset asset-text\">\u00ab\u00a0Mon p\u00e8re \u00e9tait \u00e0 l\u2019isolement, ils ne pouvaient pas se voir [avec C\u00e9cile Kohler]. En 24\u00a0heures, ils nous a parl\u00e9 plus qu\u2019en trois ans et demi\u00a0\u00bb, a ainsi confi\u00e9 sa fille Anne-Laure, au 20\u00a0Heures de France 2\u00a0mercredi 5\u00a0novembre.<\/p>\n<p class=\"asset asset-text\">Chacun des deux otages \u00e9tait enferm\u00e9 dans une petite cellule de 9\u00a0m2 avec plusieurs autres d\u00e9tenus, o\u00f9 il n\u2019y avait pas de lumi\u00e8re du jour. Juste une petite ampoule qui restait allum\u00e9e en permanence. \u00c0 l\u2019int\u00e9rieur, pas de lit, de table ni de chaise.<\/p>\n<p class=\"asset asset-text\">Dans ce contexte, \u00ab\u00a0mon p\u00e8re a trouv\u00e9 des ressources pour tenir\u00a0\u00bb, cherchant \u00e0 s\u2019\u00e9puiser pour trouver le sommeil. \u00ab\u00a0Ce n\u2019est pas par plaisir mais par n\u00e9cessit\u00e9 qu\u2019il faisait six heures de sport par jour pour se fatiguer et r\u00e9ussir \u00e0 dormir. Il courait sur place, car il n\u2019y avait pas la place de courir\u00a0\u00bb, raconte Anne-Laure Paris.<\/p>\n<p>    L\u2019Odyss\u00e9e d\u2019Hom\u00e8re    <\/p>\n<p class=\"asset asset-text\">C\u00e9cile Kohler avait trois livres pour tenir, dont L\u2019Odyss\u00e9e d\u2019Hom\u00e8re. Elle l\u2019apprenait \u00ab\u00a0par c\u0153ur progressivement tous les jours\u00a0\u00bb, t\u00e9moigne sa s\u0153ur No\u00e9mie face \u00e0 <a href=\"https:\/\/www.huffingtonpost.fr\/medias\/article\/le-20h-c-est-elle-donc-quand-ca-merde-pourquoi-lea-salame-est-autant-critiquee_256114.html\" target=\"_blank\" rel=\"noopener\">L\u00e9a Salam\u00e9<\/a>. \u00ab\u00a0Elle \u00e9tait vraiment toujours dans une recherche de ressources pour pouvoir tenir. Elle n\u2019a jamais eu de quoi \u00e9crire [\u2026]. Elle \u00e9crivait des po\u00e8mes dans sa t\u00eate\u00a0\u00bb, glisse-t-elle encore.<\/p>\n<p> La lecture de ce contenu est susceptible d\u2019entra\u00eener un d\u00e9p\u00f4t de cookies de la part de l\u2019op\u00e9rateur tiers qui l\u2019h\u00e9berge. Compte-tenu des choix que vous avez exprim\u00e9s en mati\u00e8re de d\u00e9p\u00f4t de cookies, nous avons bloqu\u00e9 l\u2019affichage de ce contenu. Si vous souhaitez y acc\u00e9der, vous devez accepter la cat\u00e9gorie de cookies \u201cContenus tiers\u201d en cliquant sur le bouton ci-dessous. <\/p>\n<p> Lire la Vid\u00e9o        <\/p>\n<p class=\"asset asset-text\">En prison, le couple a eu le droit \u00e0 30 minutes de sortie seulement trois fois par semaine, <a href=\"https:\/\/www.leparisien.fr\/international\/iran\/de-la-torture-quelles-etaient-les-conditions-inhumaines-de-detention-de-cecile-kohler-et-jacques-paris-en-iran-05-11-2025-3TBC6L5TRRG3BOEAPONTJN2ARQ.php\" target=\"_blank\" rel=\"noopener\" title=\"Nouvelle fen\u00eatre\">note Le Parisien<\/a>. Pour tout contact avec l\u2019ext\u00e9rieur, ils n\u2019ont eu droit qu\u2019\u00e0 de br\u00e8ves visites consulaires, et de rares \u00e9changes surveill\u00e9s lors de brefs appels t\u00e9l\u00e9phoniques de mauvaise qualit\u00e9 avec leur famille.<\/p>\n<p class=\"asset asset-text\">\u00ab\u00a0Jacques Paris\u00a0est sans doute celui sur lequel s\u2019abat l\u2019acharnement le plus dur. Il a 71\u00a0ans, dort sur des couvertures, n\u2019a re\u00e7u que huit livres depuis le d\u00e9but de sa d\u00e9tention\u00a0\u00bb, avait d\u00e9j\u00e0 t\u00e9moign\u00e9 No\u00e9mie Kohler le 5\u00a0mars dernier devant la commission des Affaires \u00e9trang\u00e8res du S\u00e9nat.<\/p>\n<p>    \u00ab\u00a0De la torture\u00a0\u00bb    <\/p>\n<p class=\"asset asset-text\">\u00ab\u00a0Ce qu\u2019ils ont v\u00e9cu est insoutenable [\u2026], c\u2019\u00e9tait de la torture\u00a0\u00bb, a d\u00e9nonc\u00e9 sur franceinfo Me Martin Pradel, l\u2019un de leurs avocats. \u00ab\u00a0Quand vous mettez une personne \u00e0 l\u2019isolement, c\u2019est difficile. Quand \u00e7a se prolonge, \u00e7a devient insoutenable. Comme [\u2026] \u00e7a a dur\u00e9, avec des incertitudes et une ins\u00e9curit\u00e9 telle, oui, \u00e7a s\u2019assimile \u00e0 la torture.\u00a0\u00bb<\/p>\n<p class=\"asset asset-text\">Professeure de lettres de 41\u00a0ans et enseignant retrait\u00e9 de 72\u00a0ans, C\u00e9cile Kohler et Jacques Paris ont \u00e9t\u00e9 arr\u00eat\u00e9s le 7\u00a0mai\u00a02022, au dernier jour d\u2019un voyage touristique en Iran. Consid\u00e9r\u00e9s comme des \u00ab\u00a0otages d\u2019\u00c9tat\u00a0\u00bb par la France qui, \u00e0 l\u2019instar d\u2019autres pays occidentaux, accuse T\u00e9h\u00e9ran de capturer des \u00e9trangers sur son sol pour n\u00e9gocier ensuite leur lib\u00e9ration, ils \u00e9taient les deux derniers Fran\u00e7ais d\u00e9tenus sur le sol iranien.<\/p>\n<p class=\"asset asset-text\">Lourdement sanctionn\u00e9 par de nombreux membres de la communaut\u00e9 internationale, notamment pour ses activit\u00e9s nucl\u00e9aires, l\u2019Iran d\u00e9tiendrait selon des sources diplomatiques au moins une vingtaine d\u2019Occidentaux qu\u2019il pourrait utiliser comme levier pour obtenir la lib\u00e9ration de certains de ses ressortissants \u00e0 l\u2019\u00e9tranger ou obtenir des gages politiques.<\/p>\n","protected":false},"excerpt":{"rendered":"France 2 No\u00e9mie Kohler et Anne-Laure Paris sur le plateau du \u00ab\u00a020\u00a0Heures\u00a0\u00bb de France 2, le 5\u00a0novembre 2025.&hellip;\n","protected":false},"author":2,"featured_media":516045,"comment_status":"","ping_status":"","sticky":false,"template":"","format":"standard","meta":{"footnotes":""},"categories":[4],"tags":[11,1011,27,14,3019,12,19141,35212,806,25],"class_list":{"0":"post-516044","1":"post","2":"type-post","3":"status-publish","4":"format-standard","5":"has-post-thumbnail","7":"category-france","8":"tag-actualites","9":"tag-fr","10":"tag-france","11":"tag-international","12":"tag-iran","13":"tag-news","14":"tag-otages","15":"tag-otages-francais","16":"tag-prison","17":"tag-republique-francaise"},"share_on_mastodon":{"url":"","error":""},"_links":{"self":[{"href":"https:\/\/www.europesays.com\/fr\/wp-json\/wp\/v2\/posts\/516044","targetHints":{"allow":["GET"]}}],"collection":[{"href":"https:\/\/www.europesays.com\/fr\/wp-json\/wp\/v2\/posts"}],"about":[{"href":"https:\/\/www.europesays.com\/fr\/wp-json\/wp\/v2\/types\/post"}],"author":[{"embeddable":true,"href":"https:\/\/www.europesays.com\/fr\/wp-json\/wp\/v2\/users\/2"}],"replies":[{"embeddable":true,"href":"https:\/\/www.europesays.com\/fr\/wp-json\/wp\/v2\/comments?post=516044"}],"version-history":[{"count":0,"href":"https:\/\/www.europesays.com\/fr\/wp-json\/wp\/v2\/posts\/516044\/revisions"}],"wp:featuredmedia":[{"embeddable":true,"href":"https:\/\/www.europesays.com\/fr\/wp-json\/wp\/v2\/media\/516045"}],"wp:attachment":[{"href":"https:\/\/www.europesays.com\/fr\/wp-json\/wp\/v2\/media?parent=516044"}],"wp:term":[{"taxonomy":"category","embeddable":true,"href":"https:\/\/www.europesays.com\/fr\/wp-json\/wp\/v2\/categories?post=516044"},{"taxonomy":"post_tag","embeddable":true,"href":"https:\/\/www.europesays.com\/fr\/wp-json\/wp\/v2\/tags?post=516044"}],"curies":[{"name":"wp","href":"https:\/\/api.w.org\/{rel}","templated":true}]}}