{"id":516048,"date":"2025-11-06T14:07:14","date_gmt":"2025-11-06T14:07:14","guid":{"rendered":"https:\/\/www.europesays.com\/fr\/516048\/"},"modified":"2025-11-06T14:07:14","modified_gmt":"2025-11-06T14:07:14","slug":"saint-etienne-une-bonne-pioche-pour-la-brigade-motorisee-sur-le-rond-point-de-la-metare","status":"publish","type":"post","link":"https:\/\/www.europesays.com\/fr\/516048\/","title":{"rendered":"Saint-\u00c9tienne. Une bonne pioche pour la Brigade motoris\u00e9e sur le rond-point de La M\u00e9tare"},"content":{"rendered":"<p>Mardi vers 17heures sur le rond-point de la M\u00e9tare, les policiers de la Brigade motoris\u00e9e ont bien cibl\u00e9 leur v\u00e9hicule. Face \u00e0 la conduite erratique d\u2019une personne au volant d\u2019une Peugeot 207, ils lui ont intim\u00e9 l\u2019ordre de stationner sur le c\u00f4t\u00e9.<\/p>\n<p>Ce St\u00e9phanois de 34 ans, roulait avec un permis qui n\u2019avait plus de point, sans contr\u00f4le technique du v\u00e9hicule et par-dessus le march\u00e9 sans assurance. Il a fait l\u2019objet d\u2019une CRPC avec COPJ.<\/p>\n","protected":false},"excerpt":{"rendered":"Mardi vers 17heures sur le rond-point de la M\u00e9tare, les policiers de la Brigade motoris\u00e9e ont bien cibl\u00e9&hellip;\n","protected":false},"author":2,"featured_media":516049,"comment_status":"","ping_status":"","sticky":false,"template":"","format":"standard","meta":{"footnotes":""},"categories":[9653],"tags":[1111,11,2430,271,272,7539,1777,674,274,1011,27,3367,12,25,4001,7538],"class_list":{"0":"post-516048","1":"post","2":"type-post","3":"status-publish","4":"format-standard","5":"has-post-thumbnail","7":"category-saint-etienne","8":"tag-actu","9":"tag-actualites","10":"tag-auvergne-rhone-alpes","11":"tag-crime","12":"tag-delit-et-contravention","13":"tag-edition-loire-sud","14":"tag-eu","15":"tag-europe","16":"tag-faits-divers-justice","17":"tag-fr","18":"tag-france","19":"tag-loire","20":"tag-news","21":"tag-republique-francaise","22":"tag-saint-etienne","23":"tag-saint-etienne-ville"},"share_on_mastodon":{"url":"https:\/\/pubeurope.com\/@fr\/115503146291244859","error":""},"_links":{"self":[{"href":"https:\/\/www.europesays.com\/fr\/wp-json\/wp\/v2\/posts\/516048","targetHints":{"allow":["GET"]}}],"collection":[{"href":"https:\/\/www.europesays.com\/fr\/wp-json\/wp\/v2\/posts"}],"about":[{"href":"https:\/\/www.europesays.com\/fr\/wp-json\/wp\/v2\/types\/post"}],"author":[{"embeddable":true,"href":"https:\/\/www.europesays.com\/fr\/wp-json\/wp\/v2\/users\/2"}],"replies":[{"embeddable":true,"href":"https:\/\/www.europesays.com\/fr\/wp-json\/wp\/v2\/comments?post=516048"}],"version-history":[{"count":0,"href":"https:\/\/www.europesays.com\/fr\/wp-json\/wp\/v2\/posts\/516048\/revisions"}],"wp:featuredmedia":[{"embeddable":true,"href":"https:\/\/www.europesays.com\/fr\/wp-json\/wp\/v2\/media\/516049"}],"wp:attachment":[{"href":"https:\/\/www.europesays.com\/fr\/wp-json\/wp\/v2\/media?parent=516048"}],"wp:term":[{"taxonomy":"category","embeddable":true,"href":"https:\/\/www.europesays.com\/fr\/wp-json\/wp\/v2\/categories?post=516048"},{"taxonomy":"post_tag","embeddable":true,"href":"https:\/\/www.europesays.com\/fr\/wp-json\/wp\/v2\/tags?post=516048"}],"curies":[{"name":"wp","href":"https:\/\/api.w.org\/{rel}","templated":true}]}}