{"id":516050,"date":"2025-11-06T14:08:11","date_gmt":"2025-11-06T14:08:11","guid":{"rendered":"https:\/\/www.europesays.com\/fr\/516050\/"},"modified":"2025-11-06T14:08:11","modified_gmt":"2025-11-06T14:08:11","slug":"cette-equipe-legendaire-du-football-va-jouer-a-dijon-voici-comment-la-voir","status":"publish","type":"post","link":"https:\/\/www.europesays.com\/fr\/516050\/","title":{"rendered":"Cette \u00e9quipe l\u00e9gendaire du football va jouer \u00e0 Dijon, voici comment la voir"},"content":{"rendered":"<p>            Par<br \/>\n        <strong><br \/>\n            <a href=\"https:\/\/actu.fr\/auteur\/nicolas-salaun\" title=\"Consulter tous les articles de Nicolas Salin\" target=\"_blank\" rel=\"noopener\">Nicolas Salin<\/a><br \/>\n        <\/strong><\/p>\n<p>        Publi\u00e9 le<\/p>\n<p>            6 nov. 2025 \u00e0 14h33        <\/p>\n<p>L\u2019affiche est belle, et elle se jouera \u00e0 Dijon. L\u2019AS Quetigny affrontera l\u2019<a href=\"https:\/\/actu.fr\/saint-etienne\/sports\/football\" target=\"_blank\" rel=\"noopener\">AS Saint-\u00c9tienne<\/a> dans le cadre du 7e tour de la Coupe de France. Une <strong>rencontre exceptionnelle<\/strong>, programm\u00e9e le <strong>samedi 15 novembre prochain \u00e0 20h30<\/strong>, au stade Gaston-G\u00e9rard \u00e0 <a href=\"https:\/\/actu.fr\/bourgogne-franche-comte\/dijon_21231\" target=\"_blank\" rel=\"noopener\">Dijon<\/a>.<\/p>\n<p class=\" wall-content\">Le tirage au sort a offert au club pensionnaire de R\u00e9gional 2 l\u2019un des adversaires les plus <strong>prestigieux<\/strong> du football fran\u00e7ais. Face \u00e0 eux : les \u00ab\u00a0Verts\u00a0\u00bb, anciens <strong>10 fois champions de France<\/strong> et plusieurs fois vainqueurs de la Coupe de France.\u00a0<\/p>\n<p>Un rendez-vous historique<\/p>\n<p class=\" wall-content\">Le club de Quetigny va avoir l\u2019occasion de se mesurer \u00e0 une <strong>\u00e9quipe embl\u00e9matique<\/strong>, soutenue par des milliers de supporters \u00e0 travers le pays. \u00ab\u00a0C\u2019est avant tout une question de proximit\u00e9 et de partage\u00a0\u00bb, explique le club pour justifier le choix du stade qui abrite le DFCO.<\/p>\n<p class=\" wall-content\"><strong>Plus de 10.000 spectateurs<\/strong> seraient attendus, et <a href=\"https:\/\/billetterie.fff.fr\/fr\" target=\"_blank\" rel=\"noopener\">la billetterie sera ouverte<\/a> dans les prochaines heures, avec des <strong>places propos\u00e9es entre 10 et 25 euros<\/strong> selon les zones. Pour cette occasion, Quetigny pr\u00e9voit de faire de cette journ\u00e9e une vraie f\u00eate du football r\u00e9gional : animations avant le match, buvettes et accueil des familles sont au programme.<\/p>\n<p class=\" wall-content\">Le petit club de R\u00e9gional 2 tentera de cr\u00e9er <strong>l\u2019exploit<\/strong> face \u00e0 un adversaire professionnel \u00e9voluant en Ligue 2, qui entre dans la comp\u00e9tition avec le statut de <strong>favori<\/strong>. Ne vendons pas la peau de l\u2019ours avant de l\u2019avoir tu\u00e9.<\/p>\n<p class=\" wall-content\">Personnalisez votre actualit\u00e9 en ajoutant vos villes et m\u00e9dias en favori avec <a href=\"https:\/\/moncompte.actu.fr\" title=\"D\u00e9couvez Mon Actu\" rel=\"nofollow noopener\" data-trk=\"{&quot;cta&quot;:{&quot;action&quot;:&quot;https:\\\/\\\/moncompte.actu.fr&quot;,&quot;category&quot;:&quot;mon compte&quot;,&quot;from&quot;:&quot;article footer&quot;,&quot;name&quot;:&quot;Mon actu&quot;,&quot;type&quot;:&quot;cta&quot;}}\" target=\"_blank\">Mon Actu<\/a>.<\/p>\n","protected":false},"excerpt":{"rendered":"Par Nicolas Salin Publi\u00e9 le 6 nov. 2025 \u00e0 14h33 L\u2019affiche est belle, et elle se jouera \u00e0&hellip;\n","protected":false},"author":2,"featured_media":516051,"comment_status":"","ping_status":"","sticky":false,"template":"","format":"standard","meta":{"footnotes":""},"categories":[9653],"tags":[1111,11,8019,2430,1777,674,63,1011,27,12,25,4001,517,60],"class_list":{"0":"post-516050","1":"post","2":"type-post","3":"status-publish","4":"format-standard","5":"has-post-thumbnail","7":"category-saint-etienne","8":"tag-actu","9":"tag-actualites","10":"tag-association-sportive-saint-etienne-asse","11":"tag-auvergne-rhone-alpes","12":"tag-eu","13":"tag-europe","14":"tag-football","15":"tag-fr","16":"tag-france","17":"tag-news","18":"tag-republique-francaise","19":"tag-saint-etienne","20":"tag-sport","21":"tag-sports"},"share_on_mastodon":{"url":"https:\/\/pubeurope.com\/@fr\/115503150150387793","error":""},"_links":{"self":[{"href":"https:\/\/www.europesays.com\/fr\/wp-json\/wp\/v2\/posts\/516050","targetHints":{"allow":["GET"]}}],"collection":[{"href":"https:\/\/www.europesays.com\/fr\/wp-json\/wp\/v2\/posts"}],"about":[{"href":"https:\/\/www.europesays.com\/fr\/wp-json\/wp\/v2\/types\/post"}],"author":[{"embeddable":true,"href":"https:\/\/www.europesays.com\/fr\/wp-json\/wp\/v2\/users\/2"}],"replies":[{"embeddable":true,"href":"https:\/\/www.europesays.com\/fr\/wp-json\/wp\/v2\/comments?post=516050"}],"version-history":[{"count":0,"href":"https:\/\/www.europesays.com\/fr\/wp-json\/wp\/v2\/posts\/516050\/revisions"}],"wp:featuredmedia":[{"embeddable":true,"href":"https:\/\/www.europesays.com\/fr\/wp-json\/wp\/v2\/media\/516051"}],"wp:attachment":[{"href":"https:\/\/www.europesays.com\/fr\/wp-json\/wp\/v2\/media?parent=516050"}],"wp:term":[{"taxonomy":"category","embeddable":true,"href":"https:\/\/www.europesays.com\/fr\/wp-json\/wp\/v2\/categories?post=516050"},{"taxonomy":"post_tag","embeddable":true,"href":"https:\/\/www.europesays.com\/fr\/wp-json\/wp\/v2\/tags?post=516050"}],"curies":[{"name":"wp","href":"https:\/\/api.w.org\/{rel}","templated":true}]}}