{"id":516104,"date":"2025-11-06T14:35:12","date_gmt":"2025-11-06T14:35:12","guid":{"rendered":"https:\/\/www.europesays.com\/fr\/516104\/"},"modified":"2025-11-06T14:35:12","modified_gmt":"2025-11-06T14:35:12","slug":"clean-in-lyon-plus-de-7-000-megots-ramasses-cette-annee","status":"publish","type":"post","link":"https:\/\/www.europesays.com\/fr\/516104\/","title":{"rendered":"Clean in Lyon : plus de 7.000 m\u00e9gots ramass\u00e9s cette ann\u00e9e"},"content":{"rendered":"<p>Pour son \u00e9dition 2025, Clean in Lyon a permis le ramassage de 7.600 m\u00e9gots de cigarettes. L&rsquo;\u00e9v\u00e9nement s&rsquo;est d\u00e9roul\u00e9 le 18 septembre dernier. De nombreux d\u00e9chets ont aussi \u00e9t\u00e9 extraits de la Sa\u00f4ne.<\/p>\n<p>\u00ab\u00a0Soit\u00a03,8 millions de litres d&rsquo;eau pr\u00e9serv\u00e9s\u00a0\u00bb de la pollution des m\u00e9gots de cigarettes. L&rsquo;heure est au bilan pour les organisateurs du <b>Clean in Lyon 2025<\/b> qui s&rsquo;est d\u00e9roul\u00e9 le 18 septembre dernier autour du Cirque Imagine \u00e0 <b>Vaux-en-Velin<\/b>.<\/p>\n<p>Plus d&rsquo;une tonne de d\u00e9chet extraite de la Sa\u00f4ne<\/p>\n<p>Au total, <b>1,32 tonne de d\u00e9chets<\/b> a \u00e9t\u00e9 r\u00e9colt\u00e9e dans les rues, les espaces publics et la Sa\u00f4ne.<\/p>\n<p>\u00ab\u00a0Dans le d\u00e9tail, 1,28 tonne a \u00e9t\u00e9 extraite du fleuve par les plongeurs de l&rsquo;association \u00ab\u00a0\u00a0\u00bbDiving For Future et 41 kg ont \u00e9t\u00e9 ramass\u00e9s \u00e0 la main par les entreprises engag\u00e9es\u00a0\u00bb, pr\u00e9cise un communiqu\u00e9.<\/p>\n<p>Ils ramassent 7.600 m\u00e9gots de cigarettes<\/p>\n<p>En parall\u00e8le, ce sont <b>7.600 m\u00e9gots de cigarettes<\/b> qui ont \u00e9t\u00e9 ramass\u00e9s au cours de l&rsquo;op\u00e9ration.<\/p>\n<p>\u00c0 noter que 1.500 euros ont aussi revers\u00e9s \u00e0 l&rsquo;association \u00ab\u00a0Diving For Future\u00a0\u00bb qui d\u00e9fend les rivi\u00e8res, les fleuves, les mers et les oc\u00e9ans.<\/p>\n<p>Depuis la premi\u00e8re \u00e9dition de Clean in Lyon, 19.500 euros ont \u00e9t\u00e9 donn\u00e9s \u00e0 des associations locales qui prot\u00e8gent l&rsquo;environnement.<\/p>\n<p><img loading=\"lazy\" decoding=\"async\" src=\"https:\/\/www.europesays.com\/fr\/wp-content\/uploads\/2025\/11\/1762439712_575_img\" width=\"350\" height=\"200\" border=\"0\" title=\"L'explorateur R\u00c3\u00a9mi Camus part \u00c3\u00a0 la recherche des pollutions invisibles du Rh\u00c3\u00b4ne\"\/><\/p>\n<p>\u25baPlan\u00e8te<\/p>\n<p style=\"font-size: 22px;\"><b>PODCAST &#8211; Radio SCOOP Explore, \u00e9pisode 10 : PFAS, le Rh\u00f4ne livre ses secrets<\/b><\/p>\n<p>Chaque semaine, dans le podcast Radio SCOOP Explore,&#8230;<\/p>\n<p><\/p>\n","protected":false},"excerpt":{"rendered":"Pour son \u00e9dition 2025, Clean in Lyon a permis le ramassage de 7.600 m\u00e9gots de cigarettes. L&rsquo;\u00e9v\u00e9nement s&rsquo;est&hellip;\n","protected":false},"author":2,"featured_media":516105,"comment_status":"","ping_status":"","sticky":false,"template":"","format":"standard","meta":{"footnotes":""},"categories":[1889],"tags":[1111,11,2430,8056,63689,1777,674,1011,27,2428,63690,12,25],"class_list":{"0":"post-516104","1":"post","2":"type-post","3":"status-publish","4":"format-standard","5":"has-post-thumbnail","7":"category-lyon","8":"tag-actu","9":"tag-actualites","10":"tag-auvergne-rhone-alpes","11":"tag-cigarettes","12":"tag-clean-in-lyon","13":"tag-eu","14":"tag-europe","15":"tag-fr","16":"tag-france","17":"tag-lyon","18":"tag-mgots","19":"tag-news","20":"tag-republique-francaise"},"share_on_mastodon":{"url":"https:\/\/pubeurope.com\/@fr\/115503256986126387","error":""},"_links":{"self":[{"href":"https:\/\/www.europesays.com\/fr\/wp-json\/wp\/v2\/posts\/516104","targetHints":{"allow":["GET"]}}],"collection":[{"href":"https:\/\/www.europesays.com\/fr\/wp-json\/wp\/v2\/posts"}],"about":[{"href":"https:\/\/www.europesays.com\/fr\/wp-json\/wp\/v2\/types\/post"}],"author":[{"embeddable":true,"href":"https:\/\/www.europesays.com\/fr\/wp-json\/wp\/v2\/users\/2"}],"replies":[{"embeddable":true,"href":"https:\/\/www.europesays.com\/fr\/wp-json\/wp\/v2\/comments?post=516104"}],"version-history":[{"count":0,"href":"https:\/\/www.europesays.com\/fr\/wp-json\/wp\/v2\/posts\/516104\/revisions"}],"wp:featuredmedia":[{"embeddable":true,"href":"https:\/\/www.europesays.com\/fr\/wp-json\/wp\/v2\/media\/516105"}],"wp:attachment":[{"href":"https:\/\/www.europesays.com\/fr\/wp-json\/wp\/v2\/media?parent=516104"}],"wp:term":[{"taxonomy":"category","embeddable":true,"href":"https:\/\/www.europesays.com\/fr\/wp-json\/wp\/v2\/categories?post=516104"},{"taxonomy":"post_tag","embeddable":true,"href":"https:\/\/www.europesays.com\/fr\/wp-json\/wp\/v2\/tags?post=516104"}],"curies":[{"name":"wp","href":"https:\/\/api.w.org\/{rel}","templated":true}]}}