{"id":516122,"date":"2025-11-06T14:45:23","date_gmt":"2025-11-06T14:45:23","guid":{"rendered":"https:\/\/www.europesays.com\/fr\/516122\/"},"modified":"2025-11-06T14:45:23","modified_gmt":"2025-11-06T14:45:23","slug":"usa-shutdown-moins-de-vols-aeriens-aux-etats-unis-avec-la-penurie-de-controleurs-06-11-2025-a-1455","status":"publish","type":"post","link":"https:\/\/www.europesays.com\/fr\/516122\/","title":{"rendered":"USA\/Shutdown-Moins de vols a\u00e9riens aux \u00c9tats-Unis avec la p\u00e9nurie de contr\u00f4leurs &#8211; 06\/11\/2025 \u00e0 14:55"},"content":{"rendered":"<p>\n par David Shepardson\n<\/p>\n<p>\n Les compagnies<br \/>\na\u00e9riennes am\u00e9ricaines s&rsquo;effor\u00e7aient jeudi de r\u00e9organiser leurs<br \/>\nplannings apr\u00e8s que Washington a ordonn\u00e9 des r\u00e9ductions du<br \/>\nnombre de vols dans certains des a\u00e9roports les plus fr\u00e9quent\u00e9s<br \/>\ndu pays, dernier \u00e9pisode en date des perturbations caus\u00e9es par<br \/>\nle \u00ab\u00a0shutdown\u00a0\u00bb.\n<\/p>\n<p>\n Le secr\u00e9taire aux Transports, Sean Duffy, a annonc\u00e9 mercredi<br \/>\nqu&rsquo;il ordonnerait des r\u00e9ductions drastiques, invoquant des<br \/>\nrisques pour la s\u00e9curit\u00e9 du contr\u00f4le a\u00e9rien li\u00e9s \u00e0 l&rsquo;arr\u00eat des<br \/>\nservices f\u00e9d\u00e9raux.\n<\/p>\n<p>\n La fermeture, d\u00e9sormais la plus longue de l&rsquo;histoire des<br \/>\n\u00c9tats-Unis, contraint quelque 13.000 contr\u00f4leurs a\u00e9riens et<br \/>\n50.000 agents de s\u00e9curit\u00e9 \u00e0 travailler sans r\u00e9mun\u00e9ration. Des<br \/>\np\u00e9nuries de personnel ont d\u00e9j\u00e0 provoqu\u00e9 des dizaines de milliers<br \/>\nde retards de vols \u00e0 l&rsquo;\u00e9chelle nationale, les compagnies<br \/>\na\u00e9riennes estimant qu&rsquo;au moins 3,2 millions de voyageurs ont \u00e9t\u00e9<br \/>\naffect\u00e9s.\n<\/p>\n<p>\n Selon des sources industrielles cit\u00e9es par Reuters, une<br \/>\npremi\u00e8re vague de r\u00e9ductions, repr\u00e9sentant environ 4% des vols<br \/>\nprogramm\u00e9s, devrait entrer en vigueur d\u00e8s vendredi. Les coupes<br \/>\natteindront 5% samedi, 6% dimanche, et pourraient grimper<br \/>\njusqu&rsquo;\u00e0 10% la semaine prochaine si la fermeture se poursuit.\n<\/p>\n<p>\n \u00ab\u00a0La situation est \u00e9volutive, mais nous pensons que l&rsquo;impact<br \/>\nest plus g\u00e9rable qu&rsquo;on ne le laisse entendre\u00a0\u00bb, a d\u00e9clar\u00e9 Tom<br \/>\nFitzgerald, analyste chez TD Cowen.\n<\/p>\n<p>\n La plupart des actions de compagnies a\u00e9riennes reculaient<br \/>\nl\u00e9g\u00e8rement avant l&rsquo;ouverture de Wall Street, \u00e0 l&rsquo;exception de<br \/>\nFrontier Group<br \/>\n <a href=\"https:\/\/www.boursorama.com\/cours\/ULCC\/\" target=\"_blank\" rel=\"noopener\"><br \/>\n  ULCC.O<br \/>\n <\/a><br \/>\n , qui gagnait 1% apr\u00e8s avoir publi\u00e9<br \/>\nmercredi des pr\u00e9visions de b\u00e9n\u00e9fices optimistes.\n<\/p>\n<p>\n \u00c0 moins d&rsquo;une r\u00e9ouverture rapide des agences<br \/>\ngouvernementales, ce plan drastique risque de bouleverser les<br \/>\nprojets de millions d&rsquo;Am\u00e9ricains se d\u00e9pla\u00e7ant pour Thanksgiving,<br \/>\nillustrant l&rsquo;un des effets les plus visibles de cette fermeture<br \/>\nrecord.\n<\/p>\n<p>\n L&rsquo;Administration f\u00e9d\u00e9rale de l&rsquo;aviation (FAA) devrait<br \/>\npublier formellement l&rsquo;ordre de r\u00e9duction des vols dans la<br \/>\njourn\u00e9e.\n<\/p>\n<p>\n Cette mesure vise \u00e0 all\u00e9ger la pression sur les contr\u00f4leurs,<br \/>\nalors que la FAA accuse un d\u00e9ficit d&rsquo;environ 3.500 employ\u00e9s,<br \/>\ndont beaucoup travaillaient d\u00e9j\u00e0 en heures suppl\u00e9mentaires<br \/>\nobligatoires et six jours par semaine avant m\u00eame la fermeture.\n<\/p>\n<p>\n (R\u00e9dig\u00e9 par David Shepardson; version fran\u00e7aise Nicolas Delame,<br \/>\n\u00e9dit\u00e9 par Blandine H\u00e9nault)<\/p>\n","protected":false},"excerpt":{"rendered":"par David Shepardson Les compagnies a\u00e9riennes am\u00e9ricaines s&rsquo;effor\u00e7aient jeudi de r\u00e9organiser leurs plannings apr\u00e8s que Washington a ordonn\u00e9&hellip;\n","protected":false},"author":2,"featured_media":15273,"comment_status":"","ping_status":"","sticky":false,"template":"","format":"standard","meta":{"footnotes":""},"categories":[1589],"tags":[400,11,398,408,405,73,1866,403,402,399,404,12,401,406,1864,1865,1863,308,407],"class_list":{"0":"post-516122","1":"post","2":"type-post","3":"status-publish","4":"format-standard","5":"has-post-thumbnail","7":"category-etats-unis","8":"tag-action-cac-40","9":"tag-actualites","10":"tag-bourse-de-paris","11":"tag-boursorama","12":"tag-cotations","13":"tag-etats-unis","14":"tag-etats-unis-damerique","15":"tag-indices-devises","16":"tag-investir","17":"tag-investissement","18":"tag-marche-boursier","19":"tag-news","20":"tag-sicav","21":"tag-trackers","22":"tag-united-states","23":"tag-united-states-of-america","24":"tag-us","25":"tag-usa","26":"tag-warrants"},"share_on_mastodon":{"url":"https:\/\/pubeurope.com\/@fr\/115503295634289475","error":""},"_links":{"self":[{"href":"https:\/\/www.europesays.com\/fr\/wp-json\/wp\/v2\/posts\/516122","targetHints":{"allow":["GET"]}}],"collection":[{"href":"https:\/\/www.europesays.com\/fr\/wp-json\/wp\/v2\/posts"}],"about":[{"href":"https:\/\/www.europesays.com\/fr\/wp-json\/wp\/v2\/types\/post"}],"author":[{"embeddable":true,"href":"https:\/\/www.europesays.com\/fr\/wp-json\/wp\/v2\/users\/2"}],"replies":[{"embeddable":true,"href":"https:\/\/www.europesays.com\/fr\/wp-json\/wp\/v2\/comments?post=516122"}],"version-history":[{"count":0,"href":"https:\/\/www.europesays.com\/fr\/wp-json\/wp\/v2\/posts\/516122\/revisions"}],"wp:featuredmedia":[{"embeddable":true,"href":"https:\/\/www.europesays.com\/fr\/wp-json\/wp\/v2\/media\/15273"}],"wp:attachment":[{"href":"https:\/\/www.europesays.com\/fr\/wp-json\/wp\/v2\/media?parent=516122"}],"wp:term":[{"taxonomy":"category","embeddable":true,"href":"https:\/\/www.europesays.com\/fr\/wp-json\/wp\/v2\/categories?post=516122"},{"taxonomy":"post_tag","embeddable":true,"href":"https:\/\/www.europesays.com\/fr\/wp-json\/wp\/v2\/tags?post=516122"}],"curies":[{"name":"wp","href":"https:\/\/api.w.org\/{rel}","templated":true}]}}