{"id":516135,"date":"2025-11-06T14:52:19","date_gmt":"2025-11-06T14:52:19","guid":{"rendered":"https:\/\/www.europesays.com\/fr\/516135\/"},"modified":"2025-11-06T14:52:19","modified_gmt":"2025-11-06T14:52:19","slug":"comment-le-gouvernement-peut-il-faire-bloquer-shein-en-france","status":"publish","type":"post","link":"https:\/\/www.europesays.com\/fr\/516135\/","title":{"rendered":"comment le gouvernement peut-il faire bloquer Shein en France ?"},"content":{"rendered":"<p class=\"article-p mdl\">Shein a jusqu&rsquo;au vendredi 7 novembre au soir pour convaincre le gouvernement de ne pas suspendre le site en France. Apr\u00e8s\u00a0<a class=\"link\" href=\"https:\/\/www.rtl.fr\/actu\/justice-faits-divers\/comment-des-poupees-a-caractere-pedopornographique-ont-pu-etre-commercialisees-sur-shein-7900561913\" title=\"Comment des poup\u00e9es \u00e0 caract\u00e8re p\u00e9dopornographique ont pu \u00eatre commercialis\u00e9es sur Shein ?\" target=\"_blank\" rel=\"noopener\">le scandale des poup\u00e9es p\u00e9dopornographiques<\/a>, des armes ont \u00e9t\u00e9 trouv\u00e9es, disponibles \u00e0 la vente, sur la plateforme. Soit Shein parvient \u00e0 retirer tous les produits interdits, soit le blocage sera enclench\u00e9.\u00a0<\/p>\n<p class=\"article-p mdl\">Le gouvernement assume avoir fait le choix du bras de fer. La riposte est donc lanc\u00e9e et l&rsquo;ex\u00e9cutif multiplie les angles d&rsquo;attaque contre le site de commerce en ligne. \u00ab\u00a0On est occup\u00e9, alors on entre en r\u00e9sistance\u00a0\u00bb, ose le conseiller d&rsquo;un ministre.\u00a0<\/p>\n<p class=\"article-p mdl\">C\u00f4t\u00e9 droit du commerce, Bercy donne 48 heures aux g\u00e9ants asiatiques afin de retirer de la vente certains produits interdits, comme les armes blanches. Si ce n&rsquo;est pas fait, la direction de la r\u00e9pression des fraudes d\u00e9gainera une \u00ab\u00a0r\u00e9quisition num\u00e9rique\u00a0\u00bb pour bloquer l&rsquo;acc\u00e8s au site. Ce blocage peut \u00eatre aussi prononc\u00e9 par le tribunal, puisque le ministre de l&rsquo;Int\u00e9rieur, Laurent Nu\u00f1ez, a de son c\u00f4t\u00e9 saisi la justice, invoquant les graves dommages \u00e0 l&rsquo;ordre public caus\u00e9s par les d\u00e9faillances de Shein.<\/p>\n<p>            L&rsquo;exemple de la plateforme Wish en 2021<\/p>\n<p class=\"article-p mdl\">Cons\u00e9quence : le site de la plateforme pourrait \u00eatre d\u00e9r\u00e9f\u00e9renc\u00e9.\u00a0<a class=\"link\" href=\"https:\/\/www.rtl.fr\/actu\/sciences-tech\/wish-n-est-plus-disponible-sur-iphone-et-bientot-retire-de-google-7900100925\" title=\"L&#039;application Wish n&#039;est plus disponible sur iPhone, le site bient\u00f4t retir\u00e9 de Google\" target=\"_blank\" rel=\"noopener\">En 2021, le site am\u00e9ricain, Wish, \u00e9tait accus\u00e9 de vendre des contrefa\u00e7ons<\/a>. Il avait \u00e9t\u00e9 d\u00e9r\u00e9f\u00e9renc\u00e9 et donc impossible de le trouver sur Google, m\u00eame si le site restait accessible en saisissant directement l&rsquo;URL compl\u00e8te.\u00a0<\/p>\n<p class=\"article-p mdl\">Mais la justice, comme la r\u00e9pression des fraudes, peuvent carr\u00e9ment ordonner aux fournisseurs d&rsquo;internet, Free, Orange, Bouygues de bloquer totalement l&rsquo;acc\u00e8s \u00e0 Shein.\u00a0<\/p>\n<p>            Paris exhorte Bruxelles \u00e0 \u00ab\u00a0s\u00e9vir\u00a0\u00bb<\/p>\n<p class=\"article-p mdl\">La France a aussi press\u00e9 l&rsquo;Europe d&rsquo;agir. La Commission europ\u00e9enne \u00ab\u00a0doit s\u00e9vir\u00a0\u00bb et sanctionner Shein qui est \u00ab\u00a0de toute \u00e9vidence en infraction avec les r\u00e8gles europ\u00e9ennes\u00a0\u00bb, a exhort\u00e9 jeudi le ministre fran\u00e7ais des Affaires \u00e9trang\u00e8res Jean-No\u00ebl Barrot sur France Info. En parall\u00e8le, les ministres de l&rsquo;Economie Roland Lescure et du Num\u00e9rique Anne Le H\u00e9nanff ont appel\u00e9 dans une lettre la Commission europ\u00e9enne \u00e0 \u00ab\u00a0apporter des r\u00e9ponses fermes aux dysfonctionnements\u00a0\u00bb r\u00e9p\u00e9t\u00e9s de Shein.<\/p>\n<p class=\"article-p mdl\">L&rsquo;UE dit partager les inqui\u00e9tudes de la France et prendre l&rsquo;affaire \u00ab\u00a0tr\u00e8s au s\u00e9rieux\u00a0\u00bb, selon Thomas R\u00e9gnier, porte-parole de la Commission sur le num\u00e9rique. Interrog\u00e9 sur la possibilit\u00e9 pour l&rsquo;Europe de bloquer la plateforme, il souligne que selon le r\u00e8glement sur les services num\u00e9riques (DSA), une telle mesure rel\u00e8ve de l&rsquo;\u00c9tat membre o\u00f9 la plateforme est \u00e9tablie (en l&rsquo;occurrence, l&rsquo;Irlande, o\u00f9 Shein a implant\u00e9 son si\u00e8ge europ\u00e9en). Et seulement en dernier ressort, si un \u00ab\u00a0risque syst\u00e9mique\u00a0\u00bb pour les consommateurs europ\u00e9ens est av\u00e9r\u00e9.<\/p>\n<p class=\"article-p mdl\">La ministre d\u00e9l\u00e9gu\u00e9e au Num\u00e9rique Anne Le H\u00e9nanff doit s&rsquo;entretenir ce jeudi avec la vice-pr\u00e9sidente de la Commission en charge du num\u00e9rique, Henna Virkkunen, fait savoir Bercy.<\/p>\n<p>    La r\u00e9daction vous recommande<\/p>\n<p class=\"s-newsletter__title\">\n                L\u2019actualit\u00e9 par la r\u00e9daction de RTL dans votre bo\u00eete mail.\n            <\/p>\n<p class=\"s-newsletter__subtitle\">\n                Gr\u00e2ce \u00e0 votre compte RTL abonnez-vous \u00e0 la newsletter RTL info pour suivre toute l&rsquo;actualit\u00e9 au quotidien\n            <\/p>\n<p>\n                                    Lire la suite\n                                <\/p>\n","protected":false},"excerpt":{"rendered":"Shein a jusqu&rsquo;au vendredi 7 novembre au soir pour convaincre le gouvernement de ne pas suspendre le site&hellip;\n","protected":false},"author":2,"featured_media":516136,"comment_status":"","ping_status":"","sticky":false,"template":"","format":"standard","meta":{"footnotes":""},"categories":[4],"tags":[11,107,1011,27,418,310,12,1062,362,25,1104],"class_list":{"0":"post-516135","1":"post","2":"type-post","3":"status-publish","4":"format-standard","5":"has-post-thumbnail","7":"category-france","8":"tag-actualites","9":"tag-fil-info","10":"tag-fr","11":"tag-france","12":"tag-gouvernement","13":"tag-internet","14":"tag-news","15":"tag-polemique","16":"tag-replay","17":"tag-republique-francaise","18":"tag-shein"},"share_on_mastodon":{"url":"https:\/\/pubeurope.com\/@fr\/115503323619338877","error":""},"_links":{"self":[{"href":"https:\/\/www.europesays.com\/fr\/wp-json\/wp\/v2\/posts\/516135","targetHints":{"allow":["GET"]}}],"collection":[{"href":"https:\/\/www.europesays.com\/fr\/wp-json\/wp\/v2\/posts"}],"about":[{"href":"https:\/\/www.europesays.com\/fr\/wp-json\/wp\/v2\/types\/post"}],"author":[{"embeddable":true,"href":"https:\/\/www.europesays.com\/fr\/wp-json\/wp\/v2\/users\/2"}],"replies":[{"embeddable":true,"href":"https:\/\/www.europesays.com\/fr\/wp-json\/wp\/v2\/comments?post=516135"}],"version-history":[{"count":0,"href":"https:\/\/www.europesays.com\/fr\/wp-json\/wp\/v2\/posts\/516135\/revisions"}],"wp:featuredmedia":[{"embeddable":true,"href":"https:\/\/www.europesays.com\/fr\/wp-json\/wp\/v2\/media\/516136"}],"wp:attachment":[{"href":"https:\/\/www.europesays.com\/fr\/wp-json\/wp\/v2\/media?parent=516135"}],"wp:term":[{"taxonomy":"category","embeddable":true,"href":"https:\/\/www.europesays.com\/fr\/wp-json\/wp\/v2\/categories?post=516135"},{"taxonomy":"post_tag","embeddable":true,"href":"https:\/\/www.europesays.com\/fr\/wp-json\/wp\/v2\/tags?post=516135"}],"curies":[{"name":"wp","href":"https:\/\/api.w.org\/{rel}","templated":true}]}}