{"id":516139,"date":"2025-11-06T14:54:35","date_gmt":"2025-11-06T14:54:35","guid":{"rendered":"https:\/\/www.europesays.com\/fr\/516139\/"},"modified":"2025-11-06T14:54:35","modified_gmt":"2025-11-06T14:54:35","slug":"sport-les-resultats-du-dimanche-2-novembre","status":"publish","type":"post","link":"https:\/\/www.europesays.com\/fr\/516139\/","title":{"rendered":"Sport. Les r\u00e9sultats du dimanche 2 novembre"},"content":{"rendered":"<p>Athl\u00e9tisme<\/p>\n<p>La Chevignoise<\/p>\n<p><strong>10 km :<\/strong> 1. A. Bourgeois en 31\u201929\u2019\u2019, 2. Baverel (Lons Athl\u00e9) 31&rsquo;39, Nicole 31&rsquo;45\u00a0\u00bb&#8230; <br \/><strong>F\u00e9minines :<\/strong> 1. Bontemps (ES Thaon) 36\u201938\u2019\u2019, 2. Huber (AJVN) 36\u201959\u2019\u2019, 3. Maucolin (Duc) 37\u201904\u2019\u2019&#8230;<\/p>\n<p><strong>5 km :<\/strong> 1. Ravinet (Triathlon M\u00e2con Club) en 15&rsquo;21, 2. Gall (EA M\u00e2con) 15&rsquo;22, 3. Mary (AC Chen\u00f4ve) 15&rsquo;53, 4. Cultru (Duc) 15&rsquo;56&#8230; <br \/><strong>F\u00e9minines :<\/strong> 1. Mani\u00e8re (Duc) 18\u201917\u2019\u2019, 2. Lance (Dole Triathlon) 18&rsquo;24, 3. Legay 19&rsquo;41, 4. Arthaud 19&rsquo;55&#8230;<\/p>\n<p>\u00a0<\/p>\n<p>Basket<\/p>\n<p>Nationale 3 f\u00e9minine<\/p>\n<p>Dad 21 &#8211; Wittenheim\u00a0: 67-70<\/p>\n<p>Nord Sundgau &#8211; CSL Dijon 2\u00a0: 50-57<\/p>\n<p><a href=\"https:\/\/www.bienpublic.com\/sport\/calendrier-resultats\/basket-ball\/national-nationale-3-feminine-poule-h\" target=\"_blank\" rel=\"nofollow noopener\">Retrouvez les r\u00e9sultats et le classement de Nationale 3 f\u00e9minine<\/a><\/p>\n<p>\u00a0<\/p>\n<p>Football<\/p>\n<p>U19 Nationaux f\u00e9minines<\/p>\n<p>Reims &#8211; Dijon FCO\u00a0: 3-3<\/p>\n<p><a href=\"https:\/\/www.bienpublic.com\/sport\/calendrier-resultats\/football\/national-ch-nat-fem-u19-phase-1-groupe-b\" target=\"_blank\" rel=\"nofollow noopener\">Retrouvez les r\u00e9sultats et le classement en U19 Nationaux f\u00e9minines<\/a><\/p>\n<p>U19 Nationaux<\/p>\n<p>ASPTT Dijon &#8211; Dijon FCO\u00a0: 2-1<\/p>\n<p><a href=\"https:\/\/www.bienpublic.com\/sport\/calendrier-resultats\/football\/national-u19-groupe-b\" target=\"_blank\" rel=\"nofollow noopener\">Retrouvez les r\u00e9sultats et le classement en U19 Nationaux<\/a><\/p>\n<p>U17 Nationaux<\/p>\n<p>ASPTT Dijon &#8211; FC Lyon\u00a0: 0-2<\/p>\n<p>Dijon FCO &#8211; Sochaux\u00a0: 0-3<\/p>\n<p><a href=\"https:\/\/www.bienpublic.com\/sport\/calendrier-resultats\/football\/national-u17-groupe-c\" target=\"_blank\" rel=\"nofollow noopener\">Retrouvez les r\u00e9sultats et le classement en U17 Nationaux<\/a><\/p>\n<p>R\u00e9gional 1<\/p>\n<p>USC Dijon &#8211; Saint-Apollinaire\u00a0: 4-1<\/p>\n<p>Saint-Marcel &#8211; Is\/Selongey\u00a0: 0-1<\/p>\n<p><a href=\"https:\/\/www.bienpublic.com\/sport\/calendrier-resultats\/football\/regional-ligue-bourgogne-franche-comte-regional-1-groupe-a\" target=\"_blank\" rel=\"nofollow noopener\">Retrouvez les r\u00e9sultats et les classements\u00a0de R\u00e9gional 1<\/a><\/p>\n<p>R\u00e9gional 2<\/p>\n<p>Fontaine &#8211; Nevers\u00a0: 3-1<\/p>\n<p>EF Villages &#8211; Gueugnon B\u00a0: 3-1<\/p>\n<p>ASPTT Dijon B &#8211; Stade Auxerre\u00a0: 1-2<\/p>\n<p>Longvic &#8211; Chevigny\u00a0: 0-1<\/p>\n<p>Ch\u00e2tillon &#8211; Marsannay\u00a0: 2-1<\/p>\n<p>Quetigny &#8211; Sornay\u00a0: 6-3<\/p>\n<p>Fauverney &#8211; Is\/Selongey B\u00a0: 1-1<\/p>\n<p><a href=\"https:\/\/www.bienpublic.com\/sport\/calendrier-resultats\/football\/regional-ligue-bourgogne-franche-comte-regional-2-groupe-a\" target=\"_blank\" rel=\"nofollow noopener\">Retrouvez les r\u00e9sultats et les classements de R\u00e9gional 2<\/a><\/p>\n<p>R\u00e9gional 3<\/p>\n<p>Gevrey &#8211; Saint-Marcel B\u00a0: 0-0<\/p>\n<p>Genlis &#8211; Triangle d&rsquo;Or\u00a0: 3-1<\/p>\n<p>Quetigny B &#8211; Perrouse\u00a0: 0-1<\/p>\n<p>Tonnerre &#8211; USC Dijon B\u00a0: 2-0<\/p>\n<p>Magny &#8211; Fontaine B\u00a0: 3-4<\/p>\n<p>Saint-Jean-de-Losne &#8211; Tilles FC\u00a0: 0-0<\/p>\n<p><a href=\"https:\/\/www.bienpublic.com\/sport\/calendrier-resultats\/football\/regional-ligue-bourgogne-franche-comte-regional-3-groupe-b\" target=\"_blank\" rel=\"nofollow noopener\">Retrouvez les r\u00e9sultats et les classements de R\u00e9gional 3<\/a><\/p>\n<p>\u00a0Coupe de France f\u00e9minine<\/p>\n<p>Longvic &#8211; Saint-Vit : 2-1<\/p>\n<p>ASPTT Dijon &#8211; Sochaux \u00a0: 0-5<\/p>\n<p>Is\/Selongey &#8211; Racing Besan\u00e7on\u00a0: 3-0<\/p>\n<p>Rugby<\/p>\n<p>F\u00e9d\u00e9rale 1<\/p>\n<p>Nuits &#8211; Annonay\u00a0: 29-9<\/p>\n<p><a href=\"https:\/\/www.bienpublic.com\/sport\/calendrier-resultats\/rugby\/national-federale-1-poule-2\" target=\"_blank\" rel=\"nofollow noopener\">Retrouvez les r\u00e9sultats et les classements de F\u00e9d\u00e9rale 1<\/a><\/p>\n<p>F\u00e9d\u00e9rale 3<\/p>\n<p>Pontarlier &#8211; Genlis\u00a0: 33-27\u00a0<\/p>\n<p>Haguenau &#8211; Beaune\u00a0: 18-17<\/p>\n<p><a href=\"https:\/\/www.bienpublic.com\/sport\/calendrier-resultats\/rugby\/national-federale-3-groupe-2\" target=\"_blank\" rel=\"nofollow noopener\">Retrouvez les r\u00e9sultats et les classements de F\u00e9d\u00e9rale 3<\/a><\/p>\n<p>\u00a0<\/p>\n<p>Volley<\/p>\n<p>Nationale 3 f\u00e9minine<\/p>\n<p>Chen\u00f4ve &#8211; Kingersheim\u00a0:\u00a03-1<\/p>\n<p><a href=\"https:\/\/www.bienpublic.com\/sport\/calendrier-resultats\/volley-ball\/national-nationale-3-feminine-poule-g\" target=\"_blank\" rel=\"nofollow noopener\">Retrouvez les r\u00e9sultats et le classement de Nationale 3 f\u00e9minine<\/a><\/p>\n<p>Nationale 3 masculine<\/p>\n<p>Fontaine &#8211; Chen\u00f4ve\u00a0: 3-2<\/p>\n<p><a href=\"https:\/\/www.bienpublic.com\/sport\/calendrier-resultats\/volley-ball\/national-nationale-3-masculine-poule-h\" target=\"_blank\" rel=\"nofollow noopener\">Retrouvez les r\u00e9sultats et le classement de Nationale 3 masculine<\/a><\/p>\n","protected":false},"excerpt":{"rendered":"Athl\u00e9tisme La Chevignoise 10 km : 1. A. Bourgeois en 31\u201929\u2019\u2019, 2. Baverel (Lons Athl\u00e9) 31&rsquo;39, Nicole 31&rsquo;45\u00a0\u00bb&#8230;&hellip;\n","protected":false},"author":2,"featured_media":516140,"comment_status":"","ping_status":"","sticky":false,"template":"","format":"standard","meta":{"footnotes":""},"categories":[1417],"tags":[1791,2931,2930,107,1701,63,1011,27,479,517,60,1470,1632,1469],"class_list":{"0":"post-516139","1":"post","2":"type-post","3":"status-publish","4":"format-standard","5":"has-post-thumbnail","7":"category-volley","8":"tag-basket-ball","9":"tag-cote-dor","10":"tag-dijon","11":"tag-fil-info","12":"tag-fil-info-sport","13":"tag-football","14":"tag-fr","15":"tag-france","16":"tag-rugby","17":"tag-sport","18":"tag-sports","19":"tag-volley","20":"tag-volley-ball","21":"tag-volleyball"},"share_on_mastodon":{"url":"https:\/\/pubeurope.com\/@fr\/115503331094206871","error":""},"_links":{"self":[{"href":"https:\/\/www.europesays.com\/fr\/wp-json\/wp\/v2\/posts\/516139","targetHints":{"allow":["GET"]}}],"collection":[{"href":"https:\/\/www.europesays.com\/fr\/wp-json\/wp\/v2\/posts"}],"about":[{"href":"https:\/\/www.europesays.com\/fr\/wp-json\/wp\/v2\/types\/post"}],"author":[{"embeddable":true,"href":"https:\/\/www.europesays.com\/fr\/wp-json\/wp\/v2\/users\/2"}],"replies":[{"embeddable":true,"href":"https:\/\/www.europesays.com\/fr\/wp-json\/wp\/v2\/comments?post=516139"}],"version-history":[{"count":0,"href":"https:\/\/www.europesays.com\/fr\/wp-json\/wp\/v2\/posts\/516139\/revisions"}],"wp:featuredmedia":[{"embeddable":true,"href":"https:\/\/www.europesays.com\/fr\/wp-json\/wp\/v2\/media\/516140"}],"wp:attachment":[{"href":"https:\/\/www.europesays.com\/fr\/wp-json\/wp\/v2\/media?parent=516139"}],"wp:term":[{"taxonomy":"category","embeddable":true,"href":"https:\/\/www.europesays.com\/fr\/wp-json\/wp\/v2\/categories?post=516139"},{"taxonomy":"post_tag","embeddable":true,"href":"https:\/\/www.europesays.com\/fr\/wp-json\/wp\/v2\/tags?post=516139"}],"curies":[{"name":"wp","href":"https:\/\/api.w.org\/{rel}","templated":true}]}}