{"id":516143,"date":"2025-11-06T14:56:19","date_gmt":"2025-11-06T14:56:19","guid":{"rendered":"https:\/\/www.europesays.com\/fr\/516143\/"},"modified":"2025-11-06T14:56:19","modified_gmt":"2025-11-06T14:56:19","slug":"alize-cornet-se-confie-sur-sa-nomination-a-la-tete-de-lequipe-de-france-de-bjk-cup-cetait-une-evidence-quun-jour-je-serais-capitaine-lequipe","status":"publish","type":"post","link":"https:\/\/www.europesays.com\/fr\/516143\/","title":{"rendered":"Aliz\u00e9 Cornet se confie sur sa nomination \u00e0 la t\u00eate de l&#039;\u00e9quipe de France de BJK Cup : \u00ab C&#039;\u00e9tait une \u00e9vidence qu&#039;un jour, je serais capitaine \u00bb &#8211; L&#039;\u00c9quipe"},"content":{"rendered":"<ol>\n<li><a href=\"https:\/\/news.google.com\/rss\/articles\/CBMikgJBVV95cUxOallxMjdYZmZiRndWSU5Eb3VhUFV4bV9sZ0ptbHdQT1RuRjFFX3pYckljSGhaQTF3QXA1bjFJcGo0WElJT1U2NWExN0JoTnFKU0F5R1dMNTBlTkpXYnJfbjNqMGtQSFFuYk5RUkhXYTJfM3QwUEY1NWg5WGZmRmRuRHlHa0tOM0E0Z3JEdHVwTUtBUkd2c1lfWDlMekxFeEw3eE9HNGt2YXRnbk1MMk1tSWZ0QWdrNWhpTWVEVVFwQ0pmYl8tLUVIc3RQNWhKcXhPUWhOdG1YWDBuM1V0d2VPak4xZTZvWnh3dHBMRlZsSEZ2Nmp3NmQtcWZrdnhCLW5xQmx1b0dRNHZSWUJxZ1ltVm1n?oc=5\" target=\"_blank\" rel=\"nofollow noopener\">Aliz\u00e9 Cornet se confie sur sa nomination \u00e0 la t\u00eate de l&rsquo;\u00e9quipe de France de BJK Cup : \u00ab C&rsquo;\u00e9tait une \u00e9vidence qu&rsquo;un jour, je serais capitaine \u00bb<\/a>&nbsp;&nbsp;L&rsquo;\u00c9quipe<\/li>\n<li><a href=\"https:\/\/news.google.com\/rss\/articles\/CBMijAJBVV95cUxONUc4NExpOWdxY0syMnJOSDd1NDQ1RHk4bS1LSmdINFN5ZkR5RzQ3dEZLdWtWWWlTTW5TNUxuNEtPU1dpdVdlWXE4NEdtdFZwZUhCT2lmS2tJMGx1bGo3bGdTSExmajNqOWFFd05aajdXeTJsN1lUWWFuczhXVVhzQ1lNd1puaXFZcXlzOWFmbU43UnJ0NHZpN0p2YXZYLWt3c05CZkZHZnN1dU5DTVp3Mk5YczJpSGxhb2IwQUJ4aTVxU3J6UXF5Q3diZVNvR1ZQR1dlaGpxUEJVemJOUTFNWUgwNFZkVE01UUc2YmNjRnkzWlE1RW9TbnJoOU1RUkUyektWYXhLa1E0VWdR?oc=5\" target=\"_blank\" rel=\"nofollow noopener\">Tennis &#8211; Aliz\u00e9 Cornet a pour \u00ab\u00a0objectif\u00a0\u00bb de ramener la France dans l&rsquo;\u00e9lite de la BJK Cup \u00ab\u00a0d\u00e8s 2026\u00a0\u00bb<\/a>&nbsp;&nbsp;Eurosport<\/li>\n<li><a href=\"https:\/\/news.google.com\/rss\/articles\/CBMikgJBVV95cUxQYTFTdjFCOWlmT2dQMFh4ZTh1WTFSWXhfREtMX3RyQkdYeTZqZ1pQcVZSYXZTakk3cTkzZ0hGbmVCX1U3RFkxUnU4TXpaWW96ZjUwVlVMS0UycllGYWV5RVRjeE04R045Q0xES3NDU1JEMVpWR2NFYlBFU2VxZ0FPM19ZR0hjcmpEdkJkSTA1a2lzYjNFVF9LTWxhSDllbE9hQ3JZemI2RDZoSEQwSUJlOW1WTXp4eEZWU2hOV3ZTY3RDZmkzSXkzSUV4TVZrLXFJeGJfOWJNTml4SzlhMXA1ZGFjS3pqZHg4NWRqMU5LRkFzTEpTWmJ6dTNZb25QZDlJSm1lZ3hERFFIQVBqNllCWTV3?oc=5\" target=\"_blank\" rel=\"nofollow noopener\">WTA &gt; Aliz\u00e9 Cornet, nouvelle capitaine de l&rsquo;\u00e9quipe de France de Billie Jean King Cup : \u00ab J&rsquo;y pense depuis que j&rsquo;ai 25 ans. Je savais que j&rsquo;allais \u00eatre capitaine un jour<\/a>&nbsp;&nbsp;We Love Tennis<\/li>\n<li><a href=\"https:\/\/news.google.com\/rss\/articles\/CBMigwFBVV95cUxPOW1McmNaYlh2UkVGallTV0RVRER6WE1JZjczb3NyTXN0SnJXRVdCSFJUbXl2SjhZd1BoWWkxRlJ2b0htVXNzT2p6alc2UnlOeTl2akJMZExUREpsTFBPMXI2M3A1MDhuci1xQ21sMW50dC16QUpUbUpqZzdyZ0hMaHpfZw?oc=5\" target=\"_blank\" rel=\"nofollow noopener\">\u00ab Influer un souffle de solidarit\u00e9 et d&rsquo;entraide dans l&rsquo;\u00e9quipe \u00bb, Cornet d\u00e9voile ses objectifs en tant que capitaine de l\u2019\u00e9quipe de France de BJK Cup<\/a>&nbsp;&nbsp;Tennis Temple<\/li>\n<li><a href=\"https:\/\/news.google.com\/rss\/articles\/CBMi6wFBVV95cUxNZ1FwdDhGZXRzYnJKVC01aEtDRlp3dnBSbmhJY3FjRUVPVno4d2Ywd3FlMk1GT3dpUVkzZk9pTnhjT1RiSVRXa3I1ZGtOWFcta3hUdmJTTVdWQ2dFeUtKOWxBZElZTFJhMGp5YXdYdDQ4cVFhUzJOQTRNSzI1ZzN4U0tQallsWjFaaVRoU0JtUjlaWndFUVk5cEJiaS0zMGkzVG9pUXRLYnFwNUtfbEIxNlQ4U0loTDhTS3ZPdVNHU0JUN2ZEMTRtZVBOSURoRi1iRXl1TjBSVHNJM1RaMkVWWEhXM2YyLTNVNUZR?oc=5\" target=\"_blank\" rel=\"nofollow noopener\">Tennis : \u00abLes filles ont besoin aussi d\u2019une grande s\u0153ur\u00bb , confie Cornet, nouvelle capitaine des Bleues en BJK Cup<\/a>&nbsp;&nbsp;Le Figaro<\/li>\n<\/ol>\n","protected":false},"excerpt":{"rendered":"Aliz\u00e9 Cornet se confie sur sa nomination \u00e0 la t\u00eate de l&rsquo;\u00e9quipe de France de BJK Cup :&hellip;\n","protected":false},"author":2,"featured_media":516144,"comment_status":"","ping_status":"","sticky":false,"template":"","format":"standard","meta":{"footnotes":""},"categories":[1415],"tags":[1011,27,60,1467],"class_list":{"0":"post-516143","1":"post","2":"type-post","3":"status-publish","4":"format-standard","5":"has-post-thumbnail","7":"category-tennis","8":"tag-fr","9":"tag-france","10":"tag-sports","11":"tag-tennis"},"share_on_mastodon":{"url":"https:\/\/pubeurope.com\/@fr\/115503338845587574","error":""},"_links":{"self":[{"href":"https:\/\/www.europesays.com\/fr\/wp-json\/wp\/v2\/posts\/516143","targetHints":{"allow":["GET"]}}],"collection":[{"href":"https:\/\/www.europesays.com\/fr\/wp-json\/wp\/v2\/posts"}],"about":[{"href":"https:\/\/www.europesays.com\/fr\/wp-json\/wp\/v2\/types\/post"}],"author":[{"embeddable":true,"href":"https:\/\/www.europesays.com\/fr\/wp-json\/wp\/v2\/users\/2"}],"replies":[{"embeddable":true,"href":"https:\/\/www.europesays.com\/fr\/wp-json\/wp\/v2\/comments?post=516143"}],"version-history":[{"count":0,"href":"https:\/\/www.europesays.com\/fr\/wp-json\/wp\/v2\/posts\/516143\/revisions"}],"wp:featuredmedia":[{"embeddable":true,"href":"https:\/\/www.europesays.com\/fr\/wp-json\/wp\/v2\/media\/516144"}],"wp:attachment":[{"href":"https:\/\/www.europesays.com\/fr\/wp-json\/wp\/v2\/media?parent=516143"}],"wp:term":[{"taxonomy":"category","embeddable":true,"href":"https:\/\/www.europesays.com\/fr\/wp-json\/wp\/v2\/categories?post=516143"},{"taxonomy":"post_tag","embeddable":true,"href":"https:\/\/www.europesays.com\/fr\/wp-json\/wp\/v2\/tags?post=516143"}],"curies":[{"name":"wp","href":"https:\/\/api.w.org\/{rel}","templated":true}]}}