{"id":516163,"date":"2025-11-06T15:13:21","date_gmt":"2025-11-06T15:13:21","guid":{"rendered":"https:\/\/www.europesays.com\/fr\/516163\/"},"modified":"2025-11-06T15:13:21","modified_gmt":"2025-11-06T15:13:21","slug":"eric-neuhoff-journaliste-au-figaro-elu-a-lacademie-francaise","status":"publish","type":"post","link":"https:\/\/www.europesays.com\/fr\/516163\/","title":{"rendered":"\u00c9ric Neuhoff, journaliste au Figaro, \u00e9lu \u00e0 l\u2019Acad\u00e9mie fran\u00e7aise"},"content":{"rendered":"<p>\n    <strong>PORTRAIT &#8211;<\/strong> Critique de cin\u00e9ma, journaliste, \u00e9crivain, l\u2019une des plus belles plumes du Figaro vient d\u2019\u00eatre \u00e9lu \u00e0 l\u2019Acad\u00e9mie fran\u00e7aise.<\/p>\n<p class=\"fig-paragraph\">Si on lui avait dit \u00e7a. Qu\u2019un jour il se pr\u00e9senterait \u00e0\u00a0<a href=\"http:\/\/www.lefigaro.fr\/actualite-france\/pourquoi-boualem-sansal-n-est-il-pas-a-l-academie-francaise-en-belgique-c-est-passe-comme-une-lettre-a-la-poste-deplore-eric-emmanuel-schmitt-20251023\" data-fig-type=\"NewsFlash\" data-gtm-custom-categorie=\"navigation\" data-gtm-custom-action=\"crossclick\" data-gtm-custom-label=\"Contextuel\" data-gtm-event=\"customEventSPE\" data-fig-domain=\"LEFIGARO\" target=\"_blank\" rel=\"noopener\">l\u2019Acad\u00e9mie fran\u00e7aise<\/a>\u00a0; s\u00e9rieusement. Que ce ne serait pas une blague de potaches, un pari de fin de soir\u00e9e alcoolis\u00e9e. Et qu\u2019il serait \u00e9lu. Il aurait \u00e9clat\u00e9 de rire, vous aurait servi un verre de Chablis pour chasser cette id\u00e9e baroque. \u00ab Voir les choses en farce est le seul moyen de ne pas les voir en noir\u00a0\u00bb soulignait\u00a0<a href=\"http:\/\/www.lefigaro.fr\/arts-expositions\/flaubert-zola-maupassant-les-goncourt-quand-le-clan-des-realistes-se-divisait-dans-la-critique-d-art-20250510\" data-fig-type=\"Article\" data-gtm-custom-categorie=\"navigation\" data-gtm-custom-action=\"crossclick\" data-gtm-custom-label=\"Contextuel\" data-gtm-event=\"customEventSPE\" data-fig-domain=\"LEFIGARO\" target=\"_blank\" rel=\"noopener\">Flaubert<\/a>. Ce n\u2019est pas Neuhoff qui le contredira. Toujours la phrase pour rire, le jeu de mots en embuscade. Il se planque derri\u00e8re. \u00c7a mitraille dans tous les sens. La plupart de ses plaisanteries lui vaudrait d\u2019\u00eatre embastill\u00e9 par le r\u00e9gime actuel. Les auditeurs du Masque et la plume peuvent en t\u00e9moigner.<\/p>\n<p class=\"fig-paragraph\">Le cin\u00e9ma, sa v\u00e9ritable passion, \u00ab royaume des ongles sales et des semelles de cr\u00eape\u00a0\u00bb dans sa version fran\u00e7aise contemporaine, en prend pour son grade. Les films d\u2019auteur le font bailler\u00a0: \u00ab deal, avortements et migrants au grand c\u0153ur. Quel conformisme\u00a0\u00bb.\u00a0<a href=\"http:\/\/madame.lefigaro.fr\/celebrites\/cinema\/les-freres-dardenne-nous-passons-le-dernier-jour-du-festival-comme-rosetta-a-l-epoque-c-est-une-facon-d-avoir-emilie-dequenne-avec-nous-20250523\" data-fig-type=\"Article\" data-gtm-custom-categorie=\"navigation\" data-gtm-custom-action=\"crossclick\" data-gtm-custom-label=\"Contextuel\" data-gtm-event=\"customEventSPE\" data-fig-domain=\"MADAME\" target=\"_blank\" rel=\"noopener\">Les fr\u00e8res Dardenne<\/a>, parangons de l\u2019engagement\u2026<\/p>\n<p class=\"fig-premium-paywall__infos\">\n        Cet article est r\u00e9serv\u00e9 aux abonn\u00e9s.        Il vous reste 90% \u00e0 d\u00e9couvrir.\n    <\/p>\n<p>                <img  data- alt=\"Le Figaro\" class=\"fig-img--complete fig-img\"\/><\/p>\n<p class=\"fig-premium-paywall__title\">Vous avez envie de lire la suite ?<\/p>\n<p class=\"fig-premium-paywall__subtitle\">D\u00e9bloquez tous les articles imm\u00e9diatement.<\/p>\n<p class=\"fig-premium-paywall__connect\">\n                D\u00e9j\u00e0 abonn\u00e9\u00a0?                <a class=\"fig-premium-paywall__connect-link\" href=\"https:\/\/connect.lefigaro.fr\/login?client=horizon_web&amp;type=main&amp;redirect_uri=https%3A%2F%2Fwww.lefigaro.fr%2Flivres%2Feric-neuhoff-un-destin-francais-20251106\" data-js-gtm=\"{&quot;customCategorie&quot;: &quot;conversion&quot;, &quot;customAction&quot;: &quot;before_Landing_Connexion_paywall_auto&quot;, &quot;customLabel&quot;: &quot;bGVmaWdhcm8uZnJfXzFmMGJiMTc2LTBiMDMtNmE3Yy1hYTAwLTM3MTA0NmNhOTYwM19fTmV3c0ZsYXNo_\u00c9ric Neuhoff, journaliste au &lt;i&gt;Figaro&lt;\/i&gt;, \u00e9lu \u00e0 l\u2019Acad\u00e9mie fran\u00e7aise_309&quot;, &quot;customIDSPE&quot;: &quot;bGVmaWdhcm8uZnJfXzFmMGJiMTc2LTBiMDMtNmE3Yy1hYTAwLTM3MTA0NmNhOTYwM19fTmV3c0ZsYXNo&quot;, &quot;event&quot;: &quot;customEventSPE&quot;}\" target=\"_blank\" rel=\"noopener\"><br \/>\n                    Connectez-vous<br \/>\n                <\/a>\n            <\/p>\n","protected":false},"excerpt":{"rendered":"PORTRAIT &#8211; Critique de cin\u00e9ma, journaliste, \u00e9crivain, l\u2019une des plus belles plumes du Figaro vient d\u2019\u00eatre \u00e9lu \u00e0&hellip;\n","protected":false},"author":2,"featured_media":516164,"comment_status":"","ping_status":"","sticky":false,"template":"","format":"standard","meta":{"footnotes":""},"categories":[8],"tags":[31397,58,2005,59,63700,1011,27],"class_list":{"0":"post-516163","1":"post","2":"type-post","3":"status-publish","4":"format-standard","5":"has-post-thumbnail","7":"category-divertissement","8":"tag-academie-francaise","9":"tag-divertissement","10":"tag-ecrivain","11":"tag-entertainment","12":"tag-eric-neuhoff","13":"tag-fr","14":"tag-france"},"share_on_mastodon":{"url":"https:\/\/pubeurope.com\/@fr\/115503405783024080","error":""},"_links":{"self":[{"href":"https:\/\/www.europesays.com\/fr\/wp-json\/wp\/v2\/posts\/516163","targetHints":{"allow":["GET"]}}],"collection":[{"href":"https:\/\/www.europesays.com\/fr\/wp-json\/wp\/v2\/posts"}],"about":[{"href":"https:\/\/www.europesays.com\/fr\/wp-json\/wp\/v2\/types\/post"}],"author":[{"embeddable":true,"href":"https:\/\/www.europesays.com\/fr\/wp-json\/wp\/v2\/users\/2"}],"replies":[{"embeddable":true,"href":"https:\/\/www.europesays.com\/fr\/wp-json\/wp\/v2\/comments?post=516163"}],"version-history":[{"count":0,"href":"https:\/\/www.europesays.com\/fr\/wp-json\/wp\/v2\/posts\/516163\/revisions"}],"wp:featuredmedia":[{"embeddable":true,"href":"https:\/\/www.europesays.com\/fr\/wp-json\/wp\/v2\/media\/516164"}],"wp:attachment":[{"href":"https:\/\/www.europesays.com\/fr\/wp-json\/wp\/v2\/media?parent=516163"}],"wp:term":[{"taxonomy":"category","embeddable":true,"href":"https:\/\/www.europesays.com\/fr\/wp-json\/wp\/v2\/categories?post=516163"},{"taxonomy":"post_tag","embeddable":true,"href":"https:\/\/www.europesays.com\/fr\/wp-json\/wp\/v2\/tags?post=516163"}],"curies":[{"name":"wp","href":"https:\/\/api.w.org\/{rel}","templated":true}]}}