{"id":51617,"date":"2025-04-25T11:22:28","date_gmt":"2025-04-25T11:22:28","guid":{"rendered":"https:\/\/www.europesays.com\/fr\/51617\/"},"modified":"2025-04-25T11:22:28","modified_gmt":"2025-04-25T11:22:28","slug":"le-savez-vous-du-jour-savez-vous-pourquoi-le-grand-nancy-est-vraiment-une-toute-petite-metropole","status":"publish","type":"post","link":"https:\/\/www.europesays.com\/fr\/51617\/","title":{"rendered":"Le \u00ab\u00a0savez-vous\u00a0\u00bb du jour. Savez-vous pourquoi le Grand Nancy est vraiment une toute petite M\u00e9tropole\u00a0?"},"content":{"rendered":"<p>Au sein des 21 M\u00e9tropoles recens\u00e9es en France, Paris reste \u00e9videmment capitale, h\u00e9g\u00e9monique aussi bien par sa population que par sa densit\u00e9 et enfin sa force \u00e9conomique. Si la M\u00e9tropole de Brest ferme la marche en termes de population (216\u00a0077) et du nombre de communes qui la compose (8), la M\u00e9tropole du Grand Nancy, avec 261\u00a0643 habitants, a un statut particulier au sein de ces 21 collectivit\u00e9s \u00e0 statut particulier.<\/p>\n<p>Elle est en effet avec ses 20 communes, la plus petite des M\u00e9tropoles fran\u00e7aises en termes de superficie. Ses 142,3 km2 sont effectivement 22 fois moins importants que la M\u00e9tropole d\u2019Aix-Marseille-Provence et les 3\u00a0149,20 km2 de ses 92 communes, la plus \u00e9tendue de toutes.<\/p>\n<p>Dans ce classement des superficies, la M\u00e9tropole du Grand Nancy est ainsi devanc\u00e9e par celle de Brest (218\u00a0km2) et Dijon (240\u00a0km2).<\/p>\n","protected":false},"excerpt":{"rendered":"Au sein des 21 M\u00e9tropoles recens\u00e9es en France, Paris reste \u00e9videmment capitale, h\u00e9g\u00e9monique aussi bien par sa population&hellip;\n","protected":false},"author":2,"featured_media":51618,"comment_status":"","ping_status":"","sticky":false,"template":"","format":"standard","meta":{"footnotes":""},"categories":[9635],"tags":[1111,11,1707,1704,1706,1705,1777,674,1011,27,329,775,3457,1702,1703,12,3456,25,104],"class_list":{"0":"post-51617","1":"post","2":"type-post","3":"status-publish","4":"format-standard","5":"has-post-thumbnail","7":"category-nancy","8":"tag-actu","9":"tag-actualites","10":"tag-edition-luneville","11":"tag-edition-nancy-et-agglomeration","12":"tag-edition-pont-a-mousson","13":"tag-edition-toul","14":"tag-eu","15":"tag-europe","16":"tag-fr","17":"tag-france","18":"tag-france-monde","19":"tag-grand-est","20":"tag-meurthe-et-moselle","21":"tag-nancy","22":"tag-nancy-ville-54b","23":"tag-news","24":"tag-region-lorraine","25":"tag-republique-francaise","26":"tag-societe"},"share_on_mastodon":{"url":"https:\/\/pubeurope.com\/@fr\/114398346813461643","error":""},"_links":{"self":[{"href":"https:\/\/www.europesays.com\/fr\/wp-json\/wp\/v2\/posts\/51617","targetHints":{"allow":["GET"]}}],"collection":[{"href":"https:\/\/www.europesays.com\/fr\/wp-json\/wp\/v2\/posts"}],"about":[{"href":"https:\/\/www.europesays.com\/fr\/wp-json\/wp\/v2\/types\/post"}],"author":[{"embeddable":true,"href":"https:\/\/www.europesays.com\/fr\/wp-json\/wp\/v2\/users\/2"}],"replies":[{"embeddable":true,"href":"https:\/\/www.europesays.com\/fr\/wp-json\/wp\/v2\/comments?post=51617"}],"version-history":[{"count":0,"href":"https:\/\/www.europesays.com\/fr\/wp-json\/wp\/v2\/posts\/51617\/revisions"}],"wp:featuredmedia":[{"embeddable":true,"href":"https:\/\/www.europesays.com\/fr\/wp-json\/wp\/v2\/media\/51618"}],"wp:attachment":[{"href":"https:\/\/www.europesays.com\/fr\/wp-json\/wp\/v2\/media?parent=51617"}],"wp:term":[{"taxonomy":"category","embeddable":true,"href":"https:\/\/www.europesays.com\/fr\/wp-json\/wp\/v2\/categories?post=51617"},{"taxonomy":"post_tag","embeddable":true,"href":"https:\/\/www.europesays.com\/fr\/wp-json\/wp\/v2\/tags?post=51617"}],"curies":[{"name":"wp","href":"https:\/\/api.w.org\/{rel}","templated":true}]}}