{"id":516179,"date":"2025-11-06T15:21:25","date_gmt":"2025-11-06T15:21:25","guid":{"rendered":"https:\/\/www.europesays.com\/fr\/516179\/"},"modified":"2025-11-06T15:21:25","modified_gmt":"2025-11-06T15:21:25","slug":"la-police-lance-un-appel-a-temoins-7","status":"publish","type":"post","link":"https:\/\/www.europesays.com\/fr\/516179\/","title":{"rendered":"la police lance un appel \u00e0 t\u00e9moins"},"content":{"rendered":"<p>            Par<br \/>\n        <strong><br \/>\n            <a href=\"https:\/\/actu.fr\/auteur\/amandine-mehl\" title=\"Consulter tous les articles de Amandine Mehl\" rel=\"nofollow noopener\" target=\"_blank\">Amandine Mehl<\/a><br \/>\n        <\/strong><\/p>\n<p>        Publi\u00e9 le<\/p>\n<p>            6 nov. 2025 \u00e0 15h27        <\/p>\n<p>Donovan Raevens, 33 ans, fait l\u2019objet d\u2019une <a href=\"https:\/\/actu.fr\/tag\/disparition\" rel=\"nofollow noopener\" target=\"_blank\">disparition inqui\u00e9tante<\/a> \u00e0 Nancy. Comme on peut le lire au sein de l\u2019<a href=\"https:\/\/actu.fr\/tag\/appel-a-temoins\" rel=\"nofollow noopener\" target=\"_blank\">appel \u00e0 t\u00e9moins<\/a> diffus\u00e9 par la <a href=\"https:\/\/actu.fr\/tag\/police\" rel=\"nofollow noopener\" target=\"_blank\">police<\/a> nationale, l\u2019homme <strong>n\u2019a plus donn\u00e9 signe de vie depuis le 23 septembre<\/strong>.<\/p>\n<p>Un appel \u00e0 t\u00e9moins pour retrouver Donovan Raevens<\/p>\n<p class=\" wall-content\">D\u2019apr\u00e8s les forces de l\u2019ordre, le trentenaire a des <strong>cheveux ch\u00e2tains<\/strong>, des <strong>yeux marron<\/strong>, est de <strong>corpulence normale<\/strong> et mesure <strong>1,78 m<\/strong>.\u00a0<\/p>\n<p class=\" wall-content\">Il est \u00e9galement pr\u00e9cis\u00e9 qu\u2019il a une <strong>voix rauque<\/strong>, un <strong>tatouage dans le cou<\/strong> et qu\u2019il a \u00e9t\u00e9 <strong>amput\u00e9 de l\u2019oreille gauche<\/strong>.<\/p>\n<p class=\" wall-content\">\n<p class=\" wall-content\">Si vous disposez d\u2019informations pouvant aider les enqu\u00eateurs, vous pouvez contacter le <strong>03 83 17 27 53<\/strong>.<\/p>\n<p class=\" wall-content\">Personnalisez votre actualit\u00e9 en ajoutant vos villes et m\u00e9dias en favori avec <a href=\"https:\/\/moncompte.actu.fr\" title=\"D\u00e9couvez Mon Actu\" rel=\"nofollow noopener\" data-trk=\"{&quot;cta&quot;:{&quot;action&quot;:&quot;https:\\\/\\\/moncompte.actu.fr&quot;,&quot;category&quot;:&quot;mon compte&quot;,&quot;from&quot;:&quot;article footer&quot;,&quot;name&quot;:&quot;Mon actu&quot;,&quot;type&quot;:&quot;cta&quot;}}\" target=\"_blank\">Mon Actu<\/a>.<\/p>\n","protected":false},"excerpt":{"rendered":"Par Amandine Mehl Publi\u00e9 le 6 nov. 2025 \u00e0 15h27 Donovan Raevens, 33 ans, fait l\u2019objet d\u2019une disparition&hellip;\n","protected":false},"author":2,"featured_media":516180,"comment_status":"","ping_status":"","sticky":false,"template":"","format":"standard","meta":{"footnotes":""},"categories":[9635],"tags":[1111,11,4260,3676,1777,674,118,1011,27,775,1702,12,1072,25],"class_list":{"0":"post-516179","1":"post","2":"type-post","3":"status-publish","4":"format-standard","5":"has-post-thumbnail","7":"category-nancy","8":"tag-actu","9":"tag-actualites","10":"tag-appel-a-temoins","11":"tag-disparition-inquietante","12":"tag-eu","13":"tag-europe","14":"tag-faits-divers","15":"tag-fr","16":"tag-france","17":"tag-grand-est","18":"tag-nancy","19":"tag-news","20":"tag-police","21":"tag-republique-francaise"},"share_on_mastodon":{"url":"https:\/\/pubeurope.com\/@fr\/115503437174292179","error":""},"_links":{"self":[{"href":"https:\/\/www.europesays.com\/fr\/wp-json\/wp\/v2\/posts\/516179","targetHints":{"allow":["GET"]}}],"collection":[{"href":"https:\/\/www.europesays.com\/fr\/wp-json\/wp\/v2\/posts"}],"about":[{"href":"https:\/\/www.europesays.com\/fr\/wp-json\/wp\/v2\/types\/post"}],"author":[{"embeddable":true,"href":"https:\/\/www.europesays.com\/fr\/wp-json\/wp\/v2\/users\/2"}],"replies":[{"embeddable":true,"href":"https:\/\/www.europesays.com\/fr\/wp-json\/wp\/v2\/comments?post=516179"}],"version-history":[{"count":0,"href":"https:\/\/www.europesays.com\/fr\/wp-json\/wp\/v2\/posts\/516179\/revisions"}],"wp:featuredmedia":[{"embeddable":true,"href":"https:\/\/www.europesays.com\/fr\/wp-json\/wp\/v2\/media\/516180"}],"wp:attachment":[{"href":"https:\/\/www.europesays.com\/fr\/wp-json\/wp\/v2\/media?parent=516179"}],"wp:term":[{"taxonomy":"category","embeddable":true,"href":"https:\/\/www.europesays.com\/fr\/wp-json\/wp\/v2\/categories?post=516179"},{"taxonomy":"post_tag","embeddable":true,"href":"https:\/\/www.europesays.com\/fr\/wp-json\/wp\/v2\/tags?post=516179"}],"curies":[{"name":"wp","href":"https:\/\/api.w.org\/{rel}","templated":true}]}}