{"id":516187,"date":"2025-11-06T15:35:10","date_gmt":"2025-11-06T15:35:10","guid":{"rendered":"https:\/\/www.europesays.com\/fr\/516187\/"},"modified":"2025-11-06T15:35:10","modified_gmt":"2025-11-06T15:35:10","slug":"lincroyable-cavale-dun-jeune-conducteur","status":"publish","type":"post","link":"https:\/\/www.europesays.com\/fr\/516187\/","title":{"rendered":"l&rsquo;incroyable cavale d\u2019un jeune conducteur"},"content":{"rendered":"<p>            Par<br \/>\n        <strong><br \/>\n            <a href=\"https:\/\/actu.fr\/auteur\/lea-pippinato\" title=\"Consulter tous les articles de L\u00e9a Pippinato\" target=\"_blank\" rel=\"noopener\">L\u00e9a Pippinato<\/a><br \/>\n        <\/strong><\/p>\n<p>        Publi\u00e9 le<\/p>\n<p>            6 nov. 2025 \u00e0 16h26<br \/>\n        ; mis \u00e0 jour le 6 nov. 2025 \u00e0 16h32    <\/p>\n<p><strong>Dans la nuit du lundi 3 au mardi 4 novembre 2025<\/strong>, peu avant 1h du matin, une patrouille de la Bac (brigade anticriminalit\u00e9) circulait avenue de Palavas, \u00e0 Montpellier. Un v\u00e9hicule a surgi, grill\u00e9 un feu rouge et coup\u00e9 sa route. Les policiers ont enclench\u00e9 un contr\u00f4le imm\u00e9diat. Le conducteur a appuy\u00e9 sur l\u2019acc\u00e9l\u00e9rateur et engag\u00e9 une fuite.<\/p>\n<p>    <a href=\"https:\/\/www.google.com\/maps\/embed?pb=!1m18!1m12!1m3!1d2889.526822730469!2d3.8853993764592687!3d43.59557137110486!2m3!1f0!2f0!3f0!3m2!1i1024!2i768!4f13.1!3m3!1m2!1s0x12b6af96a41d69ab%3A0x2c5945103a7eaf0a!2sAv.%20de%20Palavas%2C%2034000%20Montpellier!5e0!3m2!1sfr!2sfr!4v1762439148243!5m2!1sfr!2sfr\" title=\"Ouvrie le lien\" target=\"_blank\" rel=\"noopener\">Cliquez ici pour visualiser le contenu<\/a><\/p>\n<p class=\" wall-content\">La voiture a fil\u00e9 rue de l\u2019Industrie. Les forces de l\u2019ordre ont relev\u00e9 une vitesse d\u2019environ 130 km\/h. Malgr\u00e9 les feux, les intersections et la circulation, le fuyard n\u2019a jamais ralenti. Plusieurs feux ont \u00e9t\u00e9 franchis sans marquer l\u2019arr\u00eat. Un pi\u00e9ton a d\u00fb se mettre sur le c\u00f4t\u00e9 pour ne pas \u00eatre percut\u00e9.<\/p>\n<p>Ronds-points pris \u00e0 contresens et trajectoire dangereuse<\/p>\n<p class=\" wall-content\">Le v\u00e9hicule a poursuivi rue du Mas Saint-Pierre, puis avenue de Maurin. \u00c0 cet endroit, il a pris deux ronds-points \u00e0 contresens. Dans les virages, le conducteur a zigzagu\u00e9, se d\u00e9portant tour \u00e0 tour sur les deux c\u00f4t\u00e9s de la chauss\u00e9e. Il a emp\u00each\u00e9 la voiture de police de se rapprocher, augmentant le risque de collision. Des renforts ont rejoint la poursuite, prolong\u00e9e vers le boulevard Paul Val\u00e9ry et la rue Villeneuve d\u2019Angoul\u00eame, \u00e0 La Croix d\u2019Argent.<\/p>\n<p class=\" wall-content\">Dans ce secteur, un fourgon de police-secours a tent\u00e9 une interception frontale. Le conducteur n\u2019a pas frein\u00e9 pour autant : les agents ont d\u00fb effectuer une man\u0153uvre d\u2019urgence. Un policier est descendu pour installer un <strong>dispositif de stop-stick, <\/strong>undispositif utilis\u00e9 pour intercepter un v\u00e9hicule en crevant ses pneus. Le conducteur a fonc\u00e9 droit vers lui, l\u2019agent s\u2019est retir\u00e9 en urgence pour \u00e9viter l\u2019impact. La fuite a continu\u00e9 jusqu\u2019au faubourg Figuerolles. Pi\u00e9tons, cyclistes et riverains pr\u00e9sents sur les trottoirs se sont \u00e9cart\u00e9s dans la pr\u00e9cipitation. Le fuyard a pris la route de Lav\u00e9rune, en travaux, roulant tour \u00e0 tour sur le trottoir et sur la chauss\u00e9e, parfois \u00e0 contresens. Il a ensuite circul\u00e9 sur les voies du tramway en sens inverse, esp\u00e9rant semer les policiers.<\/p>\n<p>Vid\u00e9os : en ce moment sur ActuUne fin de course sur les jantes<\/p>\n<p class=\" wall-content\">Un second moyen d\u2019interception avait \u00e9t\u00e9 dispos\u00e9 plus loin par un \u00e9quipage de la Bac. Pour l\u2019\u00e9viter, le conducteur a brusquement chang\u00e9 de cap, travers\u00e9 la plateforme du tramway et percut\u00e9 un terre-plein. Plusieurs pneus ont \u00e9clat\u00e9. La voiture a continu\u00e9 sur les jantes, fortement ralentie. Elle s\u2019est immobilis\u00e9e rue Laurent Fran\u00e7ois, bloqu\u00e9e par un autre v\u00e9hicule arrivant en face. Le conducteur et son passager, son cousin \u00e2g\u00e9 de 28 ans, ont \u00e9t\u00e9 interpell\u00e9s. Ce dernier a \u00e9t\u00e9 mis hors de cause. Le conducteur, \u00e2g\u00e9 de 24 ans et domicili\u00e9 \u00e0 Montpellier, a expliqu\u00e9 avoir pris la fuite parce que son permis avait \u00e9t\u00e9 annul\u00e9 et sa voiture n\u2019\u00e9tait pas assur\u00e9e.<\/p>\n<p class=\" wall-content\">D\u00e9f\u00e9r\u00e9 au parquet, il a \u00e9t\u00e9 plac\u00e9 sous contr\u00f4le judiciaire. Il sera jug\u00e9 <strong>le 29 d\u00e9cembre prochain<\/strong>\u00a0au tribunal judiciaire de Montpellier. Aucun bless\u00e9 n\u2019a \u00e9t\u00e9 recens\u00e9, malgr\u00e9 les vitesses excessives, les franchissements de carrefours, les circulations \u00e0 contresens et les man\u0153uvres risqu\u00e9es en pleine ville.<\/p>\n<p class=\" wall-content\">Personnalisez votre actualit\u00e9 en ajoutant vos villes et m\u00e9dias en favori avec <a href=\"https:\/\/moncompte.actu.fr\" title=\"D\u00e9couvez Mon Actu\" rel=\"nofollow noopener\" data-trk=\"{&quot;cta&quot;:{&quot;action&quot;:&quot;https:\\\/\\\/moncompte.actu.fr&quot;,&quot;category&quot;:&quot;mon compte&quot;,&quot;from&quot;:&quot;article footer&quot;,&quot;name&quot;:&quot;Mon actu&quot;,&quot;type&quot;:&quot;cta&quot;}}\" target=\"_blank\">Mon Actu<\/a>.<\/p>\n","protected":false},"excerpt":{"rendered":"Par L\u00e9a Pippinato Publi\u00e9 le 6 nov. 2025 \u00e0 16h26 ; mis \u00e0 jour le 6 nov. 2025&hellip;\n","protected":false},"author":2,"featured_media":516188,"comment_status":"","ping_status":"","sticky":false,"template":"","format":"standard","meta":{"footnotes":""},"categories":[9599],"tags":[1111,11,1777,674,118,1011,27,2208,12,2680,1072,2852,25,5009],"class_list":{"0":"post-516187","1":"post","2":"type-post","3":"status-publish","4":"format-standard","5":"has-post-thumbnail","7":"category-montpellier","8":"tag-actu","9":"tag-actualites","10":"tag-eu","11":"tag-europe","12":"tag-faits-divers","13":"tag-fr","14":"tag-france","15":"tag-montpellier","16":"tag-news","17":"tag-occitanie","18":"tag-police","19":"tag-refus-dobtemperer","20":"tag-republique-francaise","21":"tag-securite-routiere"},"share_on_mastodon":{"url":"https:\/\/pubeurope.com\/@fr\/115503492226318119","error":""},"_links":{"self":[{"href":"https:\/\/www.europesays.com\/fr\/wp-json\/wp\/v2\/posts\/516187","targetHints":{"allow":["GET"]}}],"collection":[{"href":"https:\/\/www.europesays.com\/fr\/wp-json\/wp\/v2\/posts"}],"about":[{"href":"https:\/\/www.europesays.com\/fr\/wp-json\/wp\/v2\/types\/post"}],"author":[{"embeddable":true,"href":"https:\/\/www.europesays.com\/fr\/wp-json\/wp\/v2\/users\/2"}],"replies":[{"embeddable":true,"href":"https:\/\/www.europesays.com\/fr\/wp-json\/wp\/v2\/comments?post=516187"}],"version-history":[{"count":0,"href":"https:\/\/www.europesays.com\/fr\/wp-json\/wp\/v2\/posts\/516187\/revisions"}],"wp:featuredmedia":[{"embeddable":true,"href":"https:\/\/www.europesays.com\/fr\/wp-json\/wp\/v2\/media\/516188"}],"wp:attachment":[{"href":"https:\/\/www.europesays.com\/fr\/wp-json\/wp\/v2\/media?parent=516187"}],"wp:term":[{"taxonomy":"category","embeddable":true,"href":"https:\/\/www.europesays.com\/fr\/wp-json\/wp\/v2\/categories?post=516187"},{"taxonomy":"post_tag","embeddable":true,"href":"https:\/\/www.europesays.com\/fr\/wp-json\/wp\/v2\/tags?post=516187"}],"curies":[{"name":"wp","href":"https:\/\/api.w.org\/{rel}","templated":true}]}}