{"id":516191,"date":"2025-11-06T15:37:28","date_gmt":"2025-11-06T15:37:28","guid":{"rendered":"https:\/\/www.europesays.com\/fr\/516191\/"},"modified":"2025-11-06T15:37:28","modified_gmt":"2025-11-06T15:37:28","slug":"accident-entre-plusieurs-vehicules-sur-la29-en-seine-maritime-trois-blesses-legers","status":"publish","type":"post","link":"https:\/\/www.europesays.com\/fr\/516191\/","title":{"rendered":"Accident entre plusieurs v\u00e9hicules sur l&rsquo;A29 en Seine-Maritime : trois bless\u00e9s l\u00e9gers"},"content":{"rendered":"<p>            Par<br \/>\n        <strong><br \/>\n            <a href=\"https:\/\/actu.fr\/auteur\/fmass\" title=\"Consulter tous les articles de Fabien Massin\" rel=\"nofollow noopener\" target=\"_blank\">Fabien Massin<\/a><br \/>\n        <\/strong><\/p>\n<p>        Publi\u00e9 le<\/p>\n<p>            4 nov. 2025 \u00e0 19h29        <\/p>\n<p>Mardi 4 novembre 2025 peu apr\u00e8s 18 heures, les pompiers ont \u00e9t\u00e9 appel\u00e9s pour intervenir sur un <strong>accident de la circulation sur l\u2019autoroute A29<\/strong>, au niveau de la commune de <strong>Parc-d\u2019Anxtot<\/strong> <a href=\"https:\/\/actu.fr\/normandie\/seine-maritime_76\" rel=\"nofollow noopener\" target=\"_blank\">(Seine-Maritime)<\/a>.<\/p>\n<p>Trois bless\u00e9s l\u00e9gers<\/p>\n<p class=\" wall-content\">Plusieurs v\u00e9hicules sont impliqu\u00e9s, informe le Sdis (service d\u00e9partemental d\u2019incendie et de secours) 76 : <strong>une voiture, un utilitaire et un poids lourd<\/strong>. L\u2019accident s\u2019est produit dans le sens Amiens-Le Havre.<\/p>\n<p class=\" wall-content\">Trois personnes ont \u00e9t\u00e9 l\u00e9g\u00e8rement bless\u00e9es, trois hommes \u00e2g\u00e9s de 28, 31 et 56 ans, amen\u00e9s au centre hospitalier Monod dans l\u2019agglo du Havre. Un autre, \u00e2g\u00e9 de 20, est indemne.\u00a0<\/p>\n<p class=\" wall-content\"><a href=\"https:\/\/www.bison-fute.gouv.fr\/rouen,10267.html\" rel=\"nofollow noopener\" target=\"_blank\">Bison F\u00fbt\u00e9<\/a> pr\u00e9cise qu\u2019un bouchon de 0,5 km s\u2019est form\u00e9 dans la zone. La circulation s\u2019effectue sur une voie r\u00e9gul\u00e9e par la gendarmerie.<\/p>\n<p>Sur place, 5 engins et 13 sapeurs-pompiers ont \u00e9t\u00e9 d\u00e9p\u00each\u00e9s.\u00a0Suivez l\u2019actualit\u00e9 de Rouen sur notre <a href=\"https:\/\/www.whatsapp.com\/channel\/0029VaKfnf99hXF2ddApFB1D\" rel=\"nofollow noopener\" target=\"_blank\">cha\u00eene WhatsApp<\/a> et sur notre <a href=\"https:\/\/www.tiktok.com\/@76actu.fr?lang=fr\" rel=\"nofollow noopener\" target=\"_blank\">compte TikTok<\/a>Suivez l\u2019actualit\u00e9 du Havre sur notre <a href=\"https:\/\/www.whatsapp.com\/channel\/0029VaFqJYE8aKvLBwVrEe0o\" rel=\"nofollow noopener\" target=\"_blank\">cha\u00eene WhatsApp<\/a> et sur notre <a href=\"https:\/\/www.tiktok.com\/@76actu.fr?lang=fr\" rel=\"nofollow noopener\" target=\"_blank\">compte TikTok<\/a><\/p>\n<p class=\" wall-content\">Personnalisez votre actualit\u00e9 en ajoutant vos villes et m\u00e9dias en favori avec <a href=\"https:\/\/moncompte.actu.fr\" title=\"D\u00e9couvez Mon Actu\" rel=\"nofollow noopener\" data-trk=\"{&quot;cta&quot;:{&quot;action&quot;:&quot;https:\\\/\\\/moncompte.actu.fr&quot;,&quot;category&quot;:&quot;mon compte&quot;,&quot;from&quot;:&quot;article footer&quot;,&quot;name&quot;:&quot;Mon actu&quot;,&quot;type&quot;:&quot;cta&quot;}}\" target=\"_blank\">Mon Actu<\/a>.<\/p>\n<p>                    <script async src=\"\/\/www.tiktok.com\/embed.js\"><\/script><\/p>\n","protected":false},"excerpt":{"rendered":"Par Fabien Massin Publi\u00e9 le 4 nov. 2025 \u00e0 19h29 Mardi 4 novembre 2025 peu apr\u00e8s 18 heures,&hellip;\n","protected":false},"author":2,"featured_media":516192,"comment_status":"","ping_status":"","sticky":false,"template":"","format":"standard","meta":{"footnotes":""},"categories":[9587],"tags":[119,1111,11,1777,674,118,1011,27,12,5161,1311,25,9590],"class_list":{"0":"post-516191","1":"post","2":"type-post","3":"status-publish","4":"format-standard","5":"has-post-thumbnail","7":"category-rouen","8":"tag-accident","9":"tag-actu","10":"tag-actualites","11":"tag-eu","12":"tag-europe","13":"tag-faits-divers","14":"tag-fr","15":"tag-france","16":"tag-news","17":"tag-normandie","18":"tag-pompiers","19":"tag-republique-francaise","20":"tag-rouen"},"share_on_mastodon":{"url":"https:\/\/pubeurope.com\/@fr\/115503500247980027","error":""},"_links":{"self":[{"href":"https:\/\/www.europesays.com\/fr\/wp-json\/wp\/v2\/posts\/516191","targetHints":{"allow":["GET"]}}],"collection":[{"href":"https:\/\/www.europesays.com\/fr\/wp-json\/wp\/v2\/posts"}],"about":[{"href":"https:\/\/www.europesays.com\/fr\/wp-json\/wp\/v2\/types\/post"}],"author":[{"embeddable":true,"href":"https:\/\/www.europesays.com\/fr\/wp-json\/wp\/v2\/users\/2"}],"replies":[{"embeddable":true,"href":"https:\/\/www.europesays.com\/fr\/wp-json\/wp\/v2\/comments?post=516191"}],"version-history":[{"count":0,"href":"https:\/\/www.europesays.com\/fr\/wp-json\/wp\/v2\/posts\/516191\/revisions"}],"wp:featuredmedia":[{"embeddable":true,"href":"https:\/\/www.europesays.com\/fr\/wp-json\/wp\/v2\/media\/516192"}],"wp:attachment":[{"href":"https:\/\/www.europesays.com\/fr\/wp-json\/wp\/v2\/media?parent=516191"}],"wp:term":[{"taxonomy":"category","embeddable":true,"href":"https:\/\/www.europesays.com\/fr\/wp-json\/wp\/v2\/categories?post=516191"},{"taxonomy":"post_tag","embeddable":true,"href":"https:\/\/www.europesays.com\/fr\/wp-json\/wp\/v2\/tags?post=516191"}],"curies":[{"name":"wp","href":"https:\/\/api.w.org\/{rel}","templated":true}]}}