{"id":516195,"date":"2025-11-06T15:39:17","date_gmt":"2025-11-06T15:39:17","guid":{"rendered":"https:\/\/www.europesays.com\/fr\/516195\/"},"modified":"2025-11-06T15:39:17","modified_gmt":"2025-11-06T15:39:17","slug":"une-exposition-pour-la-paix-a-luiad","status":"publish","type":"post","link":"https:\/\/www.europesays.com\/fr\/516195\/","title":{"rendered":"une exposition pour la paix \u00e0 l\u2019UIAD"},"content":{"rendered":"<p>Ce mercredi, l\u2019Universit\u00e9 inter-\u00e2ges du Dauphin\u00e9 (UIAD) inaugurait, dans ses locaux, une exposition consacr\u00e9e \u00e0 la m\u00e9moire d\u2019Hiroshima et Nagasaki, \u00e0 l\u2019occasion des 80 ans des bombardements atomiques. \u00c0 travers des photographies historiques, des calligraphies japonaises et une installation sobre et poignante, cette initiative invite \u00e0 r\u00e9fl\u00e9chir sur les cons\u00e9quences de la guerre nucl\u00e9aire. Pr\u00e9sent\u00e9e jusqu\u2019\u00e0 la fin novembre, l\u2019exposition est le fruit d\u2019une collaboration entre l\u2019\u00c9cole de la paix, pr\u00e9sid\u00e9e par Richard P\u00e9tris, et le cours de japonais anim\u00e9 par Wakiko Tsuboi \u00e0 l\u2019UIAD.<\/p>\n<p>Face aux photographies d\u2019une trag\u00e9die absolue, les \u0153uvres calligraphiques r\u00e9alis\u00e9es par les \u00e9l\u00e8ves de Wakiko Tsuboi apportent une lumi\u00e8re apais\u00e9e. \u00ab\u00a0Les mots que nous avons trac\u00e9s signifient paix, confie l\u2019enseignante. Ils rappellent que l\u2019\u00e9criture, au Japon, est aussi une m\u00e9ditation.\u00a0\u00bb Sans grandiloquence, cette exposition rappelle qu\u2019au-del\u00e0 des faits, la m\u00e9moire demeure un appel \u00e0 la responsabilit\u00e9 universelle\u00a0: celle de construire un monde sans guerre, sans armes nucl\u00e9aires.<\/p>\n<p class=\"note\">Exposition visible tout le mois de novembre, au 1er \u00a0\u00e9tage de l\u2019UIAD, 2 square Belmont.<\/p>\n","protected":false},"excerpt":{"rendered":"Ce mercredi, l\u2019Universit\u00e9 inter-\u00e2ges du Dauphin\u00e9 (UIAD) inaugurait, dans ses locaux, une exposition consacr\u00e9e \u00e0 la m\u00e9moire d\u2019Hiroshima&hellip;\n","protected":false},"author":2,"featured_media":516196,"comment_status":"","ping_status":"","sticky":false,"template":"","format":"standard","meta":{"footnotes":""},"categories":[9566],"tags":[1111,11,2430,1687,112,1777,674,2271,1011,27,2731,2732,12,25],"class_list":{"0":"post-516195","1":"post","2":"type-post","3":"status-publish","4":"format-standard","5":"has-post-thumbnail","7":"category-grenoble","8":"tag-actu","9":"tag-actualites","10":"tag-auvergne-rhone-alpes","11":"tag-culture-loisirs","12":"tag-edition-grenoble-agglomeration","13":"tag-eu","14":"tag-europe","15":"tag-exposition-arts-plastiques","16":"tag-fr","17":"tag-france","18":"tag-grenoble","19":"tag-grenoble-bassin","20":"tag-news","21":"tag-republique-francaise"},"share_on_mastodon":{"url":"https:\/\/pubeurope.com\/@fr\/115503507979716713","error":""},"_links":{"self":[{"href":"https:\/\/www.europesays.com\/fr\/wp-json\/wp\/v2\/posts\/516195","targetHints":{"allow":["GET"]}}],"collection":[{"href":"https:\/\/www.europesays.com\/fr\/wp-json\/wp\/v2\/posts"}],"about":[{"href":"https:\/\/www.europesays.com\/fr\/wp-json\/wp\/v2\/types\/post"}],"author":[{"embeddable":true,"href":"https:\/\/www.europesays.com\/fr\/wp-json\/wp\/v2\/users\/2"}],"replies":[{"embeddable":true,"href":"https:\/\/www.europesays.com\/fr\/wp-json\/wp\/v2\/comments?post=516195"}],"version-history":[{"count":0,"href":"https:\/\/www.europesays.com\/fr\/wp-json\/wp\/v2\/posts\/516195\/revisions"}],"wp:featuredmedia":[{"embeddable":true,"href":"https:\/\/www.europesays.com\/fr\/wp-json\/wp\/v2\/media\/516196"}],"wp:attachment":[{"href":"https:\/\/www.europesays.com\/fr\/wp-json\/wp\/v2\/media?parent=516195"}],"wp:term":[{"taxonomy":"category","embeddable":true,"href":"https:\/\/www.europesays.com\/fr\/wp-json\/wp\/v2\/categories?post=516195"},{"taxonomy":"post_tag","embeddable":true,"href":"https:\/\/www.europesays.com\/fr\/wp-json\/wp\/v2\/tags?post=516195"}],"curies":[{"name":"wp","href":"https:\/\/api.w.org\/{rel}","templated":true}]}}