{"id":516203,"date":"2025-11-06T15:43:10","date_gmt":"2025-11-06T15:43:10","guid":{"rendered":"https:\/\/www.europesays.com\/fr\/516203\/"},"modified":"2025-11-06T15:43:10","modified_gmt":"2025-11-06T15:43:10","slug":"cest-scandaleux-le-recteur-de-lacademie-de-strasbourg-est-aussi-maire-en-ile-de-france","status":"publish","type":"post","link":"https:\/\/www.europesays.com\/fr\/516203\/","title":{"rendered":"\u00ab\u00a0C&rsquo;est scandaleux\u00a0\u00bb. Le recteur de l&rsquo;acad\u00e9mie de Strasbourg est aussi&#8230; maire en \u00cele-de-France"},"content":{"rendered":"<p>            Par<br \/>\n        <strong><br \/>\n            <a href=\"https:\/\/actu.fr\/auteur\/thomas-blanc\" title=\"Consulter tous les articles de Thomas Blanc\" target=\"_blank\" rel=\"noopener\">Thomas Blanc<\/a><br \/>\n        <\/strong><\/p>\n<p>        Publi\u00e9 le<\/p>\n<p>            6 nov. 2025 \u00e0 15h53        <\/p>\n<p><strong>Olivier Klein<\/strong>, ancien ministre d\u2019<a href=\"https:\/\/actu.fr\/tag\/elisabeth-borne\" target=\"_blank\" rel=\"noopener\">\u00c9lisabeth Borne<\/a>, est depuis le 26\u00a0juin 2024 le recteur de l\u2019acad\u00e9mie de <a href=\"https:\/\/actu.fr\/strasbourg\/\" target=\"_blank\" rel=\"noopener\">Strasbourg<\/a>. En parall\u00e8le de ce poste \u00e0 responsabilit\u00e9 en Alsace, l\u2019homme de 58\u00a0ans exerce \u00e9galement <strong>le mandat de maire de la commune de Clichy-sous-Bois<\/strong>, 30\u2009000\u00a0habitants en <a href=\"https:\/\/actu.fr\/ile-de-france\/seine-saint-denis_93\" target=\"_blank\" rel=\"noopener\">Seine-Saint-Denis<\/a>. Lui estime \u00ab\u2009qu\u2019aucune de [s]es fonctions ne nuit \u00e0 l\u2019autre\u2009\u00bb. Les professeurs, eux, se demandent comment il est <strong>possible de cumuler les deux<\/strong>.<\/p>\n<p>\u00ab\u00a0Je suis 90 % du temps \u00e0 Strasbourg\u00a0\u00bb<\/p>\n<p class=\" wall-content\">\u00ab\u2009J\u2019ai toujours \u00e9t\u00e9 une personne qui a concili\u00e9 <strong>une activit\u00e9 politique et une activit\u00e9 professionnelle<\/strong>\u2009\u00bb, entame pour se justifier Olivier Klein, interrog\u00e9 par Actu Strasbourg, dans son bureau au rectorat, rue de la Toussaint.<\/p>\n<p class=\" wall-content\">L\u2019ancien professeur de physique-chimie insiste sur le fait qu\u2019il est \u00ab\u200990\u2009% du temps \u00e0 Strasbourg\u2009\u00bb, et fait des visioconf\u00e9rences \u00ab\u2009comme tout le monde\u2009\u00bb quand il est absent. Il reconna\u00eet tout de m\u00eame avoir pos\u00e9 <strong>une semaine de cong\u00e9 fin octobre<\/strong>, pour suivre l\u2019agenda politique que lui imposait la vie clichoise.<\/p>\n<p class=\" wall-content\">\u00ab\u2009C\u2019\u00e9tait les <strong>20\u00a0ans des \u00e9meutes de Clichy-sous-Bois\u2009\u00bb<\/strong>, explique celui qui a arpent\u00e9 les plateaux t\u00e9l\u00e9 et les studios de radio parisiens \u00e0 ce propos.<\/p>\n<p>\u00ab\u2009Comment, dans une institution en souffrance, peut-on se permettre cela\u2009?\u2009\u00bb<\/p>\n<p class=\" wall-content\">Pour les enseignants, l\u2019information fait l\u2019effet d\u2019un choc. \u00ab\u2009<strong>Mes coll\u00e8gues tombent des nues<\/strong> au sujet de cette double casquette\u2009\u00bb, nous informe un professeur de fran\u00e7ais dans le Grand Est d\u00e9sirant rester anonyme.<\/p>\n<p class=\" wall-content\">G\u00e9rard Lenfant, pr\u00e9sident du Syndicat national des agents publics de l\u2019\u00c9ducation nationale (Snapen), est \u00e9galement sid\u00e9r\u00e9 quand il \u00e9voque \u00ab\u2009cette<strong> consanguinit\u00e9 politico-p\u00e9dagogique<\/strong>\u2009\u00bb.<\/p>\n<p>Votre r\u00e9gion, votre actu !<\/p>\n<p>Recevez chaque jour les infos qui comptent pour vous.<\/p>\n<p>\t<a href=\"https:\/\/actu.fr\/newsletter\" class=\"ac-btn ac-btn--corner ac-btn--medium ac-btn--blue800\" target=\"_blank\" rel=\"noopener\">S&rsquo;incrire<\/a><\/p>\n<p class=\" wall-content\">\u00ab\u2009Comment, dans une institution en souffrance comme l\u2019\u00c9ducation nationale, peut-on se permettre cela\u2009? Je n\u2019ai pas les mots pour d\u00e9crire cette situation, <strong>c\u2019est scandaleux<\/strong>\u2009\u00bb, s\u2019emporte M. Lenfant. \u00ab\u2009\u00c9videmment qu\u2019il ne peut pas \u00eatre \u00e0 100\u2009% pour les \u00e9l\u00e8ves alsaciens en \u00e9tant maire d\u2019une commune \u00e0 470 kilom\u00e8tres de l\u00e0\u2009\u00bb, conclut-il. \u00c0 cela, Olivier Klein r\u00e9pond que sa nomination a fait l\u2019objet d\u2019une <strong>validation du Conseil d\u2019\u00c9tat<\/strong>.<\/p>\n<p>Le cas Vanessa Koehler<\/p>\n<p class=\" wall-content\">Une nouvelle qui choque d\u2019autant plus que, sur le terrain, certains dossiers appellent des r\u00e9ponses urgentes. C\u2019est le cas de <a href=\"https:\/\/actu.fr\/grand-est\/strasbourg_67482\/video-admise-sur-liste-d-attente-vanessa-entame-une-greve-de-la-faim-jusqu-a-obtenir-un-poste-d-enseignante_63371760.html\" target=\"_blank\" rel=\"noopener\">Vanessa Koehler, en gr\u00e8ve de la faim<\/a> depuis le 28 octobre devant le rectorat de Strasbourg pour obtenir un poste d\u2019enseignante. Elle a d\u00fb attendre <strong>une semaine avant de rencontrer le recteur<\/strong>.<\/p>\n<p class=\" wall-content\">Par ailleurs, les soutiens de Vanessa Koehler envisagent de d\u00e9localiser son action <strong>sur les marches de l\u2019H\u00f4tel de Ville de Clichy-sous-Bois. <\/strong>Ils misent sur le fait que l\u2019homme politique qu\u2019est Olivier Klein sera peut-\u00eatre plus \u00e0 m\u00eame de traiter le sujet \u00ab\u2009si une mobilisation se cr\u00e9e devant sa mairie\u2009\u00bb. \u00ab\u2009\u00c0 quatre mois des <a href=\"https:\/\/actu.fr\/elections-municipales\" target=\"_blank\" rel=\"noopener\">\u00e9lections municipales<\/a>, cela aura un impact plus fort\u2009\u00bb, pr\u00e9disent-ils.<\/p>\n<p class=\" wall-content\">Personnalisez votre actualit\u00e9 en ajoutant vos villes et m\u00e9dias en favori avec <a href=\"https:\/\/moncompte.actu.fr\" title=\"D\u00e9couvez Mon Actu\" rel=\"nofollow noopener\" data-trk=\"{&quot;cta&quot;:{&quot;action&quot;:&quot;https:\\\/\\\/moncompte.actu.fr&quot;,&quot;category&quot;:&quot;mon compte&quot;,&quot;from&quot;:&quot;article footer&quot;,&quot;name&quot;:&quot;Mon actu&quot;,&quot;type&quot;:&quot;cta&quot;}}\" target=\"_blank\">Mon Actu<\/a>.<\/p>\n","protected":false},"excerpt":{"rendered":"Par Thomas Blanc Publi\u00e9 le 6 nov. 2025 \u00e0 15h53 Olivier Klein, ancien ministre d\u2019\u00c9lisabeth Borne, est depuis&hellip;\n","protected":false},"author":2,"featured_media":516204,"comment_status":"","ping_status":"","sticky":false,"template":"","format":"standard","meta":{"footnotes":""},"categories":[2820],"tags":[1111,11,1057,1777,674,1011,27,775,12,25,104,640],"class_list":{"0":"post-516203","1":"post","2":"type-post","3":"status-publish","4":"format-standard","5":"has-post-thumbnail","7":"category-strasbourg","8":"tag-actu","9":"tag-actualites","10":"tag-education","11":"tag-eu","12":"tag-europe","13":"tag-fr","14":"tag-france","15":"tag-grand-est","16":"tag-news","17":"tag-republique-francaise","18":"tag-societe","19":"tag-strasbourg"},"share_on_mastodon":{"url":"https:\/\/pubeurope.com\/@fr\/115503523807011784","error":""},"_links":{"self":[{"href":"https:\/\/www.europesays.com\/fr\/wp-json\/wp\/v2\/posts\/516203","targetHints":{"allow":["GET"]}}],"collection":[{"href":"https:\/\/www.europesays.com\/fr\/wp-json\/wp\/v2\/posts"}],"about":[{"href":"https:\/\/www.europesays.com\/fr\/wp-json\/wp\/v2\/types\/post"}],"author":[{"embeddable":true,"href":"https:\/\/www.europesays.com\/fr\/wp-json\/wp\/v2\/users\/2"}],"replies":[{"embeddable":true,"href":"https:\/\/www.europesays.com\/fr\/wp-json\/wp\/v2\/comments?post=516203"}],"version-history":[{"count":0,"href":"https:\/\/www.europesays.com\/fr\/wp-json\/wp\/v2\/posts\/516203\/revisions"}],"wp:featuredmedia":[{"embeddable":true,"href":"https:\/\/www.europesays.com\/fr\/wp-json\/wp\/v2\/media\/516204"}],"wp:attachment":[{"href":"https:\/\/www.europesays.com\/fr\/wp-json\/wp\/v2\/media?parent=516203"}],"wp:term":[{"taxonomy":"category","embeddable":true,"href":"https:\/\/www.europesays.com\/fr\/wp-json\/wp\/v2\/categories?post=516203"},{"taxonomy":"post_tag","embeddable":true,"href":"https:\/\/www.europesays.com\/fr\/wp-json\/wp\/v2\/tags?post=516203"}],"curies":[{"name":"wp","href":"https:\/\/api.w.org\/{rel}","templated":true}]}}