{"id":516211,"date":"2025-11-06T15:47:11","date_gmt":"2025-11-06T15:47:11","guid":{"rendered":"https:\/\/www.europesays.com\/fr\/516211\/"},"modified":"2025-11-06T15:47:11","modified_gmt":"2025-11-06T15:47:11","slug":"assassinat-du-jeune-jonathan-en-loire-atlantique-le-proces-du-suspect-aura-lieu-en-2026-a-nantes","status":"publish","type":"post","link":"https:\/\/www.europesays.com\/fr\/516211\/","title":{"rendered":"Assassinat du jeune Jonathan en Loire-Atlantique\u00a0: le proc\u00e8s du suspect aura lieu en 2026 \u00e0 Nantes"},"content":{"rendered":"<p>Le 19 mai 2004, le corps de Jonathan Coulom, 10 ans, \u00e9tait retrouv\u00e9, plus d\u2019un mois apr\u00e8s sa disparition, ligot\u00e9 et lest\u00e9 d\u2019un parpaing dans un \u00e9tang pr\u00e8s de Gu\u00e9rande (44). Vingt-deux ans plus tard, le proc\u00e8s de Martin Ney, accus\u00e9 d\u2019avoir assassin\u00e9 ce jeune homme originaire du Cher, aura bient\u00f4t lieu : il est pr\u00e9vu du lundi 18 mai au vendredi 5 juin 2026, d\u2019apr\u00e8s la cour d\u2019appel de Rennes aupr\u00e8s de<a href=\"https:\/\/www.francebleu.fr\/infos\/faits-divers-justice\/meurtre-de-jonathan-en-loire-atlantique-le-proces-du-suspect-aura-lieu-du-18-mai-au-5-juin-2026-a-nantes-9622441\" target=\"_blank\" rel=\"noopener\"> Radio France<\/a>.<\/p>\n<p>Participant \u00e0 une classe de mer, Jonathan Coulom avait disparu de son dortoir de centres de vacances \u00e0 Saint-Brevin-les-Pins dans la nuit du 6 au 7 avril 2004. L\u2019alerte de ses copains au petit matin avait permis de d\u00e9clencher de nombreuses recherches qui aboutiront \u00e0 la d\u00e9couverte du corps de l\u2019enfant, le 19 mai.<\/p>\n<p>Tueur en s\u00e9rie<\/p>\n<p>Apr\u00e8s nombre de m\u00e9andres, la justice fran\u00e7aise s\u2019int\u00e9ressera au profil d\u2019un homme \u00e0 partir de 2017, le tueur en s\u00e9rie allemand appel\u00e9 Martin Ney.<a href=\"https:\/\/www.letelegramme.fr\/monde\/meurtre-de-jonathan-lenquete-rebondit-en-allemagne-et-relance-lespoir-dun-proces-3751537.php\" target=\"_blank\" rel=\"noopener\"> Condamn\u00e9 en 2012 outre-Rhin pour l\u2019homicide de trois jeunes gar\u00e7ons ainsi que pour plusieurs abus sexuels<\/a>, celui qui fut appel\u00e9 l\u00e0-bas \u00ab Maskenmann \u00bb (\u00ab l\u2019homme \u00e0 la cagoule \u00bb) avait alors ni\u00e9, d\u00e8s son proc\u00e8s, son implication dans le meurtre de Jonathan Coulom. Et pendant longtemps, faute de traces ADN, et de t\u00e9moins, les enqu\u00eateurs ont pein\u00e9 \u00e0 prouver sa pr\u00e9sence en Loire-Atlantique.<\/p>\n<p>Ce fut sans compter le t\u00e9moignage d\u2019un cod\u00e9tenu qui a r\u00e9v\u00e9l\u00e9 en 2018 que Martin Ney lui avait confi\u00e9 \u00eatre l\u2019auteur du meurtre. Le tueur en s\u00e9rie allant jusqu\u2019\u00e0 s\u2019\u00e9tonner que son propre sac \u00e0 dos, \u00e9gar\u00e9 sur place \u00e0 l\u2019\u00e9poque des faits, n\u2019e\u00fbt pas \u00e9t\u00e9 retrouv\u00e9. Mis en examen par un juge d\u2019instruction fran\u00e7ais en 2021, Martin Ney a vu le parquet de Nantes, en juin 2024, requ\u00e9rir contre lui <a href=\"https:\/\/www.letelegramme.fr\/france\/meurtre-de-jonathan-a-saint-brevin-les-pins-un-proces-aux-assises-requis-pour-un-tueur-en-serie-allemand-6659006.php\" target=\"_blank\" rel=\"noopener\">son renvoi devant la cour d\u2019assises<\/a> des chefs d\u2019enl\u00e8vement, s\u00e9questration, d\u00e9tention et meurtre d\u2019un mineur de moins de 15 ans.<\/p>\n","protected":false},"excerpt":{"rendered":"Le 19 mai 2004, le corps de Jonathan Coulom, 10 ans, \u00e9tait retrouv\u00e9, plus d\u2019un mois apr\u00e8s sa&hellip;\n","protected":false},"author":2,"featured_media":516212,"comment_status":"","ping_status":"","sticky":false,"template":"","format":"standard","meta":{"footnotes":""},"categories":[2818],"tags":[1111,11,1777,674,1011,27,4555,3047,766,12,2636,25],"class_list":{"0":"post-516211","1":"post","2":"type-post","3":"status-publish","4":"format-standard","5":"has-post-thumbnail","7":"category-nantes","8":"tag-actu","9":"tag-actualites","10":"tag-eu","11":"tag-europe","12":"tag-fr","13":"tag-france","14":"tag-local","15":"tag-loire-atlantique","16":"tag-nantes","17":"tag-news","18":"tag-pays-de-la-loire","19":"tag-republique-francaise"},"share_on_mastodon":{"url":"https:\/\/pubeurope.com\/@fr\/115503539512113878","error":""},"_links":{"self":[{"href":"https:\/\/www.europesays.com\/fr\/wp-json\/wp\/v2\/posts\/516211","targetHints":{"allow":["GET"]}}],"collection":[{"href":"https:\/\/www.europesays.com\/fr\/wp-json\/wp\/v2\/posts"}],"about":[{"href":"https:\/\/www.europesays.com\/fr\/wp-json\/wp\/v2\/types\/post"}],"author":[{"embeddable":true,"href":"https:\/\/www.europesays.com\/fr\/wp-json\/wp\/v2\/users\/2"}],"replies":[{"embeddable":true,"href":"https:\/\/www.europesays.com\/fr\/wp-json\/wp\/v2\/comments?post=516211"}],"version-history":[{"count":0,"href":"https:\/\/www.europesays.com\/fr\/wp-json\/wp\/v2\/posts\/516211\/revisions"}],"wp:featuredmedia":[{"embeddable":true,"href":"https:\/\/www.europesays.com\/fr\/wp-json\/wp\/v2\/media\/516212"}],"wp:attachment":[{"href":"https:\/\/www.europesays.com\/fr\/wp-json\/wp\/v2\/media?parent=516211"}],"wp:term":[{"taxonomy":"category","embeddable":true,"href":"https:\/\/www.europesays.com\/fr\/wp-json\/wp\/v2\/categories?post=516211"},{"taxonomy":"post_tag","embeddable":true,"href":"https:\/\/www.europesays.com\/fr\/wp-json\/wp\/v2\/tags?post=516211"}],"curies":[{"name":"wp","href":"https:\/\/api.w.org\/{rel}","templated":true}]}}