{"id":516213,"date":"2025-11-06T15:48:25","date_gmt":"2025-11-06T15:48:25","guid":{"rendered":"https:\/\/www.europesays.com\/fr\/516213\/"},"modified":"2025-11-06T15:48:25","modified_gmt":"2025-11-06T15:48:25","slug":"la-delicate-installation-du-local-de-retention-administrative-lieu-de-transit-des-individus-sous-oqtf","status":"publish","type":"post","link":"https:\/\/www.europesays.com\/fr\/516213\/","title":{"rendered":"la d\u00e9licate installation du local de r\u00e9tention administrative, lieu de transit des individus sous OQTF"},"content":{"rendered":"<p>\n    Dans la cour du commissariat, des pr\u00e9fabriqu\u00e9s accueilleront bient\u00f4t des personnes en situation irr\u00e9guli\u00e8re, avant leur expulsion ou transfert en CRA. Cette initiative fait d\u00e9bat au sein m\u00eame de la police.<\/p>\n<p class=\"fig-paragraph\">Des pr\u00e9fabriqu\u00e9s si\u00e8gent depuis bient\u00f4t deux mois dans la cour d\u2019honneur du\u00a0<a href=\"http:\/\/www.lefigaro.fr\/nantes\/nantes-apres-une-transaction-de-drogue-les-policiers-decouvrent-deux-armes-a-feu-en-plein-centre-ville-20251103\" target=\"_blank\" data-fig-type=\"NewsFlash\" rel=\"noopener\" data-gtm-custom-categorie=\"navigation\" data-gtm-custom-action=\"crossclick\" data-gtm-custom-label=\"Contextuel\" data-gtm-event=\"customEventSPE\" data-fig-domain=\"LEFIGARO\">commissariat central de Nantes<\/a>. Semblables \u00e0 des mobile-homes, ces b\u00e2timents devraient ouvrir leurs portes le 1er d\u00e9cembre. Financ\u00e9s par l\u2019\u00c9tat, ils pourront h\u00e9berger jusqu\u2019\u00e0 quatre hommes en tant que local de r\u00e9tention administrative (LRA).<\/p>\n<p class=\"fig-paragraph\">Plac\u00e9 sous l\u2019autorit\u00e9 du minist\u00e8re de l\u2019Int\u00e9rieur qui a annonc\u00e9 une augmentation des places dans de telles structures, cet ensemble est \u00abdestin\u00e9 \u00e0 accueillir temporairement, pour une courte dur\u00e9e, des personnes \u00e9trang\u00e8res en situation irr\u00e9guli\u00e8re, dans l\u2019attente d\u2019un transfert \u00e0 br\u00e8ve \u00e9ch\u00e9ance vers un\u00a0<a href=\"http:\/\/www.lefigaro.fr\/actualite-france\/immigration-manque-de-places-cout-qui-explose-l-edifiant-etat-des-lieux-des-centres-de-retention-administrative-20251001\" target=\"_blank\" data-fig-type=\"Article\" rel=\"noopener\" data-gtm-custom-categorie=\"navigation\" data-gtm-custom-action=\"crossclick\" data-gtm-custom-label=\"Contextuel\" data-gtm-event=\"customEventSPE\" data-fig-domain=\"LEFIGARO\">centre de r\u00e9tention administrative<\/a> \u00a0(CRA) ou d\u2019un \u00e9loignement direct du territoire\u00bb, explique au Figaro la pr\u00e9fecture de Loire-Atlantique. Contrairement\u00a0<a href=\"http:\/\/www.lefigaro.fr\/actualite-france\/dans-les-centres-de-retention-administrative-ces-associations-de-defense-des-droits-des-migrants-qui-coutent-tres-cher-au-contribuable-20250418\" target=\"_blank\" data-fig-type=\"Article\" rel=\"noopener\" data-gtm-custom-categorie=\"navigation\" data-gtm-custom-action=\"crossclick\" data-gtm-custom-label=\"Contextuel\" data-gtm-event=\"customEventSPE\" data-fig-domain=\"LEFIGARO\">au CRA<\/a>\u00a0o\u00f9 les individus faisant l\u2019objet d\u2019une mesure de renvoi peuvent r\u00e9sider jusqu\u2019\u00e0 90 jours, la dur\u00e9e de maintien dans un LRA est de \u00ab96 heures maximum\u00bb, sauf cas particulier relatif \u00e0 l\u2019attente d\u2019une d\u00e9cision d\u2019un juge.<\/p>\n<p>                                    <a class=\"fig-a11y-skip a11y-hidden\" href=\"#fig-a11y-skip-main-inarticle\"><br \/>\n        Passer la publicit\u00e9<br \/>\n    <\/a><\/p>\n<p>D\u00e9placements chronophages des \u00e9quipages<\/p>\n<p class=\"fig-paragraph\">Aujourd\u2019hui, lorsqu\u2019un individu\u00a0<a href=\"http:\/\/www.lefigaro.fr\/vox\/politique\/en-matiere-d-oqtf-l-etat-doit-concentrer-ses-efforts-sur-les-individus-les-plus-dangereux-pour-les-francais-20250709\" target=\"_blank\" data-fig-type=\"Article\" rel=\"noopener\" data-gtm-custom-categorie=\"navigation\" data-gtm-custom-action=\"crossclick\" data-gtm-custom-label=\"Contextuel\" data-gtm-event=\"customEventSPE\" data-fig-domain=\"LEFIGARO\">sous OQTF<\/a>\u00a0fait l\u2019objet d\u2019un placement\u00a0<a href=\"http:\/\/www.lefigaro.fr\/nice\/alpes-maritimes-toujours-pas-de-lieu-pour-un-nouveau-cra-apres-l-abandon-du-projet-dans-la-prison-de-grasse-20251023\" target=\"_blank\" data-fig-type=\"NewsFlash\" rel=\"noopener\" data-gtm-custom-categorie=\"navigation\" data-gtm-custom-action=\"crossclick\" data-gtm-custom-label=\"Contextuel\" data-gtm-event=\"customEventSPE\" data-fig-domain=\"LEFIGARO\">en CRA<\/a>\u00a0en vue de son expulsion, les policiers nantais l\u2019acheminent au plus proche \u00e0\u00a0<a href=\"https:\/\/www.lefigaro.fr\/flash-actu\/2016\/02\/25\/97001-20160225FILWWW00365-greve-de-la-faim-au-cra-de-rennes.php\" target=\"_blank\" data-fig-type=\"NewsFlash\" rel=\"noopener\" data-gtm-custom-categorie=\"navigation\" data-gtm-custom-action=\"crossclick\" data-gtm-custom-label=\"Contextuel\" data-gtm-event=\"customEventSPE\" data-fig-domain=\"LEFIGARO\">Rennes<\/a>, mais doivent parfois se d\u00e9placer jusqu\u2019\u00e0\u00a0<a href=\"http:\/\/www.lefigaro.fr\/flash-actu\/seine-maritime-nouvelle-evasion-au-centre-de-retention-de-oissel-16-hommes-recherches-20230330\" target=\"_blank\" data-fig-type=\"NewsFlash\" rel=\"noopener\" data-gtm-custom-categorie=\"navigation\" data-gtm-custom-action=\"crossclick\" data-gtm-custom-label=\"Contextuel\" data-gtm-event=\"customEventSPE\" data-fig-domain=\"LEFIGARO\">Oissel<\/a>\u00a0(pr\u00e8s de Rouen),\u00a0<a href=\"http:\/\/www.lefigaro.fr\/bordeaux\/immigration-un-nouveau-centre-de-retention-administrative-s-apprete-a-ouvrir-en-gironde-20250207\" target=\"_blank\" data-fig-type=\"NewsFlash\" rel=\"noopener\" data-gtm-custom-categorie=\"navigation\" data-gtm-custom-action=\"crossclick\" data-gtm-custom-label=\"Contextuel\" data-gtm-event=\"customEventSPE\" data-fig-domain=\"LEFIGARO\">Bordeaux<\/a>\u00a0ou encore\u00a0<a href=\"https:\/\/www.lefigaro.fr\/actualite-france\/polemique-apres-l-audience-d-etrangers-en-visioconference-dans-un-commissariat-20191010\" target=\"_blank\" data-fig-type=\"Article\" rel=\"noopener\" data-gtm-custom-categorie=\"navigation\" data-gtm-custom-action=\"crossclick\" data-gtm-custom-label=\"Contextuel\" data-gtm-event=\"customEventSPE\" data-fig-domain=\"LEFIGARO\">Hendaye\u00a0<\/a>(dans le Pays basque) selon les places disponibles. \u00abLa pr\u00e9sence d\u2019un LRA dans l\u2019h\u00f4tel de police de Nantes, comme cela a d\u00e9j\u00e0 exist\u00e9 par le pass\u00e9, va cr\u00e9er une charge de travail suppl\u00e9mentaire pour les policiers nantais. Mais l\u2019avantage est que cela permettra d\u2019attendre qu\u2019une place se lib\u00e8re sur le CRA le plus proche, et \u00e9viter des transferts sur de tr\u00e8s longues distances\u00bb, observe Thierry Audouin, secr\u00e9taire d\u00e9partemental pour Alternative Police-CFDT en Loire-Atlantique. \u00abCela permettra d\u2019\u00e9viter que des patrouilles de police s\u2019absentent trop longtemps de Nantes. On ne peut pas r\u00e9clamer plus de pr\u00e9sence polici\u00e8re dans la ville et accepter que des policiers s\u2019absentent longuement\u00bb, ajoute-t-il, voyant plut\u00f4t cette mesure d\u2019un bon \u0153il.<\/p>\n<p class=\"fig-paragraph\">\u00abCe LRA servira de transit. \u00c0 l\u2019issue, il y aura toujours des transferts de ces personnes vers les diff\u00e9rents CRA. \u00c7a va au contraire s\u2019accentuer\u00bb, pense plut\u00f4t Micha\u00ebl Le Cunff, secr\u00e9taire d\u00e9partemental adjoint d\u2019Alliance 44. \u00abCela va impacter l\u2019organisation des missions des coll\u00e8gues, sachant qu\u2019aujourd\u2019hui on est en sous-effectif\u00bb, redoute-t-il, craignant une surcharge de travail et une d\u00e9sorganisation des services. \u00abIls auraient pu agrandir celui de Rennes\u00bb, songe en coulisses une source polici\u00e8re, \u00e9galement dubitative.<\/p>\n<p class=\"fig-paragraph\">Mi-septembre, le syndicat Alliance Police National avait d\u00e9j\u00e0 alert\u00e9 localement sur ce LRA, en critiquant l\u2019emplacement retenu. Les b\u00e2timents se situent dans la cour d\u2019honneur, sous les yeux des policiers et pr\u00e8s de leurs v\u00e9hicules, mais surtout juste devant une plaque comm\u00e9morative des policiers morts pour la France en service. \u00abUne honte pour la m\u00e9moire des policiers qui ont sacrifi\u00e9 leurs vies pour d\u00e9fendre les n\u00f4tres et les couleurs de la France\u00bb, \u00e9crivait dans un communiqu\u00e9 Alliance mi-septembre, r\u00e9clamant qu\u2019il soit d\u00e9plac\u00e9. Selon nos informations, une nouvelle plaque a \u00e9t\u00e9 command\u00e9e et appos\u00e9e \u00e0 un endroit plus visible.<\/p>\n<p>L\u2019opposition de l\u2019ordre des avocats<\/p>\n<p class=\"fig-paragraph\">D\u2019autres voix d\u2019opposition plus habituelles se sont \u00e9lev\u00e9es face \u00e0 ce LRA dont l\u2019ouverture avait un temps \u00e9t\u00e9 envisag\u00e9e mi-octobre. Le collectif \u00abCol\u00e8re Nantes, CRA ni ici, ni ailleurs\u00bb, compos\u00e9 d\u2019organisations associatives, syndicales et politiques de gauche, est venu manifester sous les fen\u00eatres de l\u2019h\u00f4tel de police. Le conseil de l\u2019ordre des avocats au barreau de Nantes a exprim\u00e9 de son c\u00f4t\u00e9 \u00absa stupeur et sa d\u00e9sapprobation en l\u2019absence d\u2019information pr\u00e9alable de la Pr\u00e9fecture de la Loire-Atlantique\u00bb dans une motion. Dans ce texte, il rappelle son opposition \u00e0 \u00abl\u2019enfermement des personnes \u00e9trang\u00e8res\u00bb et \u00abr\u00e9affirme, en toute hypoth\u00e8se, avec force la pr\u00e9sence des avocats aux c\u00f4t\u00e9s des personnes retenues dans la d\u00e9fense de leurs droits\u00bb.<\/p>\n<p class=\"fig-paragraph\">\u00abDes espaces seront r\u00e9serv\u00e9s pour les avocats, les autorit\u00e9s consulaires et les associations charg\u00e9es d\u2019apporter une aide juridique et sociale aux personnes retenues. L\u2019espace d\u00e9di\u00e9 au m\u00e9decin sera mutualis\u00e9 avec celui existant au sein du commissariat\u00bb, indique la pr\u00e9fecture. Et ajoute\u00a0: \u00abCe LRA est un dispositif temporaire, activable uniquement lorsqu\u2019il y aura des n\u00e9cessit\u00e9s de placement.\u00bb<\/p>\n<p>                                    <a class=\"fig-a11y-skip a11y-hidden\" href=\"#fig-a11y-skip-main-inarticle_mtf\"><br \/>\n        Passer la publicit\u00e9<br \/>\n    <\/a><\/p>\n<p class=\"fig-paragraph\">Si ce LRA fait parler, nul doute que la construction pr\u00e9vue d\u2019un CRA \u00e0 Nantes suscitera \u00e0 son tour\u00a0<a href=\"http:\/\/www.lefigaro.fr\/nantes\/a-nantes-la-creation-du-cra-embarrasse-les-socialistes-20240603\" target=\"_blank\" data-fig-type=\"NewsFlash\" rel=\"noopener\" data-gtm-custom-categorie=\"navigation\" data-gtm-custom-action=\"crossclick\" data-gtm-custom-label=\"Contextuel\" data-gtm-event=\"customEventSPE\" data-fig-domain=\"LEFIGARO\">des controverses<\/a>. Outre les manifestations\u00a0<a href=\"http:\/\/www.lefigaro.fr\/nantes\/nantes-le-projet-d-un-futur-centre-de-retention-administrative-pres-de-la-maison-d-arret-deja-fortement-decrie-20231013\" target=\"_blank\" data-fig-type=\"NewsFlash\" rel=\"noopener\" data-gtm-custom-categorie=\"navigation\" data-gtm-custom-action=\"crossclick\" data-gtm-custom-label=\"Contextuel\" data-gtm-event=\"customEventSPE\" data-fig-domain=\"LEFIGARO\">qui ont d\u00e9j\u00e0 eu lieu<\/a>, la maire socialiste Johanna Rolland a affirm\u00e9 r\u00e9cemment son opposition\u00a0<a href=\"http:\/\/www.lefigaro.fr\/nantes\/expulsion-d-etrangers-a-nantes-la-maire-socialiste-se-prononce-contre-le-futur-cra-mais-a-titre-personnel-20250721\" target=\"_blank\" data-fig-type=\"NewsFlash\" rel=\"noopener\" data-gtm-custom-categorie=\"navigation\" data-gtm-custom-action=\"crossclick\" data-gtm-custom-label=\"Contextuel\" data-gtm-event=\"customEventSPE\" data-fig-domain=\"LEFIGARO\">\u00e0 titre personnel<\/a>. L\u2019\u00e9tablissement reste en revanche tr\u00e8s\u00a0<a href=\"http:\/\/www.lefigaro.fr\/nantes\/cela-va-nous-changer-la-vie-a-nantes-les-espoirs-des-policiers-vis-a-vis-du-futur-cra-20241017\" target=\"_blank\" data-fig-type=\"NewsFlash\" rel=\"noopener\" data-gtm-custom-categorie=\"navigation\" data-gtm-custom-action=\"crossclick\" data-gtm-custom-label=\"Contextuel\" data-gtm-event=\"customEventSPE\" data-fig-domain=\"LEFIGARO\">attendu des policiers<\/a>. Implant\u00e9 \u00e0 proximit\u00e9 du centre p\u00e9nitentiaire de Nantes-Carquefou, il devrait voir le jour \u00aben fin d\u2019ann\u00e9e 2027-d\u00e9but 2028\u00bb, et non plus \u00ab\u00e0 l\u2019horizon 2027\u00bb comme pr\u00e9vu initialement.<\/p>\n","protected":false},"excerpt":{"rendered":"Dans la cour du commissariat, des pr\u00e9fabriqu\u00e9s accueilleront bient\u00f4t des personnes en situation irr\u00e9guli\u00e8re, avant leur expulsion ou&hellip;\n","protected":false},"author":2,"featured_media":516214,"comment_status":"","ping_status":"","sticky":false,"template":"","format":"standard","meta":{"footnotes":""},"categories":[2818],"tags":[1111,11,1777,674,1011,27,6945,766,12,4347,2636,25],"class_list":{"0":"post-516213","1":"post","2":"type-post","3":"status-publish","4":"format-standard","5":"has-post-thumbnail","7":"category-nantes","8":"tag-actu","9":"tag-actualites","10":"tag-eu","11":"tag-europe","12":"tag-fr","13":"tag-france","14":"tag-johanna-rolland","15":"tag-nantes","16":"tag-news","17":"tag-oqtf","18":"tag-pays-de-la-loire","19":"tag-republique-francaise"},"share_on_mastodon":{"url":"https:\/\/pubeurope.com\/@fr\/115503543429801001","error":""},"_links":{"self":[{"href":"https:\/\/www.europesays.com\/fr\/wp-json\/wp\/v2\/posts\/516213","targetHints":{"allow":["GET"]}}],"collection":[{"href":"https:\/\/www.europesays.com\/fr\/wp-json\/wp\/v2\/posts"}],"about":[{"href":"https:\/\/www.europesays.com\/fr\/wp-json\/wp\/v2\/types\/post"}],"author":[{"embeddable":true,"href":"https:\/\/www.europesays.com\/fr\/wp-json\/wp\/v2\/users\/2"}],"replies":[{"embeddable":true,"href":"https:\/\/www.europesays.com\/fr\/wp-json\/wp\/v2\/comments?post=516213"}],"version-history":[{"count":0,"href":"https:\/\/www.europesays.com\/fr\/wp-json\/wp\/v2\/posts\/516213\/revisions"}],"wp:featuredmedia":[{"embeddable":true,"href":"https:\/\/www.europesays.com\/fr\/wp-json\/wp\/v2\/media\/516214"}],"wp:attachment":[{"href":"https:\/\/www.europesays.com\/fr\/wp-json\/wp\/v2\/media?parent=516213"}],"wp:term":[{"taxonomy":"category","embeddable":true,"href":"https:\/\/www.europesays.com\/fr\/wp-json\/wp\/v2\/categories?post=516213"},{"taxonomy":"post_tag","embeddable":true,"href":"https:\/\/www.europesays.com\/fr\/wp-json\/wp\/v2\/tags?post=516213"}],"curies":[{"name":"wp","href":"https:\/\/api.w.org\/{rel}","templated":true}]}}