{"id":516225,"date":"2025-11-06T15:54:13","date_gmt":"2025-11-06T15:54:13","guid":{"rendered":"https:\/\/www.europesays.com\/fr\/516225\/"},"modified":"2025-11-06T15:54:13","modified_gmt":"2025-11-06T15:54:13","slug":"streaming-etoile-rouge-lille-voici-la-meilleure-solution-pour-voir-le-match-ce-soir","status":"publish","type":"post","link":"https:\/\/www.europesays.com\/fr\/516225\/","title":{"rendered":"Streaming \u00c9toile Rouge \u2013 Lille : voici la meilleure solution pour voir le match ce soir"},"content":{"rendered":"<p class=\"paragraph text_align_left lp-f-body-02\">Ce jeudi, tous les regards seront tourn\u00e9s vers Belgrade pour le face-\u00e0-face \u00c9toile Rouge \u2013 Lille, l\u2019une des affiches les plus attendues de la saison des Dogues. \u00c0 l\u2019issue de la troisi\u00e8me journ\u00e9e de la phase de ligue, l\u2019\u00c9toile Rouge pointe \u00e0 la trenti\u00e8me place du classement avec un point au compteur. Apr\u00e8s un nul conc\u00e9d\u00e9 au Celtic FC (1-1), les joueurs de Vladan Milojevic se sont inclin\u00e9s \u00e0 deux reprises contre Porto et Braga. Ces revers ont fait chuter le club serbe en fin de tableau. L\u2019\u00c9toile Rouge est d\u00e9sormais en position d\u2019\u00e9limination. Face \u00e0 Lille, les co\u00e9quipiers de Bruno Duarte doivent imp\u00e9rativement renouer avec le succ\u00e8s pour int\u00e9grer les places de barrages. En face, Lille est onzi\u00e8me, gr\u00e2ce \u00e0 deux victoires contre Brann et la Roma. Le 23 octobre dernier, les Dogues ont subi une premi\u00e8re d\u00e9faite contre le PAOK (3-4). L\u2019enjeu est fort ce jeudi, car Lille n\u2019a pas disput\u00e9 les huiti\u00e8mes de finale de l\u2019UEFA Europa League depuis la saison 2009-2010. En championnat, les Dogues de Bruno G\u00e9n\u00e9sio sont quatri\u00e8mes, avec quatre points de retard sur le PSG. D\u00e9couvrez ici la meilleure solution pour voir le match \u00c9toile Rouge \u2013 Lille en streaming ce soir.<\/p>\n<p class=\"paragraph text_align_left lp-f-body-02\"><b>Le match qui oppose l\u2019\u00c9toile Rouge et Lille est retransmis ce jeudi soir <\/b><a href=\"https:\/\/ad.doubleclick.net\/ddm\/trackclk\/N6600.145219.LEPARISIEN.FR\/B32944843.412602242;dc_trk_aid=604786702;dc_trk_cid=228480032;dc_lat=;dc_rdid=;tag_for_child_directed_treatment=;tfua=;gdpr=${GDPR};gdpr_consent=${GDPR_CONSENT_755};ltd=;dc_tdv=1\" target=\"_blank\" rel=\"sponsored noopener\"><b>en streaming sur CANAL+FOOT<\/b><\/a><b>. Le coup d\u2019envoi de la confrontation aura lieu \u00e0 18h45 au Stadion Rajko Mitic (Belgrade).<\/b> Au centre, on retrouve l\u2019arbitre britannique John Brooks. Il sera assist\u00e9 des arbitres Simon Bennett et Lee Betts.<\/p>\n","protected":false},"excerpt":{"rendered":"Ce jeudi, tous les regards seront tourn\u00e9s vers Belgrade pour le face-\u00e0-face \u00c9toile Rouge \u2013 Lille, l\u2019une des&hellip;\n","protected":false},"author":2,"featured_media":516226,"comment_status":"","ping_status":"","sticky":false,"template":"","format":"standard","meta":{"footnotes":""},"categories":[2815],"tags":[1111,11,1777,674,63,1011,27,749,811,1307,12,25,63703,6718],"class_list":{"0":"post-516225","1":"post","2":"type-post","3":"status-publish","4":"format-standard","5":"has-post-thumbnail","7":"category-lille","8":"tag-actu","9":"tag-actualites","10":"tag-eu","11":"tag-europe","12":"tag-football","13":"tag-fr","14":"tag-france","15":"tag-guide-shopping","16":"tag-hauts-de-france","17":"tag-lille","18":"tag-news","19":"tag-republique-francaise","20":"tag-streaming-etoile-rouge-lille","21":"tag-tv-streaming"},"share_on_mastodon":{"url":"https:\/\/pubeurope.com\/@fr\/115503567234952719","error":""},"_links":{"self":[{"href":"https:\/\/www.europesays.com\/fr\/wp-json\/wp\/v2\/posts\/516225","targetHints":{"allow":["GET"]}}],"collection":[{"href":"https:\/\/www.europesays.com\/fr\/wp-json\/wp\/v2\/posts"}],"about":[{"href":"https:\/\/www.europesays.com\/fr\/wp-json\/wp\/v2\/types\/post"}],"author":[{"embeddable":true,"href":"https:\/\/www.europesays.com\/fr\/wp-json\/wp\/v2\/users\/2"}],"replies":[{"embeddable":true,"href":"https:\/\/www.europesays.com\/fr\/wp-json\/wp\/v2\/comments?post=516225"}],"version-history":[{"count":0,"href":"https:\/\/www.europesays.com\/fr\/wp-json\/wp\/v2\/posts\/516225\/revisions"}],"wp:featuredmedia":[{"embeddable":true,"href":"https:\/\/www.europesays.com\/fr\/wp-json\/wp\/v2\/media\/516226"}],"wp:attachment":[{"href":"https:\/\/www.europesays.com\/fr\/wp-json\/wp\/v2\/media?parent=516225"}],"wp:term":[{"taxonomy":"category","embeddable":true,"href":"https:\/\/www.europesays.com\/fr\/wp-json\/wp\/v2\/categories?post=516225"},{"taxonomy":"post_tag","embeddable":true,"href":"https:\/\/www.europesays.com\/fr\/wp-json\/wp\/v2\/tags?post=516225"}],"curies":[{"name":"wp","href":"https:\/\/api.w.org\/{rel}","templated":true}]}}