{"id":516233,"date":"2025-11-06T15:58:10","date_gmt":"2025-11-06T15:58:10","guid":{"rendered":"https:\/\/www.europesays.com\/fr\/516233\/"},"modified":"2025-11-06T15:58:10","modified_gmt":"2025-11-06T15:58:10","slug":"lyon-ce-supermarche-auchan-force-de-jeter-des-tonnes-daliments-voici-pourquoi","status":"publish","type":"post","link":"https:\/\/www.europesays.com\/fr\/516233\/","title":{"rendered":"Lyon. Ce supermarch\u00e9 Auchan forc\u00e9 de jeter des tonnes d&rsquo;aliments, voici pourquoi"},"content":{"rendered":"<p>            Par<br \/>\n        <strong><br \/>\n            <a href=\"https:\/\/actu.fr\/auteur\/theo-zuili\" title=\"Consulter tous les articles de Th\u00e9o Zuili\" target=\"_blank\" rel=\"noopener\">Th\u00e9o Zuili<\/a><br \/>\n        <\/strong><\/p>\n<p>        Publi\u00e9 le<\/p>\n<p>            6 nov. 2025 \u00e0 16h56        <\/p>\n<p>\u00ab\u00a0J\u2019ai vraiment mal au c\u0153ur\u00a0\u00bb, d\u00e9crit l\u2019auteure de cette photo. Le supermarch\u00e9 Auchan de Tassin-la-Demi-Lune (Rh\u00f4ne), tout pr\u00e8s du 5\u1d49 arrondissement de <a href=\"https:\/\/actu.fr\/auvergne-rhone-alpes\/lyon_69123\" target=\"_blank\" rel=\"noopener\">Lyon<\/a>, a \u00e9t\u00e9 frapp\u00e9 par une panne de courant lundi 3 novembre 2025. Des voisins partagent sur les r\u00e9seaux sociaux tandis que d\u2019autres d\u00e9noncent un gaspillage alimentaire \u00ab\u00a0honteux\u00a0\u00bb. Mais le groupe <a href=\"https:\/\/actu.fr\/tag\/auchan\" target=\"_blank\" rel=\"noopener\">Auchan<\/a> a <strong>les mains li\u00e9es<\/strong> : il s\u2019exprime et explique.<\/p>\n<p>    <a href=\"https:\/\/www.google.com\/maps\/embed?pb=!1m18!1m12!1m3!1d8412.573456638536!2d4.777633381874532!3d45.75791527403141!2m3!1f0!2f0!3f0!3m2!1i1024!2i768!4f13.1!3m3!1m2!1s0x47f4ec79ea1b1ceb%3A0xec6e800e064bc285!2sAuchan%20Supermarch%C3%A9%20Tassin%20La%20Demi%20Lune!5e1!3m2!1sfr!2sfr!4v1762442995049!5m2!1sfr!2sfr\" title=\"Ouvrie le lien\" target=\"_blank\" rel=\"noopener\">Cliquez ici pour visualiser le contenu<\/a><\/p>\n<p>Un concours de malchance<\/p>\n<p class=\" wall-content\">Contact\u00e9 par actu Lyon, Auchan explique avoir \u00e9t\u00e9 frapp\u00e9 par une \u00ab\u00a0d\u00e9faillance du transformateur g\u00e9n\u00e9ral du magasin\u00a0\u00bb, situ\u00e9 au 35 avenue G\u00e9n\u00e9ral Brosset. Selon un t\u00e9moin travaillant \u00e0 proximit\u00e9, le quartier aurait \u00e9t\u00e9 touch\u00e9 par une panne \u00e9lectrique t\u00f4t dans la matin\u00e9e. Mais c\u2019est en d\u00e9but d\u2019apr\u00e8s-midi que <strong>le transformateur du supermarch\u00e9 a l\u00e2ch\u00e9<\/strong> : un lien n\u2019est pas \u00e9tabli et les causes de la d\u00e9faillance sont inconnues.<\/p>\n<p class=\" wall-content\">\u00ab\u00a0Ce cas de figure ne s\u2019\u00e9tait jamais pr\u00e9sent\u00e9\u00a0\u00bb et le magasin \u00e9tait \u00e9quip\u00e9 de groupes \u00e9lectrog\u00e8nes pas suffisamment dimensionn\u00e9s pour alimenter l\u2019ensemble de ses rayons et ses chambres froides en \u00e9lectricit\u00e9.<\/p>\n<p class=\" wall-content\">\u00ab\u00a0Le temps de trouver un groupe \u00e9lectrog\u00e8ne adapt\u00e9\u00a0\u00bb, 7h se sont \u00e9coul\u00e9es : la cha\u00eene du froid a ainsi \u00e9t\u00e9 largement bris\u00e9e pour les produits frais et surgel\u00e9s. Si les clients pr\u00e9sents au moment de la coupure ont pu terminer leurs courses, \u00ab\u00a0le directeur a d\u00fb se r\u00e9soudre \u00e0 <strong>fermer le magasin<\/strong> et \u00e0 retirer des rayons toute la partie des produits frais et des r\u00e9serves de la chambre froide\u00a0\u00bb.<\/p>\n<p>Des r\u00e8gles strictes<\/p>\n<p class=\" wall-content\">Car les r\u00e8gles sont strictes : en cas de <strong>rupture de la cha\u00eene du froid<\/strong>, le magasin doit imm\u00e9diatement isoler les produits concern\u00e9s, jug\u00e9s impropres \u00e0 la consommation pour des raisons de sant\u00e9 publique et ainsi interdits \u00e0 la vente. La somme des pertes reste \u00e0 \u00eatre d\u00e9termin\u00e9e tandis que \u00ab\u00a0plusieurs dizaines de m\u00e8tres cubes\u00a0\u00bb de denr\u00e9es ont d\u00fb \u00eatre \u00e9vacu\u00e9es.<\/p>\n<p>Votre r\u00e9gion, votre actu !<\/p>\n<p>Recevez chaque jour les infos qui comptent pour vous.<\/p>\n<p>\t<a href=\"https:\/\/actu.fr\/newsletter\" class=\"ac-btn ac-btn--corner ac-btn--medium ac-btn--blue800\" target=\"_blank\" rel=\"noopener\">S&rsquo;incrire<\/a><\/p>\n<blockquote class=\"ac-article-quote wall-content\">\n<p>C&rsquo;est un principe de pr\u00e9caution, on ne prend aucun risque sur les produits frais et ultra-frais. Notre responsabilit\u00e9 de distributeur est celle-l\u00e0 ; le but est de garantir l&rsquo;int\u00e9grit\u00e9 des produits sans compromettre la s\u00e9curit\u00e9 des consommateurs.<\/p>\n<p>    <strong>Auchan Retail<\/strong>\n            <\/p><\/blockquote>\n<p class=\" wall-content\">Le magasin a pu rouvrir mardi matin avec une offre r\u00e9duite. Le retour \u00e0 la normale, via des livraisons, est pr\u00e9vu samedi 8 novembre. Quant aux internautes \u00e9mus de voir autant de gaspillage alimentaire, Auchan assure partager leur peine.<\/p>\n<p class=\" wall-content\">\u00ab\u00a0Il est cependant tout autant<strong> impossible de donner<\/strong> des produits potentiellement dangereux. On ne transige pas sur la s\u00e9curit\u00e9 alimentaire\u00a0\u00bb, r\u00e9pond le groupe \u00e0 ceux qui r\u00e9clamaient que des associations puissent mettre la main sur les produits jet\u00e9s, entrepos\u00e9s dans la cour ferm\u00e9e du supermarch\u00e9 avant destruction.<\/p>\n<p class=\" wall-content\">Personnalisez votre actualit\u00e9 en ajoutant vos villes et m\u00e9dias en favori avec <a href=\"https:\/\/moncompte.actu.fr\" title=\"D\u00e9couvez Mon Actu\" rel=\"nofollow noopener\" data-trk=\"{&quot;cta&quot;:{&quot;action&quot;:&quot;https:\\\/\\\/moncompte.actu.fr&quot;,&quot;category&quot;:&quot;mon compte&quot;,&quot;from&quot;:&quot;article footer&quot;,&quot;name&quot;:&quot;Mon actu&quot;,&quot;type&quot;:&quot;cta&quot;}}\" target=\"_blank\">Mon Actu<\/a>.<\/p>\n","protected":false},"excerpt":{"rendered":"Par Th\u00e9o Zuili Publi\u00e9 le 6 nov. 2025 \u00e0 16h56 \u00ab\u00a0J\u2019ai vraiment mal au c\u0153ur\u00a0\u00bb, d\u00e9crit l\u2019auteure de&hellip;\n","protected":false},"author":2,"featured_media":516234,"comment_status":"","ping_status":"","sticky":false,"template":"","format":"standard","meta":{"footnotes":""},"categories":[1889],"tags":[1111,11,14474,2430,130,579,1777,674,1011,27,2428,12,25,104],"class_list":{"0":"post-516233","1":"post","2":"type-post","3":"status-publish","4":"format-standard","5":"has-post-thumbnail","7":"category-lyon","8":"tag-actu","9":"tag-actualites","10":"tag-auchan","11":"tag-auvergne-rhone-alpes","12":"tag-consommation","13":"tag-electricite","14":"tag-eu","15":"tag-europe","16":"tag-fr","17":"tag-france","18":"tag-lyon","19":"tag-news","20":"tag-republique-francaise","21":"tag-societe"},"share_on_mastodon":{"url":"https:\/\/pubeurope.com\/@fr\/115503582654220388","error":""},"_links":{"self":[{"href":"https:\/\/www.europesays.com\/fr\/wp-json\/wp\/v2\/posts\/516233","targetHints":{"allow":["GET"]}}],"collection":[{"href":"https:\/\/www.europesays.com\/fr\/wp-json\/wp\/v2\/posts"}],"about":[{"href":"https:\/\/www.europesays.com\/fr\/wp-json\/wp\/v2\/types\/post"}],"author":[{"embeddable":true,"href":"https:\/\/www.europesays.com\/fr\/wp-json\/wp\/v2\/users\/2"}],"replies":[{"embeddable":true,"href":"https:\/\/www.europesays.com\/fr\/wp-json\/wp\/v2\/comments?post=516233"}],"version-history":[{"count":0,"href":"https:\/\/www.europesays.com\/fr\/wp-json\/wp\/v2\/posts\/516233\/revisions"}],"wp:featuredmedia":[{"embeddable":true,"href":"https:\/\/www.europesays.com\/fr\/wp-json\/wp\/v2\/media\/516234"}],"wp:attachment":[{"href":"https:\/\/www.europesays.com\/fr\/wp-json\/wp\/v2\/media?parent=516233"}],"wp:term":[{"taxonomy":"category","embeddable":true,"href":"https:\/\/www.europesays.com\/fr\/wp-json\/wp\/v2\/categories?post=516233"},{"taxonomy":"post_tag","embeddable":true,"href":"https:\/\/www.europesays.com\/fr\/wp-json\/wp\/v2\/tags?post=516233"}],"curies":[{"name":"wp","href":"https:\/\/api.w.org\/{rel}","templated":true}]}}