{"id":516237,"date":"2025-11-06T16:01:12","date_gmt":"2025-11-06T16:01:12","guid":{"rendered":"https:\/\/www.europesays.com\/fr\/516237\/"},"modified":"2025-11-06T16:01:12","modified_gmt":"2025-11-06T16:01:12","slug":"les-parisiens-invites-a-deposer-une-fleur-ou-une-bougie-place-de-la-republique","status":"publish","type":"post","link":"https:\/\/www.europesays.com\/fr\/516237\/","title":{"rendered":"les Parisiens invit\u00e9s \u00e0 d\u00e9poser \u00ab\u00a0une fleur ou une bougie\u00a0\u00bb place de la R\u00e9publique"},"content":{"rendered":"<p>            Par<br \/>\n        <strong><br \/>\n            <a href=\"https:\/\/actu.fr\/auteur\/redaction-paris\" title=\"Consulter tous les articles de R\u00e9daction Paris\" target=\"_blank\" rel=\"noopener\">R\u00e9daction Paris<\/a><br \/>\n        <\/strong><\/p>\n<p>        Publi\u00e9 le<\/p>\n<p>            6 nov. 2025 \u00e0 16h46        <\/p>\n<p>Au lendemain des <a href=\"https:\/\/actu.fr\/attentats-du-13-novembre-2015\" target=\"_blank\" rel=\"noopener\">attentats du 13 novembre 2015<\/a>, la place de la R\u00e9publique \u00e9tait devenue, presque de mani\u00e8re instinctive, le lieu o\u00f9 les Parisiens et les Parisiennes avaient converg\u00e9 pour se recueillir. Un <strong>\u00e9lan de solidarit\u00e9<\/strong> qu\u2019<a href=\"https:\/\/actu.fr\/tag\/anne-hidalgo\" target=\"_blank\" rel=\"noopener\">Anne Hidalgo<\/a> souhaite aujourd\u2019hui raviver.<\/p>\n<p>\u00ab\u00a0Des fleurs ou une bougie\u00a0\u00bb<\/p>\n<p class=\" wall-content\">\u00ab La <a href=\"https:\/\/actu.fr\/tag\/mairie-de-paris\" target=\"_blank\" rel=\"noopener\">Ville de Paris<\/a> et les associations de victimes ont souhait\u00e9 que chaque citoyen souhaitant se mobiliser ait l\u2019opportunit\u00e9 de participer \u00e0 un hommage collectif \u00bb, explique l\u2019\u00e9dile sur Bluesky. Ainsi, du 8 au 13 novembre 2025, la maire invite \u00ab toute personne se trouvant \u00e0 Paris \u00bb \u00e0 venir d\u00e9poser des fleurs ou une bougie <strong>au pied de la statue<\/strong> de Marianne, \u00ab comme beaucoup l\u2019avaient fait spontan\u00e9ment il y a 10 ans \u00bb, pr\u00e9cise-t-elle.<\/p>\n<blockquote class=\"bluesky-embed\" data-bluesky-uri=\"at:\/\/did:plc:lvdcip6r6vz5mc3bl4vlqnbf\/app.bsky.feed.post\/3m4wz2d2oek2m\" data-bluesky-cid=\"bafyreigdtipimdzvzds5jmab6apehdzimbwibcj2xck2blscw5utmzehke\">\n<p lang=\"fr\">Du 8 au 13 novembre, nous vous invitons \u00e0 venir vous recueillir place de la R\u00e9publique \u00e0 travers un geste symbolique, en d\u00e9posant une fleur ou une bougie au pied de la statue, comme beaucoup l&rsquo;avaient fait spontan\u00e9ment il y a 10 ans.<\/p>\n<p>\u2014 <a href=\"https:\/\/bsky.app\/profile\/did:plc:lvdcip6r6vz5mc3bl4vlqnbf?ref_src=embed\" target=\"_blank\" rel=\"noopener\">Anne Hidalgo (@annehidalgo.bsky.social)<\/a> <a href=\"https:\/\/bsky.app\/profile\/did:plc:lvdcip6r6vz5mc3bl4vlqnbf\/post\/3m4wz2d2oek2m?ref_src=embed\" target=\"_blank\" rel=\"noopener\">2025-11-06T07:09:55.816Z<\/a><\/p>\n<\/blockquote>\n<p class=\" wall-content\">La semaine menant au 13-Novembre sera ponctu\u00e9e de <strong>plusieurs temps forts<\/strong> en hommage aux 132 personnes mortes sous les tirs des terroristes et aux 350 bless\u00e9es. Le point d\u2019orgue de ces comm\u00e9morations sera <a href=\"https:\/\/actu.fr\/ile-de-france\/paris_75056\/dix-ans-des-attentats-du-13-novembre-a-paris-tout-ce-qu-il-faut-savoir-sur-la-ceremonie-de-commemoration_63367609.html\" target=\"_blank\" rel=\"noopener\">l\u2019inauguration du Jardin du 13-Novembre<\/a>, place Saint-Gervais.<\/p>\n<p class=\" wall-content\">La c\u00e9r\u00e9monie se d\u00e9roulera de 18 heures \u00e0 20 heures en pr\u00e9sence des associations de victimes Life for Paris et 13onze15, mais aussi d\u2019Anne Hidalgo et du pr\u00e9sident de la R\u00e9publique, Emmanuel Macron. Elle sera retransmise en direct \u00e0 la t\u00e9l\u00e9vision. Pour l\u2019occasion, un <strong>\u00e9cran g\u00e9ant<\/strong> sera install\u00e9 place de la R\u00e9publique.<\/p>\n<p class=\" wall-content\">Personnalisez votre actualit\u00e9 en ajoutant vos villes et m\u00e9dias en favori avec <a href=\"https:\/\/moncompte.actu.fr\" title=\"D\u00e9couvez Mon Actu\" rel=\"nofollow noopener\" data-trk=\"{&quot;cta&quot;:{&quot;action&quot;:&quot;https:\\\/\\\/moncompte.actu.fr&quot;,&quot;category&quot;:&quot;mon compte&quot;,&quot;from&quot;:&quot;article footer&quot;,&quot;name&quot;:&quot;Mon actu&quot;,&quot;type&quot;:&quot;cta&quot;}}\" target=\"_blank\">Mon Actu<\/a>.<\/p>\n","protected":false},"excerpt":{"rendered":"Par R\u00e9daction Paris Publi\u00e9 le 6 nov. 2025 \u00e0 16h46 Au lendemain des attentats du 13 novembre 2015,&hellip;\n","protected":false},"author":2,"featured_media":516238,"comment_status":"","ping_status":"","sticky":false,"template":"","format":"standard","meta":{"footnotes":""},"categories":[1888],"tags":[1111,1928,11,1927,2618,63704,61701,1777,674,118,1011,27,12,1926,626,1925,25],"class_list":{"0":"post-516237","1":"post","2":"type-post","3":"status-publish","4":"format-standard","5":"has-post-thumbnail","7":"category-paris","8":"tag-actu","9":"tag-actu-paris","10":"tag-actualites","11":"tag-actualites-paris","12":"tag-anne-hidalgo","13":"tag-attentats-du-13-novembre-2015","14":"tag-attentats-du-13-novembre","15":"tag-eu","16":"tag-europe","17":"tag-faits-divers","18":"tag-fr","19":"tag-france","20":"tag-news","21":"tag-news-paris","22":"tag-paris","23":"tag-paris-news","24":"tag-republique-francaise"},"share_on_mastodon":{"url":"https:\/\/pubeurope.com\/@fr\/115503594526484430","error":""},"_links":{"self":[{"href":"https:\/\/www.europesays.com\/fr\/wp-json\/wp\/v2\/posts\/516237","targetHints":{"allow":["GET"]}}],"collection":[{"href":"https:\/\/www.europesays.com\/fr\/wp-json\/wp\/v2\/posts"}],"about":[{"href":"https:\/\/www.europesays.com\/fr\/wp-json\/wp\/v2\/types\/post"}],"author":[{"embeddable":true,"href":"https:\/\/www.europesays.com\/fr\/wp-json\/wp\/v2\/users\/2"}],"replies":[{"embeddable":true,"href":"https:\/\/www.europesays.com\/fr\/wp-json\/wp\/v2\/comments?post=516237"}],"version-history":[{"count":0,"href":"https:\/\/www.europesays.com\/fr\/wp-json\/wp\/v2\/posts\/516237\/revisions"}],"wp:featuredmedia":[{"embeddable":true,"href":"https:\/\/www.europesays.com\/fr\/wp-json\/wp\/v2\/media\/516238"}],"wp:attachment":[{"href":"https:\/\/www.europesays.com\/fr\/wp-json\/wp\/v2\/media?parent=516237"}],"wp:term":[{"taxonomy":"category","embeddable":true,"href":"https:\/\/www.europesays.com\/fr\/wp-json\/wp\/v2\/categories?post=516237"},{"taxonomy":"post_tag","embeddable":true,"href":"https:\/\/www.europesays.com\/fr\/wp-json\/wp\/v2\/tags?post=516237"}],"curies":[{"name":"wp","href":"https:\/\/api.w.org\/{rel}","templated":true}]}}