{"id":516264,"date":"2025-11-06T16:15:14","date_gmt":"2025-11-06T16:15:14","guid":{"rendered":"https:\/\/www.europesays.com\/fr\/516264\/"},"modified":"2025-11-06T16:15:14","modified_gmt":"2025-11-06T16:15:14","slug":"le-francais-adrien-saddier-en-tete-a-abu-dhabi-lequipe","status":"publish","type":"post","link":"https:\/\/www.europesays.com\/fr\/516264\/","title":{"rendered":"Le Fran\u00e7ais Adrien Saddier en t\u00eate \u00e0 Abu Dhabi &#8211; L&#039;\u00c9quipe"},"content":{"rendered":"<ol>\n<li><a href=\"https:\/\/news.google.com\/rss\/articles\/CBMimAFBVV95cUxNckExMVdhcU43bEFSZkpiazI5OU5mYldtQ3VSTDY0TEdWSkUxV2RiVkhNWVNUb0hteVVYSXV2WlhIUXVKcFNsNG83aFkzMDQxYi1JdGpCTmFlTlRXNVhWb2RycERrTUp0Mzh6U0R3V2JqZGZrS0pYMlhQeW5DN0RZMDdSblNnRG5kb1dzb2ljY3d0VWFLNk11VA?oc=5\" target=\"_blank\" rel=\"nofollow noopener\">Le Fran\u00e7ais Adrien Saddier en t\u00eate \u00e0 Abu Dhabi<\/a>&nbsp;&nbsp;L&rsquo;\u00c9quipe<\/li>\n<li><a href=\"https:\/\/news.google.com\/rss\/articles\/CBMitAFBVV95cUxPQkxqOUgxeUVmMjduQVkydjBIQWtjcWdTLVRyYkIwQ3BVQmRHdXYxR2pXajhQaDVEVUxRVl9pNHpoUEZ0eHhxRG01elJSU0VJUHMwQWRhRDhzc1RtSVh0UVJsTHI3a0liNmdnTWw5QklJNlp2c29aNHJ3MWdQY0cxQ1pqRGZtMW1obUUyTGVRVWVjSlVNNDlEOExncnA1V2dGUnQ5dVFpdmhCcFN2M2xHY2wxeTg?oc=5\" target=\"_blank\" rel=\"nofollow noopener\">Abu Dhabi HSBC Championship : Saddier imm\u00e9diatement en t\u00eate<\/a>&nbsp;&nbsp;F\u00e9d\u00e9ration fran\u00e7aise de golf (ffgolf)<\/li>\n<li><a href=\"https:\/\/news.google.com\/rss\/articles\/CBMiuwFBVV95cUxOa1NBa0pHeGo0OEU5bm9yNm9TaFhFdUpSd1FlNnZhVzNoSlJIdkItdV9VbmxEUjQ5MnpLUjhhZURNWElrbFZSa1RvV1pLbF8xcWFHVUlPNlliWWpwN0JWNm5uNDlCSHJlc1Rsaml6TUQyVXNZa0ZJOU5zT21OQmV5RGhDTWJMdzJiVUowUDc0RGVzZWJrdEJleF9tckxKMy1SUGROQlJrQktYam9KMExpMFpEZWlOSE1MR2dr?oc=5\" target=\"_blank\" rel=\"nofollow noopener\">Langasque, Coussaud, Ko : Quelles sont leurs chances d\u2019int\u00e9grer le top 50 pour Duba\u00ef ?<\/a>&nbsp;&nbsp;Golf Plan\u00e8te<\/li>\n<li><a href=\"https:\/\/news.google.com\/rss\/articles\/CBMiwAFBVV95cUxNNjdVdERGWU11WWJ0VktOdXpXd3d3VjRobEp2c3hGaEZsR2JoUVJRdXhSR3Yzd3k0VklFZTNwQ2tmX2VHRUpFejFVOEZFVkVlRG9jTHdLVGF2T2ptbFBPeUFCSFh6aHV6c3Y4Z0JaaThnMDgyRzBIUV84M1hYVW1zV1dURlFZNGJJbHFOYlB3eFdIVmZBbnRaZlp6cEFlMWo0MDhYRF84NFZkVmNoSTJGcmR1bklDZkp1UHBZNjBKM0I?oc=5\" target=\"_blank\" rel=\"nofollow noopener\">DP World Tour &#8211; Fleetwood : \u00ab\u00a0Tout un travail r\u00e9compens\u00e9\u00a0\u00bb<\/a>&nbsp;&nbsp;Sports &#8211; Orange<\/li>\n<li><a href=\"https:\/\/news.google.com\/rss\/articles\/CBMiiwJBVV95cUxQSW9fMXhFQmpGS282RUxwQk1uVC1BejFHZTBKZHBaRnNFTlZ0WkJYZ1F5aEF4bGRPaTdnX3hIbmZhMUJNR0o4S29zcEtnRGFrQlVjVWlkeVRiN2FITEh3OVlkaUhvNUlSWm0tWE9mYTlQR3FlQzVyaXhsaG4teW9sd3JQVnU5bXA0Rjh3TDN4N05GY2xnM1RBQTVmNWZzSE1Tek9sNGFSS3dtcVRqOTNocFVRMnlqUUhkdkV6bmFiOFVBZzNOU205cHZ5U19zeVgyamo1NkJsZ0pXZEpzdUFZM2paMHF1ckZHY2xkTUp4enFHWEUtdFEzZjR3S29SZ1hxemFjTE9TVDN6ck0?oc=5\" target=\"_blank\" rel=\"nofollow noopener\">Golf. Cinq Leaders, dont Adrien Saddier, \u00e0 -8 Apr\u00e8s le Premier Tour du Abu Dhabi Championship<\/a>&nbsp;&nbsp;Ouest-France<\/li>\n<\/ol>\n","protected":false},"excerpt":{"rendered":"Le Fran\u00e7ais Adrien Saddier en t\u00eate \u00e0 Abu Dhabi&nbsp;&nbsp;L&rsquo;\u00c9quipe Abu Dhabi HSBC Championship : Saddier imm\u00e9diatement en t\u00eate&nbsp;&nbsp;F\u00e9d\u00e9ration&hellip;\n","protected":false},"author":2,"featured_media":516265,"comment_status":"","ping_status":"","sticky":false,"template":"","format":"standard","meta":{"footnotes":""},"categories":[1418],"tags":[1011,27,1472,60],"class_list":{"0":"post-516264","1":"post","2":"type-post","3":"status-publish","4":"format-standard","5":"has-post-thumbnail","7":"category-golf","8":"tag-fr","9":"tag-france","10":"tag-golf","11":"tag-sports"},"share_on_mastodon":{"url":"https:\/\/pubeurope.com\/@fr\/115503649564674784","error":""},"_links":{"self":[{"href":"https:\/\/www.europesays.com\/fr\/wp-json\/wp\/v2\/posts\/516264","targetHints":{"allow":["GET"]}}],"collection":[{"href":"https:\/\/www.europesays.com\/fr\/wp-json\/wp\/v2\/posts"}],"about":[{"href":"https:\/\/www.europesays.com\/fr\/wp-json\/wp\/v2\/types\/post"}],"author":[{"embeddable":true,"href":"https:\/\/www.europesays.com\/fr\/wp-json\/wp\/v2\/users\/2"}],"replies":[{"embeddable":true,"href":"https:\/\/www.europesays.com\/fr\/wp-json\/wp\/v2\/comments?post=516264"}],"version-history":[{"count":0,"href":"https:\/\/www.europesays.com\/fr\/wp-json\/wp\/v2\/posts\/516264\/revisions"}],"wp:featuredmedia":[{"embeddable":true,"href":"https:\/\/www.europesays.com\/fr\/wp-json\/wp\/v2\/media\/516265"}],"wp:attachment":[{"href":"https:\/\/www.europesays.com\/fr\/wp-json\/wp\/v2\/media?parent=516264"}],"wp:term":[{"taxonomy":"category","embeddable":true,"href":"https:\/\/www.europesays.com\/fr\/wp-json\/wp\/v2\/categories?post=516264"},{"taxonomy":"post_tag","embeddable":true,"href":"https:\/\/www.europesays.com\/fr\/wp-json\/wp\/v2\/tags?post=516264"}],"curies":[{"name":"wp","href":"https:\/\/api.w.org\/{rel}","templated":true}]}}