{"id":516266,"date":"2025-11-06T16:16:32","date_gmt":"2025-11-06T16:16:32","guid":{"rendered":"https:\/\/www.europesays.com\/fr\/516266\/"},"modified":"2025-11-06T16:16:32","modified_gmt":"2025-11-06T16:16:32","slug":"double-profit-pour-le-quimper-volley-29-quimper-volley-2","status":"publish","type":"post","link":"https:\/\/www.europesays.com\/fr\/516266\/","title":{"rendered":"Double profit pour le Quimper Volley 29 &#8211; quimper &#8211; volley"},"content":{"rendered":"<p><strong>La victoire \u00e0 Sens et la chute dans le choc au sommet de la journ\u00e9e de Nantes \u00e0 Valenciennes (3-0), a donn\u00e9 un relief double \u00e0 ce 1er novembre. Continuant le parcours parfait avec 6 victoires en 6 machs, les Quimp\u00e9roises pointent seul maintenant \u00e0 la premi\u00e8re place, trois points devant les Nantaises. Ce samedi soir, en Bourgogne, Quimper a encore \u00e9t\u00e9 solide pour s&rsquo;adjuger une victoire sans bavure (0-3), en Elite f\u00e9minine ( deuxi\u00e8me division fran\u00e7aise).\u00a0<\/strong><\/p>\n<p>  \t\t\t<img decoding=\"async\" typeof=\"foaf:Image\" src=\"https:\/\/www.europesays.com\/fr\/wp-content\/uploads\/2025\/11\/1762445792_205_p2257102_0.jpg\" alt=\"\"\/>  \t\t\t  \t\t\t<\/p>\n<p><strong>L\u00e9gende:<\/strong> Les joueuses de Fran\u00e7ois-Xavier Garnon r\u00e9pondent toujours aussi bien, six match, six victoires pour les Quimp\u00e9roises, la derni\u00e8re, ce samedi soir, \u00e0 Sens dans l&rsquo;Yonne.<\/p>\n<p>Passant avec autorit\u00e9 les deux premiers sets (22-25, 23-25), la corde a c\u00e9d\u00e9 d\u00e9finitivement chez les locales, Quimper a donn\u00e9 un dernier coup de marteau pour s&rsquo;assurer un nouveau succ\u00e8s avec un gain 18-25 dans le 3\u00e8me et dernier set.<\/p>\n","protected":false},"excerpt":{"rendered":"La victoire \u00e0 Sens et la chute dans le choc au sommet de la journ\u00e9e de Nantes \u00e0&hellip;\n","protected":false},"author":2,"featured_media":516267,"comment_status":"","ping_status":"","sticky":false,"template":"","format":"standard","meta":{"footnotes":""},"categories":[1417],"tags":[1011,27,60,1470,1469],"class_list":{"0":"post-516266","1":"post","2":"type-post","3":"status-publish","4":"format-standard","5":"has-post-thumbnail","7":"category-volley","8":"tag-fr","9":"tag-france","10":"tag-sports","11":"tag-volley","12":"tag-volleyball"},"share_on_mastodon":{"url":"https:\/\/pubeurope.com\/@fr\/115503654623268531","error":""},"_links":{"self":[{"href":"https:\/\/www.europesays.com\/fr\/wp-json\/wp\/v2\/posts\/516266","targetHints":{"allow":["GET"]}}],"collection":[{"href":"https:\/\/www.europesays.com\/fr\/wp-json\/wp\/v2\/posts"}],"about":[{"href":"https:\/\/www.europesays.com\/fr\/wp-json\/wp\/v2\/types\/post"}],"author":[{"embeddable":true,"href":"https:\/\/www.europesays.com\/fr\/wp-json\/wp\/v2\/users\/2"}],"replies":[{"embeddable":true,"href":"https:\/\/www.europesays.com\/fr\/wp-json\/wp\/v2\/comments?post=516266"}],"version-history":[{"count":0,"href":"https:\/\/www.europesays.com\/fr\/wp-json\/wp\/v2\/posts\/516266\/revisions"}],"wp:featuredmedia":[{"embeddable":true,"href":"https:\/\/www.europesays.com\/fr\/wp-json\/wp\/v2\/media\/516267"}],"wp:attachment":[{"href":"https:\/\/www.europesays.com\/fr\/wp-json\/wp\/v2\/media?parent=516266"}],"wp:term":[{"taxonomy":"category","embeddable":true,"href":"https:\/\/www.europesays.com\/fr\/wp-json\/wp\/v2\/categories?post=516266"},{"taxonomy":"post_tag","embeddable":true,"href":"https:\/\/www.europesays.com\/fr\/wp-json\/wp\/v2\/tags?post=516266"}],"curies":[{"name":"wp","href":"https:\/\/api.w.org\/{rel}","templated":true}]}}