{"id":516268,"date":"2025-11-06T16:17:15","date_gmt":"2025-11-06T16:17:15","guid":{"rendered":"https:\/\/www.europesays.com\/fr\/516268\/"},"modified":"2025-11-06T16:17:15","modified_gmt":"2025-11-06T16:17:15","slug":"144kg-quadzilla-le-xv-de-france-a-lepreuve-du-wilco-de-la-melee","status":"publish","type":"post","link":"https:\/\/www.europesays.com\/fr\/516268\/","title":{"rendered":"144kg, \u00a0\u00bbQuadzilla\u00a0\u00bb : le XV de France \u00e0 l\u2019\u00e9preuve du \u00a0\u00bbWilco\u00a0\u00bb de la m\u00eal\u00e9e"},"content":{"rendered":"<p>Durant sa pige au RCT lors du Mondial 2019, son pr\u00e9nom laissait ressurgir de nombreux souvenirs au RCT. Et pour cause, le bien nomm\u00e9 <a href=\"https:\/\/www.lerugbynistere.fr\/fiches-joueurs\/wilco-louw.php\" ui-sref=\"app.player({playerId: 5695})\" alt=\"Wilco Louw\" data-route=\"app.player\" data-param=\"playerId\" data-id=\"5695\" rel=\"nofollow noopener\" target=\"_blank\">Wilco Louw<\/a> attirait la curiosit\u00e9 durant sa venue dans le Var, o\u00f9 son pr\u00e9nom r\u00e9sonnait comme familier.<\/p>\n<p>Mayol, la terre de Wilko<\/p>\n<p>Mayol, c\u2019\u00e9tait l\u00e0 o\u00f9 Sir <a href=\"https:\/\/www.lerugbynistere.fr\/fiches-joueurs\/jonny-wilkinson.php\" ui-sref=\"app.player({playerId: 528})\" alt=\"Jonny Wilkinson\" data-route=\"app.player\" data-param=\"playerId\" data-id=\"528\" rel=\"nofollow noopener\" target=\"_blank\">Jonny Wilkinson<\/a>, alias \u00ab\u00a0Wilko\u00a0\u00bb, r\u00e9gna en ma\u00eetre pendant des ann\u00e9es, jusqu\u2019\u00e0 \u00eatre \u00e9rig\u00e9 naturellement en plus grande l\u00e9gende de l\u2019\u00e8re moderne du club au muguet. Pour s\u00fbr, Louw n\u2019avait pas de belle chevelure blonde, ne ma\u00eetrisait pas la langue de Moli\u00e8re sur le bout des doigts et n\u2019avait ni la gueule, ni le pied gauche (et droit) de l\u2019Anglais le plus appr\u00e9ci\u00e9 des Fran\u00e7ais.<\/p>\n<p>Ce que poss\u00e9dait le pilier droit sud-africain, en revanche, c\u2019\u00e9tait une force en m\u00eal\u00e9e remarquable. Lui qui avait cal\u00e9 l\u2019\u00e9difice varois comme peu durant ses 2 petits mois sur la Rade (5 matchs), laissant d\u2019ailleurs un go\u00fbt amer aux puristes lorsque le pilachou du Cap Occidental avait d\u00fb quitter le club \u00e0 l\u2019issue de son contrat de joker <a href=\"https:\/\/www.lerugbynistere.fr\/international\/coupe-du-monde-rugby\/\" ui-sref=\"app.competition({competitionId: 9})\" alt=\"Coupe du monde\" data-route=\"app.competition\" data-param=\"competitionId\" data-id=\"9\" rel=\"nofollow noopener\" target=\"_blank\">coupe du monde<\/a>.<\/p>\n<p><a class=\"inserer_lien_article\" href=\"https:\/\/www.lerugbynistere.fr\/news\/kolbe-a-laile-un-pack-a-970kg-la-compo-des-springboks-pour-asphyxier-le-xv-de-france-0611251413.php\" data-id=\"46702\" data-route=\"app.article\" data-param=\"articleId\" ui-sref=\"app.article({articleId: 46702})\" alt=\"Kolbe \u00e0 l&#039;aile, un pack \u00e0 970kg... La compo des Springboks pour asphyxier le XV de France\" title=\"Kolbe \u00e0 l&#039;aile, un pack \u00e0 970kg... La compo des Springboks pour asphyxier le XV de France\" rel=\"nofollow noopener\" target=\"_blank\"><img decoding=\"async\" src=\"https:\/\/www.europesays.com\/fr\/wp-content\/uploads\/2025\/11\/etzebeth-03-09-22-681.jpg\" alt=\"Kolbe \u00e0 l'aile, un pack \u00e0 970kg... La compo des Springboks pour asphyxier le XV de France\"\/>Kolbe \u00e0 l&rsquo;aile, un pack \u00e0 970kg&#8230; La compo des Springboks pour asphyxier le XV de France<\/a>Avant de signer aux <a href=\"https:\/\/www.lerugbynistere.fr\/clubs\/harlequins.php\" ui-sref=\"app.team({teamId: 74})\" alt=\"Harlequins\" data-route=\"app.team\" data-param=\"teamId\" data-id=\"74\" rel=\"nofollow noopener\" target=\"_blank\">Harlequins<\/a> quelques mois plus tard, et de devenir le pousseur le plus redout\u00e9 du championnat d\u2019Angleterre.<\/p>\n<p>Les cuisseaux les plus \u00e9pais de la plan\u00e8te rugby<\/p>\n<p>Six ans plus tard, le Springbok (25 s\u00e9lections) a d\u00e9sormais pass\u00e9 la trentaine et s\u2019est lest\u00e9 d\u2019une dizaine de kilos pour franchir la barre des 140 plombes (144 exactement). Et d\u00e9finitivement devenir aussi dur \u00e0 bouger que la table en bois massif du salon de m\u00e9m\u00e9, en m\u00eal\u00e9e.<\/p>\n<p><a class=\"inserer_lien_article\" href=\"https:\/\/www.lerugbynistere.fr\/videos\/video-les-freres-les-plus-forts-du-monde-defient-les-harlequins-qui-lemportera-2501231900.php\" data-id=\"36837\" data-route=\"app.article\" data-param=\"articleId\" ui-sref=\"app.article({articleId: 36837})\" alt=\"VIDEO. Les fr\u00e8res les plus forts du monde d\u00e9fient les Harlequins : qui l&#039;emportera ?\" title=\"VIDEO. Les fr\u00e8res les plus forts du monde d\u00e9fient les Harlequins : qui l&#039;emportera ?\" rel=\"nofollow noopener\" target=\"_blank\"><img decoding=\"async\" src=\"https:\/\/www.europesays.com\/fr\/wp-content\/uploads\/2025\/11\/yt-25-01-23-6100.jpg\" alt=\"VIDEO. Les fr\u00e8res les plus forts du monde d\u00e9fient les Harlequins : qui l'emportera ?\"\/>VIDEO. Les fr\u00e8res les plus forts du monde d\u00e9fient les Harlequins : qui l&#8217;emportera ?<\/a><\/p>\n<p>Et ce gr\u00e2ce notamment aux jambonneaux qu\u2019il poss\u00e8de \u00e0 la place des cuisses. Des quadriceps d\u00e9mesur\u00e9s qui feraient p\u00e2lir 80% des strongmen de la plan\u00e8te, et qui lui ont d\u2019ailleurs valu le surnom de \u00ab\u00a0Quadzilla\u00a0\u00bb. Quand le l\u00e9gendaire droitier gallois <a href=\"https:\/\/www.lerugbynistere.fr\/fiches-joueurs\/adam-jones.php\" ui-sref=\"app.player({playerId: 7})\" alt=\"Adam Jones\" data-route=\"app.player\" data-param=\"playerId\" data-id=\"7\" rel=\"nofollow noopener\" target=\"_blank\">Adam Jones<\/a>, parlait lui d\u2019une \u00ab\u00a0anomalie physique\u00a0\u00bb concernant Wilco Louw.<\/p>\n<p>Bref, un v\u00e9ritable client dans l\u2019\u00e9preuve de force qui sera donc rempla\u00e7ant face aux Bleus ce samedi, pour finir de donner des airs de monstre \u00e0 16 pattes au pack sud-africain, en sortie de banc. Un sacr\u00e9 d\u00e9fi face au\u00a0\u00ab\u00a0Wilco\u00a0\u00bb de la m\u00eal\u00e9e, qui devrait entrer en m\u00eame temps que les abominables <a href=\"https:\/\/www.lerugbynistere.fr\/fiches-joueurs\/rg-snyman.php\" ui-sref=\"app.player({playerId: 9135})\" alt=\"RG Snyman\" data-route=\"app.player\" data-param=\"playerId\" data-id=\"9135\" rel=\"nofollow noopener\" target=\"_blank\">RG Snyman<\/a> (2m07 pour 136kg) et Andr\u00e9 Esterhuizen (1m93 pour 120kg). Terrible vivier sud-africain&#8230;<\/p>\n","protected":false},"excerpt":{"rendered":"Durant sa pige au RCT lors du Mondial 2019, son pr\u00e9nom laissait ressurgir de nombreux souvenirs au RCT.&hellip;\n","protected":false},"author":2,"featured_media":516269,"comment_status":"","ping_status":"","sticky":false,"template":"","format":"standard","meta":{"footnotes":""},"categories":[1416],"tags":[1011,27,479,1468,60],"class_list":{"0":"post-516268","1":"post","2":"type-post","3":"status-publish","4":"format-standard","5":"has-post-thumbnail","7":"category-rugby","8":"tag-fr","9":"tag-france","10":"tag-rugby","11":"tag-rugby-football","12":"tag-sports"},"share_on_mastodon":{"url":"https:\/\/pubeurope.com\/@fr\/115503657736301630","error":""},"_links":{"self":[{"href":"https:\/\/www.europesays.com\/fr\/wp-json\/wp\/v2\/posts\/516268","targetHints":{"allow":["GET"]}}],"collection":[{"href":"https:\/\/www.europesays.com\/fr\/wp-json\/wp\/v2\/posts"}],"about":[{"href":"https:\/\/www.europesays.com\/fr\/wp-json\/wp\/v2\/types\/post"}],"author":[{"embeddable":true,"href":"https:\/\/www.europesays.com\/fr\/wp-json\/wp\/v2\/users\/2"}],"replies":[{"embeddable":true,"href":"https:\/\/www.europesays.com\/fr\/wp-json\/wp\/v2\/comments?post=516268"}],"version-history":[{"count":0,"href":"https:\/\/www.europesays.com\/fr\/wp-json\/wp\/v2\/posts\/516268\/revisions"}],"wp:featuredmedia":[{"embeddable":true,"href":"https:\/\/www.europesays.com\/fr\/wp-json\/wp\/v2\/media\/516269"}],"wp:attachment":[{"href":"https:\/\/www.europesays.com\/fr\/wp-json\/wp\/v2\/media?parent=516268"}],"wp:term":[{"taxonomy":"category","embeddable":true,"href":"https:\/\/www.europesays.com\/fr\/wp-json\/wp\/v2\/categories?post=516268"},{"taxonomy":"post_tag","embeddable":true,"href":"https:\/\/www.europesays.com\/fr\/wp-json\/wp\/v2\/tags?post=516268"}],"curies":[{"name":"wp","href":"https:\/\/api.w.org\/{rel}","templated":true}]}}