{"id":516270,"date":"2025-11-06T16:18:15","date_gmt":"2025-11-06T16:18:15","guid":{"rendered":"https:\/\/www.europesays.com\/fr\/516270\/"},"modified":"2025-11-06T16:18:15","modified_gmt":"2025-11-06T16:18:15","slug":"atp-athenes-quand-djokovic-sagace-sports","status":"publish","type":"post","link":"https:\/\/www.europesays.com\/fr\/516270\/","title":{"rendered":"ATP &#8211; Ath\u00e8nes\u00a0: Quand Djokovic s&rsquo;agace : Sports"},"content":{"rendered":"<p class=\"date\">\n                                                            Paul Rouget, Media365 : publi\u00e9 le jeudi 06 novembre 2025 \u00e0 13h45\n                                                    <\/p>\n<p>Il ne faut pas parler de retraite \u00e0 Novak Djokovic, un journaliste l&rsquo;a appris \u00e0 ses d\u00e9pens&#8230;<\/p>\n<p>Comme chez lui en Gr\u00e8ce, o\u00f9 il a \u00e9lu domicile, Novak Djokovic s&rsquo;est qualifi\u00e9 pour les quarts de finale du tournoi d&rsquo;Ath\u00e8nes, o\u00f9 il affrontera vendredi le Portugais Nuno Borges, 47e mondial. Le Serbe fait toujours autant parler de lui, notamment <a href=\"https:\/\/sports.orange.fr\/tennis\/atp\/article\/atp-masters-sinner-avec-zverev-alcaraz-avec-djokovic-CNT000002lBnjY.html\" rel=\"nofollow noopener\" target=\"_blank\">en raison de son hypoth\u00e9tique participation au Masters<\/a>, lui qui annonc\u00e9 qu&rsquo;il prendra sa d\u00e9cision \u00e0 l&rsquo;issue du tournoi grec. <a href=\"https:\/\/sports.orange.fr\/tennis\/atp\/article\/atp-athenes-djokovic-n-a-pu-retenir-ses-larmes-exclu-CNT000002lAt5A.html\" rel=\"nofollow noopener\" target=\"_blank\">On l&rsquo;a aussi vu fondre en larmes<\/a>, lors d&rsquo;un hommage \u00e0 son mentor Nikola Pilic, d\u00e9c\u00e9d\u00e9 au mois de septembre \u00e0 l&rsquo;\u00e2ge de 86 ans.<\/p>\n<p>On a \u00e9galement eu droit \u00e0 un \u00ab\u00a0Djoker\u00a0\u00bb agac\u00e9, quand il a \u00e9t\u00e9 demand\u00e9 au recordman des sacres en Grand Chelem (24) s&rsquo;il comptait prendre sa retraite, alors qu&rsquo;il f\u00eatera son 39e anniversaire en juin prochain. \u00ab\u00a0J&rsquo;ai pens\u00e9 \u00e0 mon avenir plus d&rsquo;une fois, c&rsquo;est certain. Mais je refuse d&rsquo;en parler pour le moment. Je veux profiter des moments sur le court comme celui que j&rsquo;ai v\u00e9cu \u00e0 Ath\u00e8nes\u00a0\u00bb, a-t-il d&rsquo;abord d\u00e9clar\u00e9 en conf\u00e9rence de presse.<\/p>\n<p>\u00ab\u00a0Laissez-moi tranquille\u00a0\u00bb<\/p>\n<p>Avant de faire un parall\u00e8le avec Stan Wawrinka, qui joue toujours \u00e0 40 ans. \u00ab\u00a0Je crois que j&rsquo;ai gagn\u00e9 le droit de jouer aussi longtemps que je le souhaite. On pose tr\u00e8s souvent la m\u00eame question de la retraite \u00e0 Stan, et je suis totalement d&rsquo;accord avec lui lorsqu&rsquo;il dit : \u00ab\u00a0Laissez-moi tranquille, laissez-moi jouer et profiter.\u00a0\u00bb\u00a0\u00bb, a poursuivi celui qui pointe cette semaine au 5e rang du classement ATP.<\/p>\n<p>Et de conc\u00e9der\u00a0: \u00ab\u00a0Je comprends la curiosit\u00e9 des gens sur le moment o\u00f9 j&rsquo;arr\u00eaterai, mais je n&rsquo;ai pas encore ce compte \u00e0 rebours en t\u00eate. J&rsquo;ai d\u00e9cid\u00e9 de jouer comme bon me semble, comme je l&rsquo;entends et non de la fa\u00e7on dont les gens souhaitent que je fasse. C&rsquo;est tout. \u00bb Comme \u00e7a, c&rsquo;est clair&#8230;<\/p>\n","protected":false},"excerpt":{"rendered":"Paul Rouget, Media365 : publi\u00e9 le jeudi 06 novembre 2025 \u00e0 13h45 Il ne faut pas parler de&hellip;\n","protected":false},"author":2,"featured_media":516271,"comment_status":"","ping_status":"","sticky":false,"template":"","format":"standard","meta":{"footnotes":""},"categories":[1415],"tags":[1011,27,60,1467],"class_list":{"0":"post-516270","1":"post","2":"type-post","3":"status-publish","4":"format-standard","5":"has-post-thumbnail","7":"category-tennis","8":"tag-fr","9":"tag-france","10":"tag-sports","11":"tag-tennis"},"share_on_mastodon":{"url":"https:\/\/pubeurope.com\/@fr\/115503661209073188","error":""},"_links":{"self":[{"href":"https:\/\/www.europesays.com\/fr\/wp-json\/wp\/v2\/posts\/516270","targetHints":{"allow":["GET"]}}],"collection":[{"href":"https:\/\/www.europesays.com\/fr\/wp-json\/wp\/v2\/posts"}],"about":[{"href":"https:\/\/www.europesays.com\/fr\/wp-json\/wp\/v2\/types\/post"}],"author":[{"embeddable":true,"href":"https:\/\/www.europesays.com\/fr\/wp-json\/wp\/v2\/users\/2"}],"replies":[{"embeddable":true,"href":"https:\/\/www.europesays.com\/fr\/wp-json\/wp\/v2\/comments?post=516270"}],"version-history":[{"count":0,"href":"https:\/\/www.europesays.com\/fr\/wp-json\/wp\/v2\/posts\/516270\/revisions"}],"wp:featuredmedia":[{"embeddable":true,"href":"https:\/\/www.europesays.com\/fr\/wp-json\/wp\/v2\/media\/516271"}],"wp:attachment":[{"href":"https:\/\/www.europesays.com\/fr\/wp-json\/wp\/v2\/media?parent=516270"}],"wp:term":[{"taxonomy":"category","embeddable":true,"href":"https:\/\/www.europesays.com\/fr\/wp-json\/wp\/v2\/categories?post=516270"},{"taxonomy":"post_tag","embeddable":true,"href":"https:\/\/www.europesays.com\/fr\/wp-json\/wp\/v2\/tags?post=516270"}],"curies":[{"name":"wp","href":"https:\/\/api.w.org\/{rel}","templated":true}]}}