{"id":516272,"date":"2025-11-06T16:22:13","date_gmt":"2025-11-06T16:22:13","guid":{"rendered":"https:\/\/www.europesays.com\/fr\/516272\/"},"modified":"2025-11-06T16:22:13","modified_gmt":"2025-11-06T16:22:13","slug":"gaetan-pons-ds-dans-une-worldteam-actualite","status":"publish","type":"post","link":"https:\/\/www.europesays.com\/fr\/516272\/","title":{"rendered":"Ga\u00ebtan Pons DS dans une WorldTeam &#8211; Actualit\u00e9"},"content":{"rendered":"<p style=\"text-align: justify;\">Ga\u00ebtan Pons sera en 2026 directeur sportif au sein de la WorldTeam Visma-Lease a Bike.<\/p>\n<p>Il \u00e9tait en poste ces deux derni\u00e8res ann\u00e9es chez Unibet Tietema Rockets. Il avait \u00e9t\u00e9 auparavant DS chez Leopard, de 2020 \u00e0 2023. C&rsquo;est dans cette formation qu&rsquo;il avait pass\u00e9 ses trois derni\u00e8res saisons de coureur, de 2017 \u00e0 2019.<\/p>\n<p>\u00c9galement pass\u00e9 par T.Palm-P\u00f4le Continental Wallon, ColorCode et Wallonie Bruxelles, Ga\u00ebtan Pons aura fait toute sa carri\u00e8re de coureur au niveau Continental.<\/p>\n","protected":false},"excerpt":{"rendered":"Ga\u00ebtan Pons sera en 2026 directeur sportif au sein de la WorldTeam Visma-Lease a Bike. Il \u00e9tait en&hellip;\n","protected":false},"author":2,"featured_media":516273,"comment_status":"","ping_status":"","sticky":false,"template":"","format":"standard","meta":{"footnotes":""},"categories":[1411],"tags":[834,828,836,829,837,827,83,826,824,823,1154,207,814,817,815,816,822,821,832,211,839,1011,27,820,818,819,835,831,830,833,838,60,212,208,825],"class_list":{"0":"post-516272","1":"post","2":"type-post","3":"status-publish","4":"format-standard","5":"has-post-thumbnail","7":"category-cyclisme","8":"tag-attaque","9":"tag-belgique","10":"tag-braquet","11":"tag-bretagne","12":"tag-chute","13":"tag-competition","14":"tag-coupe-de-france","15":"tag-coureur","16":"tag-course-cyclisme","17":"tag-course-cycliste","18":"tag-cycling","19":"tag-cyclisme","20":"tag-direct","21":"tag-direct-velo","22":"tag-directvelo","23":"tag-directvelo-com","24":"tag-epreuve","25":"tag-epreuve-cycliste","26":"tag-federation-francaise-de-cyclisme","27":"tag-ffc","28":"tag-flandres","29":"tag-fr","30":"tag-france","31":"tag-live","32":"tag-live-course","33":"tag-live-epreuve","34":"tag-peloton","35":"tag-radio-peloton","36":"tag-radio-tour","37":"tag-ravitaillement","38":"tag-relance","39":"tag-sports","40":"tag-uci","41":"tag-velo","42":"tag-velos"},"share_on_mastodon":{"url":"https:\/\/pubeurope.com\/@fr\/115503677090073671","error":""},"_links":{"self":[{"href":"https:\/\/www.europesays.com\/fr\/wp-json\/wp\/v2\/posts\/516272","targetHints":{"allow":["GET"]}}],"collection":[{"href":"https:\/\/www.europesays.com\/fr\/wp-json\/wp\/v2\/posts"}],"about":[{"href":"https:\/\/www.europesays.com\/fr\/wp-json\/wp\/v2\/types\/post"}],"author":[{"embeddable":true,"href":"https:\/\/www.europesays.com\/fr\/wp-json\/wp\/v2\/users\/2"}],"replies":[{"embeddable":true,"href":"https:\/\/www.europesays.com\/fr\/wp-json\/wp\/v2\/comments?post=516272"}],"version-history":[{"count":0,"href":"https:\/\/www.europesays.com\/fr\/wp-json\/wp\/v2\/posts\/516272\/revisions"}],"wp:featuredmedia":[{"embeddable":true,"href":"https:\/\/www.europesays.com\/fr\/wp-json\/wp\/v2\/media\/516273"}],"wp:attachment":[{"href":"https:\/\/www.europesays.com\/fr\/wp-json\/wp\/v2\/media?parent=516272"}],"wp:term":[{"taxonomy":"category","embeddable":true,"href":"https:\/\/www.europesays.com\/fr\/wp-json\/wp\/v2\/categories?post=516272"},{"taxonomy":"post_tag","embeddable":true,"href":"https:\/\/www.europesays.com\/fr\/wp-json\/wp\/v2\/tags?post=516272"}],"curies":[{"name":"wp","href":"https:\/\/api.w.org\/{rel}","templated":true}]}}