{"id":516276,"date":"2025-11-06T16:24:16","date_gmt":"2025-11-06T16:24:16","guid":{"rendered":"https:\/\/www.europesays.com\/fr\/516276\/"},"modified":"2025-11-06T16:24:16","modified_gmt":"2025-11-06T16:24:16","slug":"lactrice-a-refuse-que-sa-cellulite-soit-retouchee-dans-le-film-die-my-love","status":"publish","type":"post","link":"https:\/\/www.europesays.com\/fr\/516276\/","title":{"rendered":"L\u2019actrice a refus\u00e9 que sa cellulite soit retouch\u00e9e dans le film \u00ab\u00a0Die My Love\u00a0\u00bb"},"content":{"rendered":"<p>C\u2019est une d\u00e9cision forte\u00a0: l\u2019actrice <a href=\"https:\/\/www.20minutes.fr\/dossier\/jennifer_lawrence\" class=\"c-link c-link--is-underlined\" target=\"_blank\" rel=\"noopener\">Jennifer Lawrence<\/a>, 35 ans, assume les imperfections de son <a href=\"https:\/\/www.20minutes.fr\/dossier\/corps\" class=\"c-link c-link--is-underlined\" target=\"_blank\" rel=\"noopener\">corps <\/a>au point qu\u2019elle a tenu \u00e0 ce que les images de celui-ci ne soient pas retouch\u00e9es dans les sc\u00e8nes de nus qu\u2019elle a tourn\u00e9es pour <a href=\"https:\/\/www.20minutes.fr\/arts-stars\/people\/4181291-20251025-jennifer-lawrence-servi-robert-pattinson-plat-tout-droit-sorti-poubelle\" class=\"c-link c-link--is-underlined\" target=\"_blank\" rel=\"noopener\">le film Die My Love<\/a>, rapporte <a href=\"https:\/\/www.huffingtonpost.fr\/people\/article\/dans-die-my-love-jennifer-lawrence-a-refuse-qu-on-efface-sa-cellulite_256844.html\" rel=\"nofollow noopener\" target=\"_blank\" class=\"c-link c-link--is-underlined\">le HuffPost<\/a>.<\/p>\n<\/p>\n<p>Devenir maman l\u2019a \u00ab\u00a0lib\u00e9r\u00e9e\u00a0\u00bb<\/p>\n<p>L\u2019actrice devenue <a href=\"https:\/\/www.20minutes.fr\/dossier\/stars\" class=\"c-link c-link--is-underlined\" target=\"_blank\" rel=\"noopener\">star <\/a>gr\u00e2ce \u00e0 la <a href=\"https:\/\/www.20minutes.fr\/dossier\/hunger_games\" class=\"c-link c-link--is-underlined\" target=\"_blank\" rel=\"noopener\">saga Hunger Games<\/a> a en effet r\u00e9cemment expliqu\u00e9 n\u2019avoir aucun probl\u00e8me \u00e0 jouer dans le plus simple appareil\u00a0: \u00ab\u00a0Je me fiche de la nudit\u00e9, \u00e7a ne me d\u00e9range pas\u00a0\u00bb, a-t-elle confi\u00e9, ajoutant qu\u2019elle avait souhait\u00e9 que la r\u00e9alisatrice du <a href=\"https:\/\/www.20minutes.fr\/dossier\/film\" class=\"c-link c-link--is-underlined\" target=\"_blank\" rel=\"noopener\">film <\/a>\u00ab\u00a0ait une libert\u00e9 artistique totale\u00a0\u00bb.<\/p>\n<p>Dans une interview vid\u00e9o accord\u00e9e au m\u00e9dia am\u00e9ricain <a href=\"https:\/\/www.tiktok.com\/@vulture\/video\/7568704780923686158?is_from_webapp=1&amp;sender_device=pc&amp;web_id=7569622882847573526\" rel=\"nofollow noopener\" target=\"_blank\" class=\"c-link c-link--is-underlined\">Vulture<\/a>, Jennifer Lawrence a assur\u00e9 que ses grossesses (elle est <a href=\"https:\/\/www.20minutes.fr\/arts-stars\/people\/4172098-20250909-jennifer-lawrence-devoile-prenom-fils-mesaventure-jerry-o-connell-cours-yoga\" class=\"c-link c-link--is-underlined\" target=\"_blank\" rel=\"noopener\">maman de deux enfants<\/a>) l\u2019avaient \u00ab\u00a0lib\u00e9r\u00e9e\u00a0\u00bb sur son rapport au corps et \u00e0 l\u2019image qu\u2019il refl\u00e8te\u00a0: \u00ab\u00a0\u00eatre enceinte m\u2019a d\u00e9barrass\u00e9e de beaucoup d\u2019angoisses li\u00e9es \u00e0 la vanit\u00e9\u00a0\u00bb, y affirme-t-elle.<\/p>\n<p>Oppos\u00e9e aux retouches num\u00e9riques<\/p>\n<p>Mais elle y raconte surtout qu\u2019interpr\u00e9tant une jeune m\u00e8re alors qu\u2019elle l\u2019\u00e9tait elle-m\u00eame, la production de Die My Love lui a envoy\u00e9 un gros plan sur lequel sa <a href=\"https:\/\/www.20minutes.fr\/arts-stars\/television\/2278123-20180526-camille-cerf-repond-critiques-poids-oui-cellulite-mets-38-voire-40\" class=\"c-link c-link--is-underlined\" target=\"_blank\" rel=\"noopener\">cellulite<\/a> \u00e9tait tr\u00e8s visible en lui demandant \u00ab\u00a0tu veux qu\u2019on retouche \u00e7a\u00a0?\u00a0\u00bb. \u00c0 quoi l\u2019actrice a simplement r\u00e9pondu \u00ab\u00a0Non. C\u2019est un cul\u00a0\u00bb.<\/p>\n<p><a href=\"https:\/\/www.20minutes.fr\/dossier\/jennifer_lawrence\" class=\"c-link c-btn c-btn--primary\" target=\"_blank\" rel=\"noopener\">Notre dossier \u00ab Jennifer Lawrence \u00bb<\/a><\/p>\n<p>Pour rappel, Die My Love a \u00e9t\u00e9 pr\u00e9sent\u00e9 au dernier <a href=\"https:\/\/www.20minutes.fr\/dossier\/festival_de_cannes\" class=\"c-link c-link--is-underlined\" target=\"_blank\" rel=\"noopener\">Festival de Canne<\/a>s mais ne sortira en salles que le 4\u00a0mars 2026. Il raconte la descente aux enfers de Grace (Jennifer Lawrence), une jeune maman en pleine d\u00e9pression post-partum alors que le couple qu\u2019elle forme avec Jackson (Robert Pattinson) bat s\u00e9rieusement de l\u2019aile.<\/p>\n<p><script async src=\"\/\/www.tiktok.com\/embed.js\"><\/script><\/p>\n","protected":false},"excerpt":{"rendered":"C\u2019est une d\u00e9cision forte\u00a0: l\u2019actrice Jennifer Lawrence, 35 ans, assume les imperfections de son corps au point qu\u2019elle&hellip;\n","protected":false},"author":2,"featured_media":516277,"comment_status":"","ping_status":"","sticky":false,"template":"","format":"standard","meta":{"footnotes":""},"categories":[1359],"tags":[2594,650,6725,58,59,5634,2081,1011,27,6719,22563,63707,973,22562,133],"class_list":{"0":"post-516276","1":"post","2":"type-post","3":"status-publish","4":"format-standard","5":"has-post-thumbnail","7":"category-people","8":"tag-actrice","9":"tag-cinema","10":"tag-corps","11":"tag-divertissement","12":"tag-entertainment","13":"tag-festival-de-cannes","14":"tag-film","15":"tag-fr","16":"tag-france","17":"tag-hunger-games","18":"tag-jennifer-lawrence","19":"tag-nudite","20":"tag-people","21":"tag-robert-pattinson","22":"tag-video"},"share_on_mastodon":{"url":"https:\/\/pubeurope.com\/@fr\/115503684987454460","error":""},"_links":{"self":[{"href":"https:\/\/www.europesays.com\/fr\/wp-json\/wp\/v2\/posts\/516276","targetHints":{"allow":["GET"]}}],"collection":[{"href":"https:\/\/www.europesays.com\/fr\/wp-json\/wp\/v2\/posts"}],"about":[{"href":"https:\/\/www.europesays.com\/fr\/wp-json\/wp\/v2\/types\/post"}],"author":[{"embeddable":true,"href":"https:\/\/www.europesays.com\/fr\/wp-json\/wp\/v2\/users\/2"}],"replies":[{"embeddable":true,"href":"https:\/\/www.europesays.com\/fr\/wp-json\/wp\/v2\/comments?post=516276"}],"version-history":[{"count":0,"href":"https:\/\/www.europesays.com\/fr\/wp-json\/wp\/v2\/posts\/516276\/revisions"}],"wp:featuredmedia":[{"embeddable":true,"href":"https:\/\/www.europesays.com\/fr\/wp-json\/wp\/v2\/media\/516277"}],"wp:attachment":[{"href":"https:\/\/www.europesays.com\/fr\/wp-json\/wp\/v2\/media?parent=516276"}],"wp:term":[{"taxonomy":"category","embeddable":true,"href":"https:\/\/www.europesays.com\/fr\/wp-json\/wp\/v2\/categories?post=516276"},{"taxonomy":"post_tag","embeddable":true,"href":"https:\/\/www.europesays.com\/fr\/wp-json\/wp\/v2\/tags?post=516276"}],"curies":[{"name":"wp","href":"https:\/\/api.w.org\/{rel}","templated":true}]}}