{"id":516282,"date":"2025-11-06T16:28:12","date_gmt":"2025-11-06T16:28:12","guid":{"rendered":"https:\/\/www.europesays.com\/fr\/516282\/"},"modified":"2025-11-06T16:28:12","modified_gmt":"2025-11-06T16:28:12","slug":"amir-son-producteur-craint-quil-se-passe-un-drame-a-lun-de-ses-concerts","status":"publish","type":"post","link":"https:\/\/www.europesays.com\/fr\/516282\/","title":{"rendered":"Amir : son producteur craint qu\u2019il se passe \u00ab\u00a0un drame\u00a0\u00bb \u00e0 l\u2019un de ses concerts"},"content":{"rendered":"<p>Alors qu\u2019il avait tenu <a href=\"https:\/\/www.public.fr\/amir-repond-aux-nombreux-artistes-qui-le-boycottent-en-direct-de-la-scene-des-francofolies-je-les-respecte\" target=\"_blank\" rel=\"noopener\">un discours apais\u00e9 et f\u00e9d\u00e9rateur aux Francofolies<\/a> de Spa en Belgique apr\u00e8s la pol\u00e9mique dont il faisait l\u2019objet, on pensait la situation revenue \u00e0 la normale pour Amir. Mais ce n\u2019\u00e9tait sans compter sur un nouveau communiqu\u00e9 de la part de La France Insoumise, appellent \u00e0 nouveau <a href=\"https:\/\/www.public.fr\/une-honte-un-deshonneur-amir-nouvelle-demande-de-deprogrammation-dun-concert-cette-fois-a-brest\" target=\"_blank\" rel=\"noopener\">au boycott de son concert<\/a> pr\u00e9vu ce jeudi soir \u00e0 Brest.<\/p>\n<p>En effet, <a href=\"https:\/\/vsd.fr\/tag\/amir\/\" target=\"_blank\" rel=\"noopener\">l\u2019ancien candidat de <strong>The Voice<\/strong><\/a> doit se produire \u00e0 la Brest Arena ce jeudi 6 novembre 2025 mais La France Insoumise ne l\u2019entend pas de cette oreille. Brest Insoumise, antenne locale de\u00a0LFI\u00a0emmen\u00e9e par C\u00e9cile Beaudouin, t\u00eate de liste aux prochaines municipales dans la commune, a en effet publi\u00e9 un communiqu\u00e9 pour d\u00e9noncer la pr\u00e9sence de l\u2019artiste comme l\u2019indique <a href=\"https:\/\/www.leparisien.fr\/culture-loisirs\/musique\/un-jour-il-va-y-avoir-un-drame-le-producteur-damir-denonce-lappel-au-boycott-de-lfi-avant-son-concert-a-brest-06-11-2025-TJGBKCZYSVHF3D7MKJ4XSGVT5M.php?ts=1762438126304\" target=\"_blank\" rel=\"noopener\">Le Parisien<\/a>.\u00a0<\/p>\n<p>La France Insoumise ne veut pas du chanteur \u00e0 Brest<\/p>\n<p>Dans ce texte Brest Insoumise d\u00e9nonce la venue du \u00ab\u00a0chanteur franco-isra\u00e9lien controvers\u00e9 Amir Haddad\u00a0\u00bb et qualifiant sa venue de \u00ab\u00a0honte\u00a0\u00bb et \u00ab\u00a0d\u00e9shonneur\u00a0\u00bb. Notamment parce que, selon l\u2019antenne locale de la France Insoumise, l\u2019artiste a \u00ab\u00a0particip\u00e9 \u00e0 la colonisation ill\u00e9gale en Palestine au sein de l\u2019arm\u00e9e isra\u00e9lienne et s\u2019en vante r\u00e9guli\u00e8rement et montre sa proximit\u00e9 avec l\u2019extr\u00eame droite coloniale isra\u00e9lienne\u00a0\u00bb.\u00a0<\/p>\n<p>Une situation similaire \u00e0 celle v\u00e9cue par Amir lors des Francofolies. Plusieurs artistes qui d\u00e9noncent les bombardements d\u2019Isra\u00ebl \u00e0 Gaza avaient en effet <strong>demand\u00e9 la d\u00e9programmation de son concert \u00e0 l\u2019\u00e9v\u00e9nement<\/strong>. Comme \u00e9voqu\u00e9, le chanteur a finalement pu se produire sur sc\u00e8ne et a propag\u00e9 un message de paix lors de son show.\u00a0<\/p>\n<p>Reste d\u00e9sormais \u00e0 savoir s\u2019il va \u00e9galement pouvoir se produire \u00e0 la Brest Arena comme convenu. Que cela soit le cas ou non, Antoine Gouyffes-Yann ne veut plus rester muet. Le producteur d\u2019Amir vient d\u2019accorder un entretien au Parisien pour faire part de sa col\u00e8re et mettre en garde les d\u00e9tracteurs du chanteur sur la situation \u00e0 venir.\u00a0<\/p>\n<p>Antoine Gouyffes-Yann, le producteur d&rsquo;Amir, \u00ab\u00a0d\u00e9gout\u00e9\u00a0\u00bb et en \u00ab\u00a0col\u00e8re\u00a0\u00bb apr\u00e8s ce communiqu\u00e9<\/p>\n<p>Lorsque nos confr\u00e8res lui demandent son ressenti apr\u00e8s avoir pris connaissance du communiqu\u00e9 de LFI, le producteur indique ressentir de \u00ab\u00a0la col\u00e8re, du d\u00e9go\u00fbt\u00a0\u00bb. \u00ab\u00a0<strong>J\u2019ai eu un vrai malaise en le lisant<\/strong>. Dans son communiqu\u00e9 de presse, LFI l\u2019appelle Amir Haddad, alors que l\u2019on sait tr\u00e8s bien que son nom de sc\u00e8ne c\u2019est Amir et que jamais son patronyme n\u2019est utilis\u00e9 dans sa carri\u00e8re en France. Pourquoi pr\u00e9ciser Haddad, si ce n\u2019est pour bien souligner la jud\u00e9it\u00e9 de l\u2019artiste, <strong>d\u2019insister sur son nom h\u00e9bra\u00efque<\/strong> ?\u00a0\u00bb, se demande-t-il.<\/p>\n<p>Avant de d\u00e9noncer : \u00ab\u00a0Ce n\u2019est pas possible qu\u2019un parti politique qui se dit de gauche ait autoris\u00e9 un tel texte. Derri\u00e8re tout \u00e7a, <strong>il y a un antisionisme exacerb\u00e9 et hyst\u00e9ris\u00e9 qui fr\u00f4le de plus en plus avec un antis\u00e9mitisme assum\u00e9<\/strong>\u00ab\u00a0.<\/p>\n<p>Si la situation attriste et rend furieux Antoine Gouyffes-Yann, c\u2019est parce qu\u2019Amir a d\u00e9j\u00e0 d\u00e9marr\u00e9 sa tourn\u00e9e, a fait huit dates, et celles-ci ont toutes \u00e9t\u00e9 un succ\u00e8s : \u00ab\u00a0<strong>Les salles sont pleines, le public est au rendez-vous, tout se passe hyperbien<\/strong> avec des gens conquis et un public heureux, loin de la haine des r\u00e9seaux sociaux. Les concerts sont un succ\u00e8s et celui de Brest jeudi soir le sera \u00e9galement\u00a0\u00bb.<\/p>\n<p>Il craint le pire pour les prochains concerts de son chanteur<\/p>\n<p>\u00ab\u00a0Ce que \u00e7a d\u00e9montre surtout, c\u2019est le d\u00e9calage entre l\u2019hyst\u00e9rie sur les r\u00e9seaux sociaux aliment\u00e9e par des groupes extr\u00e9mistes, dont LFI fait dor\u00e9navant partie, et la r\u00e9alit\u00e9 : <strong>\u00e7a se termine par quelques manifestants devant la salle<\/strong>, qui se font huer par le public en train d\u2019entrer\u00a0\u00bb, informe le producteur d\u2019Amir pour prouver que la situation n\u2019aurait rien \u00e0 avoir avec ce qui se dit sur les r\u00e9seaux sociaux.<\/p>\n<p>C\u2019est pourquoi, il se dit en col\u00e8re de voir que des \u00e9lus, \u00ab\u00a0cens\u00e9s respecter les lois de la R\u00e9publique, participent \u00e0 des fake news, appellent officiellement \u00e0 mettre en place du harc\u00e8lement num\u00e9rique, mettent une cible dans le dos d\u2019un artiste de confession juive, et cr\u00e9ent une ambiance d\u00e9l\u00e9t\u00e8re, irrespirable\u00a0\u00bb. En proc\u00e9dant de cette mani\u00e8re, Antoine Gouyffes-Yann <strong>craint qu\u2019un jour, un drame se produise<\/strong>. Et si tel est le cas, \u00ab\u00a0ces personnes en porteront l\u2019enti\u00e8re responsabilit\u00e9\u00a0\u00bb.<\/p>\n<p>\n          Hits &amp; People en continu\n        <\/p>\n<p>\n          Public Radio\n        <\/p>\n<p>      Mentionn\u00e9s dans cet article<\/p>\n<p>      Sur le m\u00eame sujet<\/p>\n","protected":false},"excerpt":{"rendered":"Alors qu\u2019il avait tenu un discours apais\u00e9 et f\u00e9d\u00e9rateur aux Francofolies de Spa en Belgique apr\u00e8s la pol\u00e9mique&hellip;\n","protected":false},"author":2,"featured_media":516283,"comment_status":"","ping_status":"","sticky":false,"template":"","format":"standard","meta":{"footnotes":""},"categories":[1355],"tags":[33287,7976,3450,1697,3259,58,59,1011,27,2338,1361,873],"class_list":{"0":"post-516282","1":"post","2":"type-post","3":"status-publish","4":"format-standard","5":"has-post-thumbnail","7":"category-musique","8":"tag-amir","9":"tag-boycott","10":"tag-brest","11":"tag-concert","12":"tag-conflit-israelo-palestinien","13":"tag-divertissement","14":"tag-entertainment","15":"tag-fr","16":"tag-france","17":"tag-la-france-insoumise","18":"tag-music","19":"tag-musique"},"share_on_mastodon":{"url":"https:\/\/pubeurope.com\/@fr\/115503700753205676","error":""},"_links":{"self":[{"href":"https:\/\/www.europesays.com\/fr\/wp-json\/wp\/v2\/posts\/516282","targetHints":{"allow":["GET"]}}],"collection":[{"href":"https:\/\/www.europesays.com\/fr\/wp-json\/wp\/v2\/posts"}],"about":[{"href":"https:\/\/www.europesays.com\/fr\/wp-json\/wp\/v2\/types\/post"}],"author":[{"embeddable":true,"href":"https:\/\/www.europesays.com\/fr\/wp-json\/wp\/v2\/users\/2"}],"replies":[{"embeddable":true,"href":"https:\/\/www.europesays.com\/fr\/wp-json\/wp\/v2\/comments?post=516282"}],"version-history":[{"count":0,"href":"https:\/\/www.europesays.com\/fr\/wp-json\/wp\/v2\/posts\/516282\/revisions"}],"wp:featuredmedia":[{"embeddable":true,"href":"https:\/\/www.europesays.com\/fr\/wp-json\/wp\/v2\/media\/516283"}],"wp:attachment":[{"href":"https:\/\/www.europesays.com\/fr\/wp-json\/wp\/v2\/media?parent=516282"}],"wp:term":[{"taxonomy":"category","embeddable":true,"href":"https:\/\/www.europesays.com\/fr\/wp-json\/wp\/v2\/categories?post=516282"},{"taxonomy":"post_tag","embeddable":true,"href":"https:\/\/www.europesays.com\/fr\/wp-json\/wp\/v2\/tags?post=516282"}],"curies":[{"name":"wp","href":"https:\/\/api.w.org\/{rel}","templated":true}]}}