{"id":516284,"date":"2025-11-06T16:29:30","date_gmt":"2025-11-06T16:29:30","guid":{"rendered":"https:\/\/www.europesays.com\/fr\/516284\/"},"modified":"2025-11-06T16:29:30","modified_gmt":"2025-11-06T16:29:30","slug":"apres-le-desastre-avec-nicole-kidman-ma-sorciere-bien-aimee-va-revenir-encore","status":"publish","type":"post","link":"https:\/\/www.europesays.com\/fr\/516284\/","title":{"rendered":"Apr\u00e8s le d\u00e9sastre avec Nicole Kidman, Ma sorci\u00e8re bien-aim\u00e9e va revenir, encore"},"content":{"rendered":"<p><strong><a href=\"https:\/\/www.ecranlarge.com\/series\/869547-ma-sorciere-bien-aimee\" data-type=\"series\" data-id=\"693271\" rel=\"nofollow noopener\" target=\"_blank\">Ma sorci\u00e8re bien-aim\u00e9e<\/a>, sitcom culte des ann\u00e9es 1960, d\u00e9j\u00e0 reprise en 2004 dans un film avec <a href=\"https:\/\/www.ecranlarge.com\/personnalite\/653996-nicole-kidman\" data-type=\"people\" data-id=\"5878\" rel=\"nofollow noopener\" target=\"_blank\">Nicole Kidman<\/a>, va \u00eatre \u00e0 nouveau adapt\u00e9e par la Fox.<\/strong><\/p>\n<p>On dit que, loin dans le multivers, il existe un lieu \u00e9trange, un monde parall\u00e8le o\u00f9 des films se monteraient sur des id\u00e9es originales, sans se reposer sur des IPs pr\u00e9existantes. Que ceux que la nouveaut\u00e9 effraie rassurent, ce lieu n\u2019est certainement pas notre Hollywood contemporain (\u00e0 quelques rares exceptions). <strong>La franchise ressuscit\u00e9e ce mois-ci, Ma sorci\u00e8re bien-aim\u00e9e<\/strong>, dira sans doute quelque chose aux moins jeunes d\u2019entre vous. Mais elle parlera aux plus verts gr\u00e2ce \u00e0 une \u0153uvre qu\u2019on aurait pourtant aim\u00e9 oublier, le remake avec Nicole Kidman.<\/p>\n<p>                    <img decoding=\"async\" alt=\"\" class=\"wp-image-518375\" style=\"object-fit:cover;width:25px;height:25px\" src=\"https:\/\/www.ecranlarge.com\/content\/uploads\/2023\/09\/arrow-right-circle.svg\"\/><\/p>\n<p>Eh oui, faire de mauvaises confitures dans les chaudrons de Ma sorci\u00e8re bien aim\u00e9e, Nora Ephron y avait d\u00e9j\u00e0 pens\u00e9 en 2004. La r\u00e9alisatrice de Quand Harry rencontre Sally avait ressuscit\u00e9 cette sitcom des ann\u00e9es 60 dans un long-m\u00e9trage m\u00e9ta ou Will Ferrell incarnait un com\u00e9dien cherchant, pour un remake de ladite s\u00e9rie, une partenaire de jeu. Il la trouvait en la personne d\u2019Isabel\u00a0(Kidman)\u2026 qui s\u2019av\u00e9rait \u00eatre une v\u00e9ritable sorci\u00e8re. D\u00e9ception au box-office (131 millions de dollars de recettes pour 85 de budget) et h\u00e9catombe critique (34\/100 sur Metacritic), <strong>on aurait pu croire que les studios seraient vaccin\u00e9s. C\u2019\u00e9tait sans compter sur la Fox. <\/strong><\/p>\n<p><img loading=\"lazy\" decoding=\"async\" width=\"810\" height=\"556\" alt=\"\" src=\"https:\/\/www.europesays.com\/fr\/wp-content\/uploads\/2025\/11\/image-3.png\"  \/><\/p>\n<p>Les journalistes de Deadline, quand ils approchent des bureaux de la Fox.YOU\u2019VE GOT UN HIBOU <\/p>\n<p>Rappel des bases : <strong>Bewitched, dans sa version originale, est une s\u00e9rie TV am\u00e9ricaine diffus\u00e9e entre 1964 et 1972 sur ABC.<\/strong> Elle mettait en sc\u00e8ne, dans un format sitcom, la vie d\u2019un couple \u00ab mixte \u00bb : Samantha, une sorci\u00e8re qui lance des sorts en remuant le bout de son nez, et Jean-Pierre, un simple mortel (qu\u2019on n\u2019appelait pas encore moldu). Probl\u00e8me, ce dernier refuse que sa femme utilise la magie et la m\u00e8re de Samantha, Endora, va r\u00e9guli\u00e8rement lui jeter de mauvais sorts pour le punir.<\/p>\n<p>Selon une information exclusive de Deadline, le r\u00e9seau de t\u00e9l\u00e9vision de la Fox a lanc\u00e9 le d\u00e9veloppement d\u2019une nouvelle s\u00e9rie <strong><a href=\"https:\/\/www.ecranlarge.com\/series\/ma-sorciere-bien-aimee\" data-type=\"series\" data-id=\"1350232\" rel=\"nofollow noopener\" target=\"_blank\">Ma sorci\u00e8re bien-aim\u00e9e<\/a><\/strong>, s\u2019\u00e9loignant du format original pour en faire <strong>des \u00e9pisodes d\u2019environ une heure adoptant un ton plus dramatique<\/strong>. Le projet sera chapeaut\u00e9 par <a href=\"https:\/\/www.ecranlarge.com\/personnalite\/judalina-neira\" data-type=\"people\" data-id=\"1350234\" rel=\"nofollow noopener\" target=\"_blank\">Judalina Neira<\/a>, d\u00e9j\u00e0 derri\u00e8re <strong>The Boys<\/strong>, et produit par Doug Robinson\u00a0et\u00a0Sony Pictures Television.<\/p>\n<p><a href=\"https:\/\/www.ecranlarge.com\/content\/uploads\/2025\/11\/image-6.png\" rel=\"nofollow noopener\" target=\"_blank\"><\/p>\n<p><img loading=\"lazy\" decoding=\"async\" alt=\"\" src=\"https:\/\/www.europesays.com\/fr\/wp-content\/uploads\/2025\/11\/image-6-1260x709.png\" width=\"1260\" height=\"709\"  \/><\/p>\n<p><\/a>Est-ce qu\u2019on peut encore remuer le bout du nez quand il est tout refait ?<\/p>\n<p>La s\u00e9rie, d\u00e9crite comme \u00ab pleine de c\u0153ur \u00bb, affiche le pitch suivant : <\/p>\n<blockquote class=\"wp-block-quote is-layout-flow wp-block-quote-is-layout-flow\">\n<p><strong>\u00ab Bien qu\u2019ils viennent de deux mondes radicalement diff\u00e9rents \u2014 il est humain, elle est sorci\u00e8re \u2014, pour Samantha et Darrin (Jean-Pierre en VF), c\u2019est le coup de foudre. Mais pour \u00eatre ensemble, ils devront composer avec la d\u00e9sapprobation de leurs parents, naviguer avec aisance entre les diff\u00e9rences culturelles et jeter des ponts entre leurs familles et leurs mondes. \u00bb<\/strong><\/p>\n<\/blockquote>\n<p>Notons que dans ce pitch, Darrin semble \u00eatre un mari moins petit chef qu\u2019auparavant, une mani\u00e8re sans doute de moderniser l\u2019argument, qui revenait quand m\u00eame \u00e0 montrer une femme se pliant aux exigences de son mari. S\u2019il est bien trop t\u00f4t pour qu\u2019une date de sortie soit d\u00e9voil\u00e9e, on attend, curieux, l\u2019annonce du casting de la s\u00e9rie.<\/p>\n","protected":false},"excerpt":{"rendered":"Ma sorci\u00e8re bien-aim\u00e9e, sitcom culte des ann\u00e9es 1960, d\u00e9j\u00e0 reprise en 2004 dans un film avec Nicole Kidman,&hellip;\n","protected":false},"author":2,"featured_media":516285,"comment_status":"","ping_status":"","sticky":false,"template":"","format":"standard","meta":{"footnotes":""},"categories":[1354],"tags":[58,59,1346,1011,27,1360],"class_list":{"0":"post-516284","1":"post","2":"type-post","3":"status-publish","4":"format-standard","5":"has-post-thumbnail","7":"category-films","8":"tag-divertissement","9":"tag-entertainment","10":"tag-films","11":"tag-fr","12":"tag-france","13":"tag-movies"},"share_on_mastodon":{"url":"https:\/\/pubeurope.com\/@fr\/115503705315621580","error":""},"_links":{"self":[{"href":"https:\/\/www.europesays.com\/fr\/wp-json\/wp\/v2\/posts\/516284","targetHints":{"allow":["GET"]}}],"collection":[{"href":"https:\/\/www.europesays.com\/fr\/wp-json\/wp\/v2\/posts"}],"about":[{"href":"https:\/\/www.europesays.com\/fr\/wp-json\/wp\/v2\/types\/post"}],"author":[{"embeddable":true,"href":"https:\/\/www.europesays.com\/fr\/wp-json\/wp\/v2\/users\/2"}],"replies":[{"embeddable":true,"href":"https:\/\/www.europesays.com\/fr\/wp-json\/wp\/v2\/comments?post=516284"}],"version-history":[{"count":0,"href":"https:\/\/www.europesays.com\/fr\/wp-json\/wp\/v2\/posts\/516284\/revisions"}],"wp:featuredmedia":[{"embeddable":true,"href":"https:\/\/www.europesays.com\/fr\/wp-json\/wp\/v2\/media\/516285"}],"wp:attachment":[{"href":"https:\/\/www.europesays.com\/fr\/wp-json\/wp\/v2\/media?parent=516284"}],"wp:term":[{"taxonomy":"category","embeddable":true,"href":"https:\/\/www.europesays.com\/fr\/wp-json\/wp\/v2\/categories?post=516284"},{"taxonomy":"post_tag","embeddable":true,"href":"https:\/\/www.europesays.com\/fr\/wp-json\/wp\/v2\/tags?post=516284"}],"curies":[{"name":"wp","href":"https:\/\/api.w.org\/{rel}","templated":true}]}}