{"id":516295,"date":"2025-11-06T16:35:14","date_gmt":"2025-11-06T16:35:14","guid":{"rendered":"https:\/\/www.europesays.com\/fr\/516295\/"},"modified":"2025-11-06T16:35:14","modified_gmt":"2025-11-06T16:35:14","slug":"les-yeux-rives-sur-son-telephone-un-ecolier-meurt-percute-par-un-train","status":"publish","type":"post","link":"https:\/\/www.europesays.com\/fr\/516295\/","title":{"rendered":"Les yeux riv\u00e9s sur son t\u00e9l\u00e9phone, un \u00e9colier meurt percut\u00e9 par un train"},"content":{"rendered":"<p>Un enfant de 11 ans, mortellement percut\u00e9 par un <a href=\"https:\/\/www.20minutes.fr\/dossier\/train\" class=\"c-link c-link--is-underlined\" target=\"_blank\" rel=\"noopener\">train<\/a> en janvier dans le sud de <a href=\"https:\/\/www.20minutes.fr\/dossier\/londres\" class=\"c-link c-link--is-underlined\" target=\"_blank\" rel=\"noopener\">Londres<\/a>, aurait \u00e9t\u00e9 distrait par une vid\u00e9o qu\u2019il \u00e9tait en train de regarder sur son <a href=\"https:\/\/www.20minutes.fr\/dossier\/portable\" class=\"c-link c-link--is-underlined\" target=\"_blank\" rel=\"noopener\">t\u00e9l\u00e9phone portable<\/a>. C\u2019est ce que r\u00e9v\u00e8le un <a href=\"https:\/\/www.gov.uk\/government\/news\/report-082025-pedestrian-struck-by-a-train-at-bourneview-footpath-crossing\" target=\"_blank\" class=\"c-link c-link--is-underlined\" rel=\"noopener\">rapport<\/a>\u00a0d\u00e9voil\u00e9 mardi par le Bureau d\u2019enqu\u00eate sur les accidents ferroviaires (RAIB), et relay\u00e9 par nos confr\u00e8res de la <a href=\"https:\/\/www.bbc.com\/news\/articles\/cy0y5xk9558o\" target=\"_blank\" class=\"c-link c-link--is-underlined\" rel=\"noopener\">BBC<\/a>.<\/p>\n<p>Ce drame est survenu le 23\u00a0janvier\u00a0sur la travers\u00e9e pi\u00e9tonne d\u2019un\u00a0passage \u00e0 niveau, alors que le gar\u00e7on se rendait \u00e0 l\u2019\u00e9cole \u00e0 pied.\u00a0Apr\u00e8s l\u2019avoir vu s\u2019engager sur la voie ferr\u00e9e, le conducteur du train a actionn\u00e9 le klaxon et le frein d\u2019urgence. Malheureusement, l\u2019enfant n\u2019a pas eu le temps de s\u2019\u00e9carter avant que le train, circulant \u00e0 environ 80\u00a0km\/h, n\u2019atteigne le passager \u00e0 niveau.<\/p>\n<p>\u00ab\u00a0Une vid\u00e9o \u00e9tait en cours de lecture\u00a0\u00bb<\/p>\n<p>Dans son rapport, le RAIB indique que l\u2019accident s\u2019est produit car l\u2019enfant n\u2019a pas pr\u00eat\u00e9 attention au danger du train qui arrivait. Selon les enqu\u00eateurs, il avait les yeux riv\u00e9s sur son t\u00e9l\u00e9phone portable, et la capuche de son manteau rabattue sur sa t\u00eate. \u00ab\u00a0L\u2019analyse de son t\u00e9l\u00e9phone sugg\u00e8re qu\u2019une vid\u00e9o \u00e9tait en cours de lecture au moment de l\u2019accident\u00a0\u00bb, soulignent nos confr\u00e8res.<\/p>\n<p>Le rapport note \u00e9galement que le passage pi\u00e9ton en question \u00e9tait \u00ab\u00a0passif\u00a0\u00bb, c\u2019est-\u00e0-dire qu\u2019il n\u2019\u00e9tait pas \u00e9quip\u00e9 de syst\u00e8me\u00a0d\u2019avertissement\u00a0actif pour les pi\u00e9tons lorsqu\u2019un train approche. \u00ab\u00a0Il aurait \u00e9t\u00e9 possible de mieux signaler aux pi\u00e9tons qu\u2019ils p\u00e9n\u00e9traient dans une zone potentiellement dangereuse. Il s\u2019agit d\u2019un facteur causal possible\u00a0\u00bb, est-il not\u00e9.<\/p>\n<\/p>\n<p>Cit\u00e9 par la BBC, Network Rail, le r\u00e9seau ferroviaire national britannique, affirme que des mesures \u00ab\u00a0importantes\u00a0\u00bb ont \u00e9t\u00e9 prises pour \u00ab\u00a0\u00e9viter qu\u2019une telle trag\u00e9die ne se reproduise\u00a0\u00bb. Des travaux sont pr\u00e9vus en d\u00e9cembre. \u00ab\u00a0Nous installerons des feux de signalisation miniatures afin d\u2019am\u00e9liorer la s\u00e9curit\u00e9 en fournissant un signal clair et un avertissement sonore pour indiquer aux usagers quand la travers\u00e9e est sans danger\u00a0\u00bb, d\u00e9taille la directrice de la ligne Sussex.<\/p>\n","protected":false},"excerpt":{"rendered":"Un enfant de 11 ans, mortellement percut\u00e9 par un train en janvier dans le sud de Londres, aurait&hellip;\n","protected":false},"author":2,"featured_media":516296,"comment_status":"","ping_status":"","sticky":false,"template":"","format":"standard","meta":{"footnotes":""},"categories":[5],"tags":[47,11,4708,847,118,1011,27,14,4534,74,12,46439,926,28],"class_list":{"0":"post-516295","1":"post","2":"type-post","3":"status-publish","4":"format-standard","5":"has-post-thumbnail","7":"category-international","8":"tag-actualite","9":"tag-actualites","10":"tag-angleterre","11":"tag-enfant","12":"tag-faits-divers","13":"tag-fr","14":"tag-france","15":"tag-international","16":"tag-londres","17":"tag-monde","18":"tag-news","19":"tag-portable","20":"tag-train","21":"tag-world"},"share_on_mastodon":{"url":"https:\/\/pubeurope.com\/@fr\/115503728192868389","error":""},"_links":{"self":[{"href":"https:\/\/www.europesays.com\/fr\/wp-json\/wp\/v2\/posts\/516295","targetHints":{"allow":["GET"]}}],"collection":[{"href":"https:\/\/www.europesays.com\/fr\/wp-json\/wp\/v2\/posts"}],"about":[{"href":"https:\/\/www.europesays.com\/fr\/wp-json\/wp\/v2\/types\/post"}],"author":[{"embeddable":true,"href":"https:\/\/www.europesays.com\/fr\/wp-json\/wp\/v2\/users\/2"}],"replies":[{"embeddable":true,"href":"https:\/\/www.europesays.com\/fr\/wp-json\/wp\/v2\/comments?post=516295"}],"version-history":[{"count":0,"href":"https:\/\/www.europesays.com\/fr\/wp-json\/wp\/v2\/posts\/516295\/revisions"}],"wp:featuredmedia":[{"embeddable":true,"href":"https:\/\/www.europesays.com\/fr\/wp-json\/wp\/v2\/media\/516296"}],"wp:attachment":[{"href":"https:\/\/www.europesays.com\/fr\/wp-json\/wp\/v2\/media?parent=516295"}],"wp:term":[{"taxonomy":"category","embeddable":true,"href":"https:\/\/www.europesays.com\/fr\/wp-json\/wp\/v2\/categories?post=516295"},{"taxonomy":"post_tag","embeddable":true,"href":"https:\/\/www.europesays.com\/fr\/wp-json\/wp\/v2\/tags?post=516295"}],"curies":[{"name":"wp","href":"https:\/\/api.w.org\/{rel}","templated":true}]}}