{"id":516316,"date":"2025-11-06T16:46:12","date_gmt":"2025-11-06T16:46:12","guid":{"rendered":"https:\/\/www.europesays.com\/fr\/516316\/"},"modified":"2025-11-06T16:46:12","modified_gmt":"2025-11-06T16:46:12","slug":"un-nouveau-spectacle-de-dieudonne-dans-lagglo-de-rouen-interdit-par-la-prefecture","status":"publish","type":"post","link":"https:\/\/www.europesays.com\/fr\/516316\/","title":{"rendered":"Un nouveau spectacle de Dieudonn\u00e9 dans l&rsquo;agglo de Rouen interdit par la pr\u00e9fecture"},"content":{"rendered":"<p>            Par<br \/>\n        <strong><br \/>\n            <a href=\"https:\/\/actu.fr\/auteur\/yann-rivallan\" title=\"Consulter tous les articles de Yann Rivallan\" rel=\"nofollow noopener\" target=\"_blank\">Yann Rivallan<\/a><br \/>\n        <\/strong><\/p>\n<p>        Publi\u00e9 le<\/p>\n<p>            6 nov. 2025 \u00e0 17h12        <\/p>\n<p>Il y a quelques mois, le maire de Rouen et pr\u00e9sident de la M\u00e9tropole, Nicolas Mayer-Rossignol <a href=\"https:\/\/actu.fr\/normandie\/rouen_76540\/nicolas-mayer-rossignol-reussira-t-il-a-interdire-le-spectacle-de-dieudonne-a-rouen-pas-si-sur_62389201.html\" rel=\"nofollow noopener\" target=\"_blank\">s\u2019y \u00e9tait essay\u00e9<\/a>. Mais malgr\u00e9 son arr\u00eat\u00e9, le spectacle de <strong>l\u2019humoriste multicondamn\u00e9 Dieudonn\u00e9<\/strong> avait pu se tenir\u2026 Sans que l\u2019on ne sache exactement o\u00f9. Cette fois, c\u2019est <strong>la pr\u00e9fecture de la Seine-Maritime<\/strong> qui interdit pr\u00e9ventivement son spectacle.<\/p>\n<p>Pour \u00ab\u2009pr\u00e9server l\u2019ordre public\u2009\u00bb<\/p>\n<p class=\" wall-content\">En effet, Dieudonn\u00e9 M\u2019Bala M\u2019Bala a annonc\u00e9 r\u00e9cemment un spectacle dans la r\u00e9gion de Rouen le <strong>vendredi 7\u00a0novembre 2025<\/strong>. Dans un communiqu\u00e9, le pr\u00e9fet de la Seine-Maritime explique qu\u2019il a \u00ab\u2009pris la d\u00e9cision d\u2019interdire cette repr\u00e9sentation\u2009\u00bb.<\/p>\n<p class=\" wall-content\">Une d\u00e9cision justifi\u00e9e par \u00ab\u2009les expressions et spectacles de l\u2019auteur\u2009\u00bb, accus\u00e9 par les services de l\u2019\u00c9tat de reprendre \u00ab\u2009des propos faisant <strong>l\u2019apologie du terrorisme<\/strong>, ou d\u00e9pr\u00e9ciant ou tournant en d\u00e9rision les attentats commis \u00e0 Paris le 13\u00a0novembre 2015\u2009\u00bb.<\/p>\n<blockquote class=\"ac-article-quote wall-content\">\n<p>Ces atteintes, sous couvert d&rsquo;humour et \u00e0 quelques jours des comm\u00e9morations des dix ans de ces attaques, portent lourdement pr\u00e9judice \u00e0 la m\u00e9moire des victimes et \u00e0 l&rsquo;\u00e9moi de la Nation.<\/p>\n<p>    <strong>Le cabinet du pr\u00e9fet<\/strong><br \/>\n        Dans un communiqu\u00e9 de presse    <\/p><\/blockquote>\n<p class=\" wall-content\">Et donc, \u00ab\u2009dans un souci de pr\u00e9server l\u2019ordre public et de pr\u00e9venir toute atteinte \u00e0 la dignit\u00e9 humaine\u2009\u00bb, le spectacle fait l\u2019objet d\u2019un arr\u00eat\u00e9 pr\u00e9fectoral. Une interdiction qui ne s\u2019\u00e9tend pas juste \u00e0 la ville de Rouen mais \u00e0 <strong>l\u2019ensemble du d\u00e9partement<\/strong>.<\/p>\n<p>Un spectacle qui a peu de chance d\u2019avoir lieu<\/p>\n<p class=\" wall-content\">Cette fois, le spectacle ne devrait pas \u00e9chapper \u00e0 l\u2019interdiction. Lors de la derni\u00e8re repr\u00e9sentation en mars\u00a02025, il \u00e9tait pr\u00e9cis\u00e9 que le spectacle aurait lieu \u00ab\u2009dans un rayon de <strong>20\u00a0km autour de Rouen\u2009\u00bb<\/strong>. Autrement dit, pas forc\u00e9ment \u00e0 Rouen. Ce qui permettait de contourner l\u2019arr\u00eat\u00e9 du maire rouennais si jamais le spectacle se tenait en dehors des fronti\u00e8res de la ville.<\/p>\n<p>Vid\u00e9os : en ce moment sur Actu<\/p>\n<p class=\" wall-content\">Cette fois, avec l\u2019arr\u00eat\u00e9 pr\u00e9fectoral, <strong>aucune commune de Seine-Maritime<\/strong> n\u2019est \u00e9pargn\u00e9e. Mais ce n\u2019est pas la premi\u00e8re fois qu\u2019un spectacle de l\u2019humoriste d\u00e9j\u00e0 condamn\u00e9 pour antis\u00e9mitisme et incitation \u00e0 la haine raciale est interdit par un pr\u00e9fet.<\/p>\n<p class=\" wall-content\">D\u2019autres se sont d\u00e9j\u00e0 tenus en toute ill\u00e9galit\u00e9. Certains ont aussi \u00e9t\u00e9 interrompus par les forces de l\u2019ordre. Reste \u00e0 voir si Dieudonn\u00e9 bravera une nouvelle fois l\u2019interdiction. En tout cas, ses fans sont <a href=\"https:\/\/actu.fr\/centre-val-de-loire\/tours_37261\/salle-vide-pour-dieudonne-suite-a-l-interdiction-d-un-spectacle-de-l-humoriste-pres-de-tours_63360334.html\" rel=\"nofollow noopener\" target=\"_blank\">tomb\u00e9s sur une salle vide<\/a> le 26\u00a0octobre dernier pr\u00e8s de Tours.<\/p>\n<p>Votre r\u00e9gion, votre actu !<\/p>\n<p>Recevez chaque jour les infos qui comptent pour vous.<\/p>\n<p>\t<a href=\"https:\/\/actu.fr\/newsletter\" class=\"ac-btn ac-btn--corner ac-btn--medium ac-btn--blue800\" rel=\"nofollow noopener\" target=\"_blank\">S&rsquo;incrire<\/a><br \/>\nSuivez l\u2019actualit\u00e9 de Rouen sur <a href=\"https:\/\/www.whatsapp.com\/channel\/0029VaKfnf99hXF2ddApFB1D\" rel=\"nofollow noopener\" target=\"_blank\">notre cha\u00eene WhatsApp<\/a> et sur <a href=\"https:\/\/www.tiktok.com\/@76actu.fr?lang=fr\" rel=\"nofollow noopener\" target=\"_blank\">notre compte TikTok<\/a><\/p>\n<p class=\" wall-content\">Personnalisez votre actualit\u00e9 en ajoutant vos villes et m\u00e9dias en favori avec <a href=\"https:\/\/moncompte.actu.fr\" title=\"D\u00e9couvez Mon Actu\" rel=\"nofollow noopener\" data-trk=\"{&quot;cta&quot;:{&quot;action&quot;:&quot;https:\\\/\\\/moncompte.actu.fr&quot;,&quot;category&quot;:&quot;mon compte&quot;,&quot;from&quot;:&quot;article footer&quot;,&quot;name&quot;:&quot;Mon actu&quot;,&quot;type&quot;:&quot;cta&quot;}}\" target=\"_blank\">Mon Actu<\/a>.<\/p>\n<p>                    <script async src=\"\/\/www.tiktok.com\/embed.js\"><\/script><\/p>\n","protected":false},"excerpt":{"rendered":"Par Yann Rivallan Publi\u00e9 le 6 nov. 2025 \u00e0 17h12 Il y a quelques mois, le maire de&hellip;\n","protected":false},"author":2,"featured_media":516317,"comment_status":"","ping_status":"","sticky":false,"template":"","format":"standard","meta":{"footnotes":""},"categories":[9587],"tags":[1111,11,1777,674,1011,27,12,5161,25,9590,104,853],"class_list":{"0":"post-516316","1":"post","2":"type-post","3":"status-publish","4":"format-standard","5":"has-post-thumbnail","7":"category-rouen","8":"tag-actu","9":"tag-actualites","10":"tag-eu","11":"tag-europe","12":"tag-fr","13":"tag-france","14":"tag-news","15":"tag-normandie","16":"tag-republique-francaise","17":"tag-rouen","18":"tag-societe","19":"tag-spectacles"},"share_on_mastodon":{"url":"https:\/\/pubeurope.com\/@fr\/115503771404249337","error":""},"_links":{"self":[{"href":"https:\/\/www.europesays.com\/fr\/wp-json\/wp\/v2\/posts\/516316","targetHints":{"allow":["GET"]}}],"collection":[{"href":"https:\/\/www.europesays.com\/fr\/wp-json\/wp\/v2\/posts"}],"about":[{"href":"https:\/\/www.europesays.com\/fr\/wp-json\/wp\/v2\/types\/post"}],"author":[{"embeddable":true,"href":"https:\/\/www.europesays.com\/fr\/wp-json\/wp\/v2\/users\/2"}],"replies":[{"embeddable":true,"href":"https:\/\/www.europesays.com\/fr\/wp-json\/wp\/v2\/comments?post=516316"}],"version-history":[{"count":0,"href":"https:\/\/www.europesays.com\/fr\/wp-json\/wp\/v2\/posts\/516316\/revisions"}],"wp:featuredmedia":[{"embeddable":true,"href":"https:\/\/www.europesays.com\/fr\/wp-json\/wp\/v2\/media\/516317"}],"wp:attachment":[{"href":"https:\/\/www.europesays.com\/fr\/wp-json\/wp\/v2\/media?parent=516316"}],"wp:term":[{"taxonomy":"category","embeddable":true,"href":"https:\/\/www.europesays.com\/fr\/wp-json\/wp\/v2\/categories?post=516316"},{"taxonomy":"post_tag","embeddable":true,"href":"https:\/\/www.europesays.com\/fr\/wp-json\/wp\/v2\/tags?post=516316"}],"curies":[{"name":"wp","href":"https:\/\/api.w.org\/{rel}","templated":true}]}}