{"id":516322,"date":"2025-11-06T16:49:14","date_gmt":"2025-11-06T16:49:14","guid":{"rendered":"https:\/\/www.europesays.com\/fr\/516322\/"},"modified":"2025-11-06T16:49:14","modified_gmt":"2025-11-06T16:49:14","slug":"eric-piolle-demande-la-suspension-de-son-arrivee","status":"publish","type":"post","link":"https:\/\/www.europesays.com\/fr\/516322\/","title":{"rendered":"\u00c9ric Piolle demande la suspension de son arriv\u00e9e"},"content":{"rendered":"<p>            Par<br \/>\n        <strong><br \/>\n            <a href=\"https:\/\/actu.fr\/auteur\/julien-sournies\" title=\"Consulter tous les articles de Julien Sournies\" rel=\"nofollow noopener\" target=\"_blank\">Julien Sournies<\/a><br \/>\n        <\/strong><\/p>\n<p>        Publi\u00e9 le<\/p>\n<p>            6 nov. 2025 \u00e0 17h39<br \/>\n        ; mis \u00e0 jour le 6 nov. 2025 \u00e0 17h40    <\/p>\n<p>Le maire \u00e9cologiste de <a href=\"https:\/\/actu.fr\/grenoble\/\" rel=\"nofollow noopener\" target=\"_blank\">Grenoble<\/a> Eric Piolle a demand\u00e9 au pr\u00e9sident du groupe SGM <a href=\"https:\/\/actu.fr\/auvergne-rhone-alpes\/lyon_69123\/lyon-face-au-scandale-des-poupees-sexuelles-shein-le-patron-lyonnais-frederic-merlin-persiste_63390194.html\" rel=\"nofollow noopener\" target=\"_blank\">Fr\u00e9d\u00e9ric Merlin<\/a> de<strong> \u00ab\u00a0suspendre\u00a0\u00bb l\u2019arriv\u00e9e<\/strong> de Shein dans la ville dans l\u2019attente de garanties sur le contr\u00f4le de la l\u00e9galit\u00e9 des produits, dans une lettre dont l\u2019AFP a obtenu copie ce jeudi.<\/p>\n<p>\u00ab\u00a0Je vous demande aujourd\u2019hui de suspendre son arriv\u00e9e dans notre ville\u00a0\u00bb<\/p>\n<p class=\" wall-content\">\u00ab\u00a0Je vous demande aujourd\u2019hui de suspendre son arriv\u00e9e dans notre ville tant que ses dirigeants n\u2019auront pas apport\u00e9 \u00e0 nos parlementaires toutes les garanties n\u00e9cessaires quant au contr\u00f4le et \u00e0 la v\u00e9rification de la l\u00e9galit\u00e9 des produits propos\u00e9s \u00e0 la vente par votre partenaire\u00a0\u00bb, \u00e9crit M. Piolle dans ce courrier dat\u00e9 de mercredi 5 novembre.<\/p>\n<p class=\" wall-content\"><strong>AFP<\/strong><\/p>\n<p class=\" wall-content\">Personnalisez votre actualit\u00e9 en ajoutant vos villes et m\u00e9dias en favori avec <a href=\"https:\/\/moncompte.actu.fr\" title=\"D\u00e9couvez Mon Actu\" rel=\"nofollow noopener\" data-trk=\"{&quot;cta&quot;:{&quot;action&quot;:&quot;https:\\\/\\\/moncompte.actu.fr&quot;,&quot;category&quot;:&quot;mon compte&quot;,&quot;from&quot;:&quot;article footer&quot;,&quot;name&quot;:&quot;Mon actu&quot;,&quot;type&quot;:&quot;cta&quot;}}\" target=\"_blank\">Mon Actu<\/a>.<\/p>\n","protected":false},"excerpt":{"rendered":"Par Julien Sournies Publi\u00e9 le 6 nov. 2025 \u00e0 17h39 ; mis \u00e0 jour le 6 nov. 2025&hellip;\n","protected":false},"author":2,"featured_media":397115,"comment_status":"","ping_status":"","sticky":false,"template":"","format":"standard","meta":{"footnotes":""},"categories":[9566],"tags":[1111,11,2430,9607,1777,674,1011,27,2731,12,3147,25,104],"class_list":{"0":"post-516322","1":"post","2":"type-post","3":"status-publish","4":"format-standard","5":"has-post-thumbnail","7":"category-grenoble","8":"tag-actu","9":"tag-actualites","10":"tag-auvergne-rhone-alpes","11":"tag-eric-piolle","12":"tag-eu","13":"tag-europe","14":"tag-fr","15":"tag-france","16":"tag-grenoble","17":"tag-news","18":"tag-nouveaux-commerces","19":"tag-republique-francaise","20":"tag-societe"},"share_on_mastodon":{"url":"https:\/\/pubeurope.com\/@fr\/115503783366037172","error":""},"_links":{"self":[{"href":"https:\/\/www.europesays.com\/fr\/wp-json\/wp\/v2\/posts\/516322","targetHints":{"allow":["GET"]}}],"collection":[{"href":"https:\/\/www.europesays.com\/fr\/wp-json\/wp\/v2\/posts"}],"about":[{"href":"https:\/\/www.europesays.com\/fr\/wp-json\/wp\/v2\/types\/post"}],"author":[{"embeddable":true,"href":"https:\/\/www.europesays.com\/fr\/wp-json\/wp\/v2\/users\/2"}],"replies":[{"embeddable":true,"href":"https:\/\/www.europesays.com\/fr\/wp-json\/wp\/v2\/comments?post=516322"}],"version-history":[{"count":0,"href":"https:\/\/www.europesays.com\/fr\/wp-json\/wp\/v2\/posts\/516322\/revisions"}],"wp:featuredmedia":[{"embeddable":true,"href":"https:\/\/www.europesays.com\/fr\/wp-json\/wp\/v2\/media\/397115"}],"wp:attachment":[{"href":"https:\/\/www.europesays.com\/fr\/wp-json\/wp\/v2\/media?parent=516322"}],"wp:term":[{"taxonomy":"category","embeddable":true,"href":"https:\/\/www.europesays.com\/fr\/wp-json\/wp\/v2\/categories?post=516322"},{"taxonomy":"post_tag","embeddable":true,"href":"https:\/\/www.europesays.com\/fr\/wp-json\/wp\/v2\/tags?post=516322"}],"curies":[{"name":"wp","href":"https:\/\/api.w.org\/{rel}","templated":true}]}}