{"id":516323,"date":"2025-11-06T16:50:15","date_gmt":"2025-11-06T16:50:15","guid":{"rendered":"https:\/\/www.europesays.com\/fr\/516323\/"},"modified":"2025-11-06T16:50:15","modified_gmt":"2025-11-06T16:50:15","slug":"un-score-a-deux-chiffres-cest-le-minimum-syndical-le-rassemblement-national-affiche-ses-ambitions-pour-les-municipales-a-rennes","status":"publish","type":"post","link":"https:\/\/www.europesays.com\/fr\/516323\/","title":{"rendered":"\u00ab\u00a0Un score \u00e0 deux chiffres, c\u2019est le minimum syndical\u00a0\u00bb\u00a0: le Rassemblement national affiche ses ambitions pour les municipales \u00e0 Rennes"},"content":{"rendered":"<p>\u00ab Apr\u00e8s avoir pr\u00e9sent\u00e9 nos candidats \u00e0 Saint-Malo et Foug\u00e8res, aujourd\u2019hui, c\u2019est le tr\u00e8s gros morceau \u00bb. Pr\u00e9sent ce jeudi 6 novembre 2025 \u00e0 Rennes, Gilles Pennelle, conseiller r\u00e9gional du Rassemblement national en Bretagne, eurod\u00e9put\u00e9 et <a href=\"https:\/\/www.letelegramme.fr\/elections\/legislatives\/direction-du-rn-les-vraies-raisons-de-la-demission-de-gilles-pennelle-6623032.php\" target=\"_blank\" rel=\"noopener\">ancien directeur g\u00e9n\u00e9ral du parti de Marine Le Pen<\/a>, a pr\u00e9sent\u00e9 officiellement Julien Masson, porte-parole du RN \u00e0 Rennes, comme t\u00eate de liste pour les municipales de 2026. \u00ab Un moment important \u00bb, a-t-il tenu \u00e0 souligner car selon lui, \u00ab le temps o\u00f9 le RN \u00e9tait en retrait \u00e0 Rennes est r\u00e9volu \u00bb.<\/p>\n<p>\u00ab Un profond changement s\u2019amorce \u00bb<\/p>\n<p>En 2020, lors des derni\u00e8res municipales, le parti d\u2019extr\u00eame droite, incarn\u00e9 alors par Emeric Salmon \u00e0 Rennes, n\u2019avait r\u00e9colt\u00e9 que 4,2 % des voix. De quoi faire perdurer la tradition selon laquelle la capitale bretonne est la grande ville qui vote le moins RN de France. \u00ab La Pr\u00e9histoire \u00bb, clame Gilles Pennelle. \u00ab Rennes \u00e9tait alors encore un symbole de la ville o\u00f9 il fait bon vivre, cette image n\u2019existe plus. Les derni\u00e8res l\u00e9gislatives \u00e0 Rennes montrent qu\u2019un profond changement s\u2019amorce \u00bb.<\/p>\n<p>\u00ab Depuis les derni\u00e8res municipales, on a tripl\u00e9 nos scores \u00bb, insiste Julien Masson. En 2024, la candidate RN, Jeanne Rey du Boissieu, avait r\u00e9colt\u00e9 12 % des suffrages. Alors pour Julien Masson et Gilles Pennelle, \u00ab un score \u00e0 deux chiffres \u00bb aux municipales, qui lui assurerait d\u2019\u00eatre pr\u00e9sent au second tour et d\u2019entrer au conseil municipal, \u00ab c\u2019est le minimum syndical \u00bb.<\/p>\n<p>Une \u00e9lection au cours de laquelle Julien Masson partira sans Thomas Rousseau, le candidat investi par Les R\u00e9publicains. \u00ab Nous avons eu des contacts, mais il a ferm\u00e9 toute possibilit\u00e9 d\u2019union. On pouvait faire quelque chose ensemble, mais tant pis pour lui \u00bb, pointe celui qui pourra compter sur le soutien de l\u2019UDR (Union des droites pour la R\u00e9publique), le parti d\u2019Eric Ciotti.<\/p>\n<p>Luca Togni, un ancien directeur d\u00e9partemental de la s\u00e9curit\u00e9 publique comme prise de choix<\/p>\n<p>Si sa liste n\u2019est pas compl\u00e8te, \u00ab elle est en bonne voie \u00bb, assure Julien Masson. Une liste au sein de laquelle il a tenu \u00e0 pr\u00e9senter une prise de choix, Luca Togni, ancien commissaire et directeur d\u00e9partemental de la s\u00e9curit\u00e9 publique en Ille-et-Vilaine de 2020 \u00e0 2023. Aujourd\u2019hui \u00e0 la retraite, l\u2019homme de 62 ans sera sa caution s\u00e9curit\u00e9, le \u00ab sujet num\u00e9ro un \u00bb de ces municipales selon Julien Masson. \u00ab La s\u00e9curit\u00e9 est un domaine que je comprends et ma\u00eetrise. Je connais tr\u00e8s bien les 34 points de deal de Rennes \u00bb, explique Luca Togni, \u00ab engag\u00e9 depuis de nombreuses ann\u00e9es au RN \u00bb.<\/p>\n<p><img decoding=\"async\" src=\"https:\/\/www.europesays.com\/fr\/wp-content\/uploads\/2025\/11\/690ccfced9dce1966901b5ab.1.jpeg\" width=\"480\" height=\"300\" class=\"web_golden_m\" loading=\"lazy\" alt=\"Luca Togni, ancien directeur d\u00e9partemental de la s\u00e9curit\u00e9 publique en Ille-et-Vilaine, sera pr\u00e9sent sur la liste RN aux municipales \u00e0 Rennes.\"\/>Luca Togni, ancien directeur d\u00e9partemental de la s\u00e9curit\u00e9 publique en Ille-et-Vilaine, sera pr\u00e9sent sur la liste RN aux municipales \u00e0 Rennes. (Photo Le T\u00e9l\u00e9gramme\/Romain Leroux)<\/p>\n<p>Le programme n\u2019est pas encore ficel\u00e9, mais il tournera autour de la s\u00e9curit\u00e9, donc, \u00ab de la lutte contre l\u2019immigration, un domaine pour lequel un maire peut faire beaucoup de choses \u00bb, mais aussi le logement et les mobilit\u00e9s, annonce estime Julien Masson, qui entend devenir \u00ab la surprise de cette \u00e9lection \u00bb.<\/p>\n","protected":false},"excerpt":{"rendered":"\u00ab Apr\u00e8s avoir pr\u00e9sent\u00e9 nos candidats \u00e0 Saint-Malo et Foug\u00e8res, aujourd\u2019hui, c\u2019est le tr\u00e8s gros morceau \u00bb. Pr\u00e9sent&hellip;\n","protected":false},"author":2,"featured_media":516324,"comment_status":"","ping_status":"","sticky":false,"template":"","format":"standard","meta":{"footnotes":""},"categories":[2821],"tags":[1111,11,829,2761,1777,674,1011,27,848,26053,12,3364,584,25],"class_list":{"0":"post-516323","1":"post","2":"type-post","3":"status-publish","4":"format-standard","5":"has-post-thumbnail","7":"category-rennes","8":"tag-actu","9":"tag-actualites","10":"tag-bretagne","11":"tag-elections-municipales-2026","12":"tag-eu","13":"tag-europe","14":"tag-fr","15":"tag-france","16":"tag-ille-et-vilaine","17":"tag-municipales-2026-a-rennes","18":"tag-news","19":"tag-politique-a-rennes","20":"tag-rennes","21":"tag-republique-francaise"},"share_on_mastodon":{"url":"https:\/\/pubeurope.com\/@fr\/115503787959493057","error":""},"_links":{"self":[{"href":"https:\/\/www.europesays.com\/fr\/wp-json\/wp\/v2\/posts\/516323","targetHints":{"allow":["GET"]}}],"collection":[{"href":"https:\/\/www.europesays.com\/fr\/wp-json\/wp\/v2\/posts"}],"about":[{"href":"https:\/\/www.europesays.com\/fr\/wp-json\/wp\/v2\/types\/post"}],"author":[{"embeddable":true,"href":"https:\/\/www.europesays.com\/fr\/wp-json\/wp\/v2\/users\/2"}],"replies":[{"embeddable":true,"href":"https:\/\/www.europesays.com\/fr\/wp-json\/wp\/v2\/comments?post=516323"}],"version-history":[{"count":0,"href":"https:\/\/www.europesays.com\/fr\/wp-json\/wp\/v2\/posts\/516323\/revisions"}],"wp:featuredmedia":[{"embeddable":true,"href":"https:\/\/www.europesays.com\/fr\/wp-json\/wp\/v2\/media\/516324"}],"wp:attachment":[{"href":"https:\/\/www.europesays.com\/fr\/wp-json\/wp\/v2\/media?parent=516323"}],"wp:term":[{"taxonomy":"category","embeddable":true,"href":"https:\/\/www.europesays.com\/fr\/wp-json\/wp\/v2\/categories?post=516323"},{"taxonomy":"post_tag","embeddable":true,"href":"https:\/\/www.europesays.com\/fr\/wp-json\/wp\/v2\/tags?post=516323"}],"curies":[{"name":"wp","href":"https:\/\/api.w.org\/{rel}","templated":true}]}}