{"id":516325,"date":"2025-11-06T16:51:16","date_gmt":"2025-11-06T16:51:16","guid":{"rendered":"https:\/\/www.europesays.com\/fr\/516325\/"},"modified":"2025-11-06T16:51:16","modified_gmt":"2025-11-06T16:51:16","slug":"on-sera-la-surprise-promet-le-rn-qui-soffre-lex-directeur-de-la-police","status":"publish","type":"post","link":"https:\/\/www.europesays.com\/fr\/516325\/","title":{"rendered":"\u00ab\u00a0On sera la surprise\u00a0\u00bb, promet le RN, qui s\u2019offre l\u2019ex-directeur de la police"},"content":{"rendered":"<p>Oubli\u00e9 le score fam\u00e9lique d\u2019Emeric Salmon qui n\u2019avait obtenu que 4,20\u00a0% des suffrages en\u00a02020. \u00ab\u00a0C\u2019est la Pr\u00e9histoire et de l\u2019eau a depuis coul\u00e9 sous les ponts\u00a0\u00bb, assure le d\u00e9put\u00e9 europ\u00e9en Gilles Pennelle. <a href=\"https:\/\/www.20minutes.fr\/politique\/4095423-20240610-europeennes-2024-terre-historiquement-moderee-bretagne-place-premiere-fois-rn-tete\" class=\"c-link c-link--is-underlined\" rel=\"nofollow noopener\" target=\"_blank\">Ragaillardi par ses r\u00e9sultats lors des derniers scrutins<\/a> en Bretagne, le Rassemblement national affiche clairement ses ambitions pour <a href=\"https:\/\/www.20minutes.fr\/municipales\/\" class=\"c-link c-link--is-underlined\" rel=\"nofollow noopener\" target=\"_blank\">les municipales\u00a02026<\/a> \u00e0 Rennes. \u00ab\u00a0C\u2019est s\u00fbr qu\u2019il vaut mieux \u00eatre candidat RN en Provence ou dans le Nord mais on sera la surprise de cette \u00e9lection\u00a0\u00bb, promet le chef de file breton du parti de Jordan Bardella.<\/p>\n<p>Dans une ville qui lui est traditionnellement hostile, le RN grappille progressivement des voix ces derni\u00e8res ann\u00e9es. Lors des derni\u00e8res l\u00e9gislatives en\u00a02024, ses quatre candidats rennais se sont d\u2019ailleurs qualifi\u00e9s pour le second tour. Pour les municipales, le RN n\u2019en attend pas moins pour faire ainsi son entr\u00e9e au conseil municipal. \u00ab\u00a0Le minimum syndical\u00a0\u00bb, selon Gilles Pennelle.<\/p>\n<p>L\u2019ex-directeur d\u00e9partemental de la police sur la liste<\/p>\n<p>C\u2019est Julien Masson, son collaborateur au conseil r\u00e9gional et porte-parole local du RN depuis plusieurs ann\u00e9es, qui conduira la liste, soutenue \u00e9galement par le parti UDR d\u2019Eric Ciotti. \u00ab\u00a0Rennes conna\u00eet depuis trop longtemps une d\u00e9rive vertigineuse et beaucoup d\u2019habitants n\u2019en peuvent plus\u00a0\u00bb, assure le candidat, \u00e2g\u00e9 de 40 ans. Sans surprise, Julien Masson axera principalement sa campagne sur le th\u00e8me de la s\u00e9curit\u00e9. Ou plut\u00f4t <a href=\"https:\/\/www.20minutes.fr\/dossier\/insecurite\" class=\"c-link c-link--is-underlined\" rel=\"nofollow noopener\" target=\"_blank\">de l\u2019ins\u00e9curit\u00e9<\/a>, devenue selon lui \u00ab\u00a0une triste image de marque de la ville\u00a0\u00bb. Pour l\u2019\u00e9pauler sur ces questions, qui promettent de rythmer la campagne, le candidat RN pourra d\u2019ailleurs compter sur un fin connaisseur de ces probl\u00e9matiques \u00e0 Rennes en la personne de Luca Togni.<\/p>\n<p>Ancien directeur d\u00e9partemental de la s\u00e9curit\u00e9 publique de\u00a02020 \u00e0\u00a02023, il a pendant trois ans \u00e9t\u00e9 <a href=\"https:\/\/www.20minutes.fr\/rennes\/3200575-20211218-rennes-malgre-efforts-trafic-perdure-lutte-fin-face-trafic-drogue\" class=\"c-link c-link--is-underlined\" rel=\"nofollow noopener\" target=\"_blank\">le patron de la police en Ille-et-Vilaine<\/a>. D\u00e9sormais retrait\u00e9, l\u2019ancien flic assure \u00ab\u00a0\u00eatre engag\u00e9 depuis de nombreuses ann\u00e9es au RN\u00a0et partager la vision de Marine Le\u00a0Pen et de Jordan Bardella.\u00a0\u00bb Et selon lui, \u00ab\u00a0toute la d\u00e9linquance crapuleuse qui ronge Rennes est la cons\u00e9quence du laxisme p\u00e9nal et de la submersion migratoire\u00a0\u00bb, indique celui qui conna\u00eet \u00ab\u00a0les 34 points de deal\u00a0\u00bb que compte la capitale bretonne. \u00ab\u00a0Je les ai tous pratiqu\u00e9s\u00a0\u00bb, confie-t-il.<\/p>\n<p>Le deuxi\u00e8me candidat \u00e0 se d\u00e9clarer officiellement<\/p>\n<p>Sans d\u00e9voiler tout son programme, Julien Masson promet aussi d\u2019\u00e9voquer pendant la campagne \u00ab\u00a0l\u2019urbanisation d\u00e9lirante\u00a0\u00bb de la ville et son attractivit\u00e9 \u00e9conomique mise \u00e0 mal selon lui par les \u00e9cologistes. \u00ab\u00a0L\u2019image de Rennes est profond\u00e9ment ab\u00eem\u00e9e et la ville a perdu toute son identit\u00e9, enfonce Gilles Pennelle. Elle en est pourtant la capitale mais elle n\u2019a plus rien de bretonne.\u00a0\u00bb<\/p>\n<p><a href=\"https:\/\/www.20minutes.fr\/politique\/rassemblement-national\/\" class=\"c-link c-btn c-btn--primary\" rel=\"nofollow noopener\" target=\"_blank\">Notre dossier sur le Rassemblement national<\/a><\/p>\n<p>Apr\u00e8s Thomas Rousseau (Les R\u00e9publicains), Julien Masson est le deuxi\u00e8me candidat \u00e0 se d\u00e9clarer officiellement pour les municipales \u00e0 Rennes. Aux commandes de la ville depuis\u00a02014, <a href=\"https:\/\/www.20minutes.fr\/politique\/matthieu-theurier\/4180043-20251018-municipales-2026-rennes-ecologistes-votent-union-nathalie-appere\" class=\"c-link c-link--is-underlined\" rel=\"nofollow noopener\" target=\"_blank\">la socialiste Nathalie App\u00e9r\u00e9<\/a> sera \u00e9galement de la partie m\u00eame si elle ne l\u2019a pas encore annonc\u00e9 officiellement. Chef de file de la droite et du centre au conseil municipal, <a href=\"https:\/\/www.20minutes.fr\/politique\/4175025-20250924-elections-municipales-2026-rennes-opposition-reve-grand-soir-toujours-trouve-candidat\" class=\"c-link c-link--is-underlined\" rel=\"nofollow noopener\" target=\"_blank\">Charles Compagnon est \u00e9galement fortement pressenti<\/a>. Les \u00e9lections municipales se tiendront les 15 et 22\u00a0mars 2026.<\/p>\n","protected":false},"excerpt":{"rendered":"Oubli\u00e9 le score fam\u00e9lique d\u2019Emeric Salmon qui n\u2019avait obtenu que 4,20\u00a0% des suffrages en\u00a02020. \u00ab\u00a0C\u2019est la Pr\u00e9histoire et&hellip;\n","protected":false},"author":2,"featured_media":516326,"comment_status":"","ping_status":"","sticky":false,"template":"","format":"standard","meta":{"footnotes":""},"categories":[2821],"tags":[1111,47,11,829,5949,2761,1777,674,1011,27,848,5415,12,316,2556,584,25],"class_list":{"0":"post-516325","1":"post","2":"type-post","3":"status-publish","4":"format-standard","5":"has-post-thumbnail","7":"category-rennes","8":"tag-actu","9":"tag-actualite","10":"tag-actualites","11":"tag-bretagne","12":"tag-elections","13":"tag-elections-municipales-2026","14":"tag-eu","15":"tag-europe","16":"tag-fr","17":"tag-france","18":"tag-ille-et-vilaine","19":"tag-mairie","20":"tag-news","21":"tag-politique","22":"tag-rassemblement-national-rn","23":"tag-rennes","24":"tag-republique-francaise"},"share_on_mastodon":{"url":"https:\/\/pubeurope.com\/@fr\/115503791086943678","error":""},"_links":{"self":[{"href":"https:\/\/www.europesays.com\/fr\/wp-json\/wp\/v2\/posts\/516325","targetHints":{"allow":["GET"]}}],"collection":[{"href":"https:\/\/www.europesays.com\/fr\/wp-json\/wp\/v2\/posts"}],"about":[{"href":"https:\/\/www.europesays.com\/fr\/wp-json\/wp\/v2\/types\/post"}],"author":[{"embeddable":true,"href":"https:\/\/www.europesays.com\/fr\/wp-json\/wp\/v2\/users\/2"}],"replies":[{"embeddable":true,"href":"https:\/\/www.europesays.com\/fr\/wp-json\/wp\/v2\/comments?post=516325"}],"version-history":[{"count":0,"href":"https:\/\/www.europesays.com\/fr\/wp-json\/wp\/v2\/posts\/516325\/revisions"}],"wp:featuredmedia":[{"embeddable":true,"href":"https:\/\/www.europesays.com\/fr\/wp-json\/wp\/v2\/media\/516326"}],"wp:attachment":[{"href":"https:\/\/www.europesays.com\/fr\/wp-json\/wp\/v2\/media?parent=516325"}],"wp:term":[{"taxonomy":"category","embeddable":true,"href":"https:\/\/www.europesays.com\/fr\/wp-json\/wp\/v2\/categories?post=516325"},{"taxonomy":"post_tag","embeddable":true,"href":"https:\/\/www.europesays.com\/fr\/wp-json\/wp\/v2\/tags?post=516325"}],"curies":[{"name":"wp","href":"https:\/\/api.w.org\/{rel}","templated":true}]}}