{"id":516327,"date":"2025-11-06T16:52:13","date_gmt":"2025-11-06T16:52:13","guid":{"rendered":"https:\/\/www.europesays.com\/fr\/516327\/"},"modified":"2025-11-06T16:52:13","modified_gmt":"2025-11-06T16:52:13","slug":"une-sans-abri-se-reveille-le-pantalon-baisse-trois-ans-ferme-pour-lauteur","status":"publish","type":"post","link":"https:\/\/www.europesays.com\/fr\/516327\/","title":{"rendered":"une sans-abri se r\u00e9veille le pantalon baiss\u00e9, trois ans ferme pour l\u2019auteur"},"content":{"rendered":"<p>Le 13\u00a0septembre 2024, une femme &#8211; sans domicile fixe &#8211; se rend au commissariat central de Strasbourg pour d\u00e9poser plainte pour agression sexuelle \u00e0 l\u2019encontre d\u2019un autre sans-abri. Les jours pr\u00e9c\u00e9dents, elle a d\u00e9j\u00e0 confi\u00e9 \u00e0 une assistante sociale, une infirmi\u00e8re et \u00e0 son compagnon \u00ab\u00a0le truc pas cool\u00a0\u00bb qui lui \u00e9tait arriv\u00e9.<\/p>\n<p>Venue sp\u00e9cialement du sud-ouest pour t\u00e9moigner au proc\u00e8s de celui qu\u2019elle accuse ce jeudi 6\u00a0novembre, elle relate s\u2019\u00eatre endormie assise, \u00e9puis\u00e9e, sur le trottoir de la rue d\u2019Austerlitz dans la soir\u00e9e du 7 au 8\u00a0septembre 2024, lorsque deux comparses d\u2019infortune l\u2019ont r\u00e9veill\u00e9e et lui ont dit de les suivre pour&#8230;<\/p>\n","protected":false},"excerpt":{"rendered":"Le 13\u00a0septembre 2024, une femme &#8211; sans domicile fixe &#8211; se rend au commissariat central de Strasbourg pour&hellip;\n","protected":false},"author":2,"featured_media":516328,"comment_status":"","ping_status":"","sticky":false,"template":"","format":"standard","meta":{"footnotes":""},"categories":[2820],"tags":[1111,11,271,272,2880,1777,674,274,107,1011,27,775,12,25,640,2879],"class_list":{"0":"post-516327","1":"post","2":"type-post","3":"status-publish","4":"format-standard","5":"has-post-thumbnail","7":"category-strasbourg","8":"tag-actu","9":"tag-actualites","10":"tag-crime","11":"tag-delit-et-contravention","12":"tag-edition-strasbourg","13":"tag-eu","14":"tag-europe","15":"tag-faits-divers-justice","16":"tag-fil-info","17":"tag-fr","18":"tag-france","19":"tag-grand-est","20":"tag-news","21":"tag-republique-francaise","22":"tag-strasbourg","23":"tag-strasbourg-ville"},"share_on_mastodon":{"url":"https:\/\/pubeurope.com\/@fr\/115503795095327870","error":""},"_links":{"self":[{"href":"https:\/\/www.europesays.com\/fr\/wp-json\/wp\/v2\/posts\/516327","targetHints":{"allow":["GET"]}}],"collection":[{"href":"https:\/\/www.europesays.com\/fr\/wp-json\/wp\/v2\/posts"}],"about":[{"href":"https:\/\/www.europesays.com\/fr\/wp-json\/wp\/v2\/types\/post"}],"author":[{"embeddable":true,"href":"https:\/\/www.europesays.com\/fr\/wp-json\/wp\/v2\/users\/2"}],"replies":[{"embeddable":true,"href":"https:\/\/www.europesays.com\/fr\/wp-json\/wp\/v2\/comments?post=516327"}],"version-history":[{"count":0,"href":"https:\/\/www.europesays.com\/fr\/wp-json\/wp\/v2\/posts\/516327\/revisions"}],"wp:featuredmedia":[{"embeddable":true,"href":"https:\/\/www.europesays.com\/fr\/wp-json\/wp\/v2\/media\/516328"}],"wp:attachment":[{"href":"https:\/\/www.europesays.com\/fr\/wp-json\/wp\/v2\/media?parent=516327"}],"wp:term":[{"taxonomy":"category","embeddable":true,"href":"https:\/\/www.europesays.com\/fr\/wp-json\/wp\/v2\/categories?post=516327"},{"taxonomy":"post_tag","embeddable":true,"href":"https:\/\/www.europesays.com\/fr\/wp-json\/wp\/v2\/tags?post=516327"}],"curies":[{"name":"wp","href":"https:\/\/api.w.org\/{rel}","templated":true}]}}