{"id":516329,"date":"2025-11-06T16:53:12","date_gmt":"2025-11-06T16:53:12","guid":{"rendered":"https:\/\/www.europesays.com\/fr\/516329\/"},"modified":"2025-11-06T16:53:12","modified_gmt":"2025-11-06T16:53:12","slug":"strasbourg-pres-de-200-artisans-dart-exposent-au-salon-resonances","status":"publish","type":"post","link":"https:\/\/www.europesays.com\/fr\/516329\/","title":{"rendered":"Strasbourg. Pr\u00e8s de 200 artisans d\u2019art exposent au salon R\u00e9sonances"},"content":{"rendered":"<p>Dans le foisonnant domaine des m\u00e9tiers d\u2019art, il fait office de phare. Le salon europ\u00e9en R\u00e9sonances est de retour du 7 au 11\u00a0novembre au Parc des expositions du Wacken, \u00e0 Strasbourg, <a href=\"https:\/\/www.dna.fr\/culture-loisirs\/2024\/11\/09\/salon-resonances-l-art-de-sublimer-la-matiere\" target=\"_blank\" rel=\"noopener\">\u00ab\u00a0fid\u00e8le \u00e0 sa vocation, qui est de mettre en lumi\u00e8re l\u2019excellence des m\u00e9tiers d\u2019art europ\u00e9ens et de r\u00e9v\u00e9ler la richesse de la cr\u00e9ation contemporaine\u00a0\u00bb<\/a> , rappelle Nathalie Rolland-Huckel, la pr\u00e9sidente de la F\u00e9d\u00e9ration r\u00e9gionale des m\u00e9tiers d\u2019art (Fr\u00e9maa).<\/p>\n<p>Repr\u00e9sentant neuf pays, 185 cr\u00e9ateurs, parmi lesquels 60 nouveaux venus, participent \u00e0 l\u2019\u00e9v\u00e9nement, fr\u00e9quent\u00e9 l\u2019an dernier par quelque 20\u00a0000 visiteurs.<\/p>\n<p><a href=\"https:\/\/www.dna.fr\/economie\/2025\/10\/17\/boutique-des-artisans-d-art-a-l-aubette-et-si-elle-s-installait-pour-de-bon\" target=\"_blank\" rel=\"noopener\">L\u2019occasion pour la Fr\u00e9maa \u2013 qui a aussi ouvert cette ann\u00e9e une boutique \u00e9ph\u00e9m\u00e8re \u00e0 l\u2019Aubette, en place jusqu\u2019au 3\u00a0janvier-<\/a> de mettre \u00e0 l\u2019honneur l\u2019excellence des m\u00e9tiers d\u2019art, dans des domaines aussi vari\u00e9s que le mobilier, la d\u00e9coration, la sculpture, la mode, les arts de la table, les arts graphiques, les luminaires\u2026 \u00ab\u00a0R\u00e9sonances n\u2019est pas seulement un salon\u00a0; c\u2019est un espace de rencontres et de dialogues. Entre artisans, entre g\u00e9n\u00e9rations, avec un public fid\u00e8le et passionn\u00e9 avec qui les artisans d\u2019art partagent gestes, techniques et inspirations\u00a0\u00bb, insiste Nathalie Rolland-Huckel.<\/p>\n<p>Outre la partie expo-vente et sa kyrielle d\u2019objets cr\u00e9atifs et raisonn\u00e9s qui donnent une furieuse envie d\u2019y laisser sa tirelire, le salon accueille en invit\u00e9 d\u2019honneur le c\u00e9ramiste Steven Edwards. Install\u00e9 au Royaume-Uni, ce magicien de la mati\u00e8re travaille le gr\u00e8s brut, qu\u2019il transforme en des formes sculpturales inspir\u00e9es de l\u2019architecture brutaliste.<\/p>\n<p>Au sein de l\u2019Espace collection, une exposition rassemblera une quarantaine de pi\u00e8ces originales, imagin\u00e9es sp\u00e9cialement pour le salon par 25 cr\u00e9ateurs, sur le th\u00e8me des \u00ab\u00a0Chandeliers, cand\u00e9labres et bougeoirs\u00a0\u00bb.<\/p>\n<p>R\u00e9sonances offre aussi pour la premi\u00e8re fois une carte blanche \u00e0 l\u2019association des Ma\u00eetres d\u2019art (des professionnels nomm\u00e9s par le minist\u00e8re de la Culture pour leur savoir-faire d\u2019exception). Au sein d\u2019un espace d\u00e9di\u00e9, deux ma\u00eetres d\u2019art et deux anciens \u00e9l\u00e8ves pr\u00e9senteront des pi\u00e8ces embl\u00e9matiques rappelant l\u2019importance de la transmission.<\/p>\n<p>Le temps de s\u2019initier \u00e0 la gravure, de broder une d\u00e9co de No\u00ebl ou de cr\u00e9er un \u00eatre d\u2019argile, des ateliers p\u00e9dagogiques (payants, sur inscription) sont \u00e9galement propos\u00e9s aux enfants et ados samedi, dimanche et mardi. D\u00e9monstrations comment\u00e9es en direct, conf\u00e9rences et projections autour des enjeux actuels des m\u00e9tiers d\u2019art compl\u00e8tent le programme de ce week-end prolong\u00e9 au service de l\u2019excellence et de la beaut\u00e9.<\/p>\n<p class=\"note\">Salon R\u00e9sonances, du 7 au 11\u00a0novembre, vendredi de 10\u00a0h \u00e0 21\u00a0h, de samedi \u00e0 lundi de 10\u00a0h \u00e0 19\u00a0h, mardi de 10\u00a0h \u00e0 18\u00a0h, Parc des expositions du Wacken, avenue Herrenschmidt \u00e0 Strasbourg. Tarif plein 10\u00a0\u20ac, r\u00e9duit 7\u00a0\u20ac, entr\u00e9e libre pour les \u00e9tudiants et -18 ans, pass illimit\u00e9 20\u00a0\u20ac. Plus d\u2019infos\u00a0: www.salon-resonances.com<\/p>\n","protected":false},"excerpt":{"rendered":"Dans le foisonnant domaine des m\u00e9tiers d\u2019art, il fait office de phare. Le salon europ\u00e9en R\u00e9sonances est de&hellip;\n","protected":false},"author":2,"featured_media":516330,"comment_status":"","ping_status":"","sticky":false,"template":"","format":"standard","meta":{"footnotes":""},"categories":[2820],"tags":[1111,11,2389,1477,4406,130,1687,33,2880,1777,674,2271,107,1011,27,775,12,2661,25,640,2879],"class_list":{"0":"post-516329","1":"post","2":"type-post","3":"status-publish","4":"format-standard","5":"has-post-thumbnail","7":"category-strasbourg","8":"tag-actu","9":"tag-actualites","10":"tag-alsace","11":"tag-artisanat","12":"tag-commerce-et-services","13":"tag-consommation","14":"tag-culture-loisirs","15":"tag-economie","16":"tag-edition-strasbourg","17":"tag-eu","18":"tag-europe","19":"tag-exposition-arts-plastiques","20":"tag-fil-info","21":"tag-fr","22":"tag-france","23":"tag-grand-est","24":"tag-news","25":"tag-patrimoine-culturel","26":"tag-republique-francaise","27":"tag-strasbourg","28":"tag-strasbourg-ville"},"share_on_mastodon":{"url":"https:\/\/pubeurope.com\/@fr\/115503799073036683","error":""},"_links":{"self":[{"href":"https:\/\/www.europesays.com\/fr\/wp-json\/wp\/v2\/posts\/516329","targetHints":{"allow":["GET"]}}],"collection":[{"href":"https:\/\/www.europesays.com\/fr\/wp-json\/wp\/v2\/posts"}],"about":[{"href":"https:\/\/www.europesays.com\/fr\/wp-json\/wp\/v2\/types\/post"}],"author":[{"embeddable":true,"href":"https:\/\/www.europesays.com\/fr\/wp-json\/wp\/v2\/users\/2"}],"replies":[{"embeddable":true,"href":"https:\/\/www.europesays.com\/fr\/wp-json\/wp\/v2\/comments?post=516329"}],"version-history":[{"count":0,"href":"https:\/\/www.europesays.com\/fr\/wp-json\/wp\/v2\/posts\/516329\/revisions"}],"wp:featuredmedia":[{"embeddable":true,"href":"https:\/\/www.europesays.com\/fr\/wp-json\/wp\/v2\/media\/516330"}],"wp:attachment":[{"href":"https:\/\/www.europesays.com\/fr\/wp-json\/wp\/v2\/media?parent=516329"}],"wp:term":[{"taxonomy":"category","embeddable":true,"href":"https:\/\/www.europesays.com\/fr\/wp-json\/wp\/v2\/categories?post=516329"},{"taxonomy":"post_tag","embeddable":true,"href":"https:\/\/www.europesays.com\/fr\/wp-json\/wp\/v2\/tags?post=516329"}],"curies":[{"name":"wp","href":"https:\/\/api.w.org\/{rel}","templated":true}]}}