{"id":516350,"date":"2025-11-06T17:04:10","date_gmt":"2025-11-06T17:04:10","guid":{"rendered":"https:\/\/www.europesays.com\/fr\/516350\/"},"modified":"2025-11-06T17:04:10","modified_gmt":"2025-11-06T17:04:10","slug":"a-marseille-les-retraites-vent-debout-contre-un-budget-dausterite","status":"publish","type":"post","link":"https:\/\/www.europesays.com\/fr\/516350\/","title":{"rendered":"\u00e0 Marseille, les retrait\u00e9s vent debout contre un budget d&rsquo;aust\u00e9rit\u00e9"},"content":{"rendered":"<p>La fine pluie d\u2019automne, en cette matin\u00e9e du jeudi 6\u00a0novembre, n\u2019a pas douch\u00e9 <a href=\"https:\/\/www.laprovence.com\/article\/region\/3015413807516614\/manifestation-des-retraites-a-marseille-reconquerir-la-securite-sociale-ou-reculer-de-80-ans\" target=\"_blank\" rel=\"noopener\">la col\u00e8re des retrait\u00e9s<\/a>. En r\u00e9unissant pr\u00e8s d\u2019un millier de personnes sur le Vieux-Port, selon les syndicats, la d\u00e9clinaison marseillaise de <a href=\"https:\/\/www.laprovence.com\/article\/societe\/1337564846158814\/un-rassemblement-de-retraites-devant-la-sous-prefecture-d-arles-pour-denoncer-des-budgets-d-austerite\" target=\"_blank\" rel=\"noopener\">cette mobilisation nationale<\/a> est m\u00eame remarquable.<\/p>\n<p>Et pour cause, pour l\u2019intersyndicale, <a href=\"https:\/\/www.laprovence.com\/article\/politique\/11621953802023\/budget-2026-un-grand-moment-de-clarification-ideologique-estime-sebastien-lecornu\" target=\"_blank\" rel=\"noopener\">la prochaine loi de finance et le futur budget de la S\u00e9curit\u00e9 sociale<\/a> pourraient conduire \u00e0 \u00ab\u00a0des attaques in\u00e9dites\u00a0\u00bb, visant \u00ab\u00a0particuli\u00e8rement les personnes retrait\u00e9es\u00a0\u00bb. Fin de l\u2019abattement fiscal de 10%, <a href=\"https:\/\/www.laprovence.com\/article\/france-monde\/1841941959923214\/le-gouvernement-reflechit-a-un-doublement-des-franchises-medicales-unitaires\" target=\"_blank\" rel=\"noopener\">doublement des franchises m\u00e9dicales<\/a>, gel des pensions et sous-indexation\u2026 les raisons de manifester sont nombreuses pour une g\u00e9n\u00e9ration qui a le sentiment d\u2019\u00eatre \u00ab\u00a0prise pour cible\u00a0\u00bb et \u00ab\u00a0les premi\u00e8res victimes des politiques d\u2019aust\u00e9rit\u00e9\u00a0\u00bb du gouvernement.<\/p>\n<p>\u00ab\u00a0Nous sommes en col\u00e8re face \u00e0 un gouvernement qui veut faire des provisions sur notre dos, dit Josette Biancheri, pour l\u2019union syndicale des retrait\u00e9s <a href=\"https:\/\/www.laprovence.com\/article\/region\/27827718335471\/bouches-du-rhone-petite-revolution-a-la-tete-de-l-union-departementale-cgt-marc-pietrosino-remplace-olivier-mateu\" target=\"_blank\" rel=\"noopener\">CGT<\/a>, qui appelait \u00e0 la manifestation avec la FSU, Solidaires, la CFTC et la CFE-CGC. Bon nombre de retrait\u00e9s doivent d\u00e9j\u00e0 se serrer la ceinture. Les gens ne peuvent plus accepter de nouveaux efforts, alors que les plus riches semblent \u00e9pargn\u00e9s. Au-del\u00e0 de la d\u00e9fense des retrait\u00e9s, c\u2019e&#8230;<\/p>\n","protected":false},"excerpt":{"rendered":"La fine pluie d\u2019automne, en cette matin\u00e9e du jeudi 6\u00a0novembre, n\u2019a pas douch\u00e9 la col\u00e8re des retrait\u00e9s. En&hellip;\n","protected":false},"author":2,"featured_media":516351,"comment_status":"","ping_status":"","sticky":false,"template":"","format":"standard","meta":{"footnotes":""},"categories":[2814],"tags":[17,1111,11,63710,1809,1440,1777,674,1011,27,151,884,12,3946,5241,882,25,104],"class_list":{"0":"post-516350","1":"post","2":"type-post","3":"status-publish","4":"format-standard","5":"has-post-thumbnail","7":"category-marseille","8":"tag-17","9":"tag-actu","10":"tag-actualites","11":"tag-appauvrir","12":"tag-cherche","13":"tag-encore","14":"tag-eu","15":"tag-europe","16":"tag-fr","17":"tag-france","18":"tag-les","19":"tag-marseille","20":"tag-news","21":"tag-nous","22":"tag-on","23":"tag-provence-alpes-cote-dazur","24":"tag-republique-francaise","25":"tag-societe"},"share_on_mastodon":{"url":"https:\/\/pubeurope.com\/@fr\/115503842560124685","error":""},"_links":{"self":[{"href":"https:\/\/www.europesays.com\/fr\/wp-json\/wp\/v2\/posts\/516350","targetHints":{"allow":["GET"]}}],"collection":[{"href":"https:\/\/www.europesays.com\/fr\/wp-json\/wp\/v2\/posts"}],"about":[{"href":"https:\/\/www.europesays.com\/fr\/wp-json\/wp\/v2\/types\/post"}],"author":[{"embeddable":true,"href":"https:\/\/www.europesays.com\/fr\/wp-json\/wp\/v2\/users\/2"}],"replies":[{"embeddable":true,"href":"https:\/\/www.europesays.com\/fr\/wp-json\/wp\/v2\/comments?post=516350"}],"version-history":[{"count":0,"href":"https:\/\/www.europesays.com\/fr\/wp-json\/wp\/v2\/posts\/516350\/revisions"}],"wp:featuredmedia":[{"embeddable":true,"href":"https:\/\/www.europesays.com\/fr\/wp-json\/wp\/v2\/media\/516351"}],"wp:attachment":[{"href":"https:\/\/www.europesays.com\/fr\/wp-json\/wp\/v2\/media?parent=516350"}],"wp:term":[{"taxonomy":"category","embeddable":true,"href":"https:\/\/www.europesays.com\/fr\/wp-json\/wp\/v2\/categories?post=516350"},{"taxonomy":"post_tag","embeddable":true,"href":"https:\/\/www.europesays.com\/fr\/wp-json\/wp\/v2\/tags?post=516350"}],"curies":[{"name":"wp","href":"https:\/\/api.w.org\/{rel}","templated":true}]}}