{"id":516388,"date":"2025-11-06T17:27:13","date_gmt":"2025-11-06T17:27:13","guid":{"rendered":"https:\/\/www.europesays.com\/fr\/516388\/"},"modified":"2025-11-06T17:27:13","modified_gmt":"2025-11-06T17:27:13","slug":"ntamack-souligne-limportance-de-ramos-dans-le-groupe-tricolore","status":"publish","type":"post","link":"https:\/\/www.europesays.com\/fr\/516388\/","title":{"rendered":"Ntamack souligne l\u2019importance de Ramos dans le groupe tricolore"},"content":{"rendered":"<p>Thomas Ramos a encore chang\u00e9 de dimension ces derniers mois. Longtemps, l\u2019arri\u00e8re du Stade Toulousain a brill\u00e9 en club tout en connaissant frustration sur frustration avec le XV de France. Contraint de quitter la Coupe du monde 2019 en plein c\u0153ur de la comp\u00e9tition en raison d\u2019une l\u00e9g\u00e8re blessure, il avait ensuite vu Fabien Galthi\u00e9 lui pr\u00e9f\u00e9rer successivement Anthony Bouthier, Brice Dulin et Melvyn Jaminet.<\/p>\n<p>\u00ab\u00a0Sa parole est tr\u00e8s \u00e9cout\u00e9e, quoiqu\u2019il dise\u00a0\u00bb<\/p>\n<p>A force de travail et de constance, Thomas Ramos a su inverser la tendance pour \u00eatre d\u00e9sormais l\u2019un des premiers noms couch\u00e9s sur la feuille de match. Alors qu\u2019il vient <a href=\"https:\/\/www.quinzemondial.com\/top-14\/stade-toulousain-ramos-remercie-dupont-de-le-laisser-prendre-une-recompense-820196\" target=\"_blank\" rel=\"noopener\">d\u2019\u00eatre \u00e9lu Oscar d\u2019Or<\/a> par le Midi Olympique, le Mazam\u00e9tain force le respect et inspire ses co\u00e9quipiers, \u00e0 l\u2019image de Romain Ntamack, qui a fait son \u00e9loge en conf\u00e9rence de presse.<\/p>\n<blockquote>\n<p>\u00ab\u00a0C\u2019est vrai que depuis pas mal d\u2019ann\u00e9es maintenant, il a pris une place assez importante dans ce groupe France. Il a un caract\u00e8re fort.\u00a0Il embarque tout le monde derri\u00e8re lui. Sa parole est tr\u00e8s \u00e9cout\u00e9e, quoi qu\u2019il dise. \u00c7a se confirme d\u2019ann\u00e9e en ann\u00e9e o\u00f9 il monte encore en puissance au fur et \u00e0 mesure des ann\u00e9es en prenant de l\u2019\u00e2ge et de l\u2019exp\u00e9rience\u00a0\u00bb.<\/p>\n<\/blockquote>\n<p>L\u2019ouvreur appr\u00e9cie \u00e9galement que son co\u00e9quipier empile les distinctions individuelles.<\/p>\n<blockquote>\n<p>\u00ab\u00a0Je trouve aussi que c&rsquo;est bien qu&rsquo;il ait \u00e9t\u00e9 r\u00e9compens\u00e9 d&rsquo;un titre individuel parce qu&rsquo;il le m\u00e9ritait depuis longtemps. \u00c7a montre encore une fois l&rsquo;importance qu&rsquo;il a au sein de ce groupe. Il sera encore tr\u00e8s important sur le temps qu&rsquo;il lui reste jusqu&rsquo;\u00e0 la fin de sa carri\u00e8re.\u00a0\u00bb`<\/p>\n<\/blockquote>\n<p>Partagez cette info avec vos amis et vos proches en cliquant ici<br \/>Pour r\u00e9sumer<\/p>\n<p>Romain Ntamack a mis en avant les qualit\u00e9s de leadership de Thomas Ramos avant de d\u00e9fier l\u2019Afrique du Sud. L\u2019ouvreur savoure \u00e9galement que son co\u00e9quipier en club soit enfin reconnu \u00e0 sa juste valeur ces derniers mois.<\/p>\n<p> <img decoding=\"async\" width=\"76\" height=\"76\" loading=\"lazy\" src=\"https:\/\/www.europesays.com\/fr\/wp-content\/uploads\/2025\/04\/avatar-quinze.png\" alt=\"Arnaud D\u00e9chelotte\"\/><\/p>\n","protected":false},"excerpt":{"rendered":"Thomas Ramos a encore chang\u00e9 de dimension ces derniers mois. Longtemps, l\u2019arri\u00e8re du Stade Toulousain a brill\u00e9 en&hellip;\n","protected":false},"author":2,"featured_media":516389,"comment_status":"","ping_status":"","sticky":false,"template":"","format":"standard","meta":{"footnotes":""},"categories":[1416],"tags":[1011,27,479,1468,60,476,513],"class_list":{"0":"post-516388","1":"post","2":"type-post","3":"status-publish","4":"format-standard","5":"has-post-thumbnail","7":"category-rugby","8":"tag-fr","9":"tag-france","10":"tag-rugby","11":"tag-rugby-football","12":"tag-sports","13":"tag-stade-toulousain","14":"tag-xv-de-france"},"share_on_mastodon":{"url":"https:\/\/pubeurope.com\/@fr\/115503933138811735","error":""},"_links":{"self":[{"href":"https:\/\/www.europesays.com\/fr\/wp-json\/wp\/v2\/posts\/516388","targetHints":{"allow":["GET"]}}],"collection":[{"href":"https:\/\/www.europesays.com\/fr\/wp-json\/wp\/v2\/posts"}],"about":[{"href":"https:\/\/www.europesays.com\/fr\/wp-json\/wp\/v2\/types\/post"}],"author":[{"embeddable":true,"href":"https:\/\/www.europesays.com\/fr\/wp-json\/wp\/v2\/users\/2"}],"replies":[{"embeddable":true,"href":"https:\/\/www.europesays.com\/fr\/wp-json\/wp\/v2\/comments?post=516388"}],"version-history":[{"count":0,"href":"https:\/\/www.europesays.com\/fr\/wp-json\/wp\/v2\/posts\/516388\/revisions"}],"wp:featuredmedia":[{"embeddable":true,"href":"https:\/\/www.europesays.com\/fr\/wp-json\/wp\/v2\/media\/516389"}],"wp:attachment":[{"href":"https:\/\/www.europesays.com\/fr\/wp-json\/wp\/v2\/media?parent=516388"}],"wp:term":[{"taxonomy":"category","embeddable":true,"href":"https:\/\/www.europesays.com\/fr\/wp-json\/wp\/v2\/categories?post=516388"},{"taxonomy":"post_tag","embeddable":true,"href":"https:\/\/www.europesays.com\/fr\/wp-json\/wp\/v2\/tags?post=516388"}],"curies":[{"name":"wp","href":"https:\/\/api.w.org\/{rel}","templated":true}]}}