{"id":516390,"date":"2025-11-06T17:28:15","date_gmt":"2025-11-06T17:28:15","guid":{"rendered":"https:\/\/www.europesays.com\/fr\/516390\/"},"modified":"2025-11-06T17:28:15","modified_gmt":"2025-11-06T17:28:15","slug":"alexandre-muller-battu-par-lorenzo-musetti-en-quarts-de-finale-de-latp-250-dathenes-lequipe","status":"publish","type":"post","link":"https:\/\/www.europesays.com\/fr\/516390\/","title":{"rendered":"Alexandre M\u00fcller battu par Lorenzo Musetti en quarts de finale de l&#039;ATP 250 d&#039;Ath\u00e8nes &#8211; L&#039;\u00c9quipe"},"content":{"rendered":"<ol>\n<li><a href=\"https:\/\/news.google.com\/rss\/articles\/CBMizwFBVV95cUxQU3F5OWxZRXFZc080dTNvX3dPX2lRT3RRVGRkc0pvWUFRZjhXOG5UNU5DWTR1VGhyendSNmFOS0Z2bHIzdnVxT1hZTzBlZ0hCZTBMVlo4aUh5UWJLM0E1SzItMFIycXBLZUx1aU9TQnJtREFWRlI0NktCVkN4eE0zMFlvc3ZNc2puVkR4MGtiUVN5cjAzN3h3OVVNem1CWGxNYUdCWEp0eFRJWkVHNGp1VDFCRzJtYWRsWERBd2dXTFFqSkg3ODhpbEllSVJnRkE?oc=5\" target=\"_blank\" rel=\"nofollow noopener\">Alexandre M\u00fcller battu par Lorenzo Musetti en quarts de finale de l&rsquo;ATP 250 d&rsquo;Ath\u00e8nes<\/a>&nbsp;&nbsp;L&rsquo;\u00c9quipe<\/li>\n<li><a href=\"https:\/\/news.google.com\/rss\/articles\/CBMi8wFBVV95cUxPVklmNFRtdmJvbDJsbEZXSWY0RTg5Mk94LUs2WjFGS3Qwa2NYeXhoaE1uaWhJTmQ5RlpIQ3o2c0dkU1c4U2VuTG5obmU5UjZkLWNVbnIyLWV5WmxlaXduV1dwX2RzVlZHWlNJRnhsbHA5TVI3Q3VvZkE2cHphNUwyNENVUHZUQS1DTmFjNGI3Wk5fMEpfckF6QjNoSGtnTXRkVHNScDBScWFYLTM3MEs1cUtoMi1Ea0FnQnVQLWt0ZDhpZmR4cGxITzYwM3Z0TjlUd0swV2paS3ZjXzQyTS15STNTQkV4eUVoZFg2LWlxMUhkS0U?oc=5\" target=\"_blank\" rel=\"nofollow noopener\">Musetti balaie M\u00fcller et se rapproche du Masters<\/a>&nbsp;&nbsp;Eurosport<\/li>\n<li><a href=\"https:\/\/news.google.com\/rss\/articles\/CBMizAFBVV95cUxNdHZKN1ZDVW13X2hwdmF5X1pnbmw2ZEhTQ3p3eVVmdTdBYkVHYkVzY2ktckVUWWY2OWdYQ1NxZWJTMTNTV2hXLWxCMDBQb21McXdwTkcyY3BxZk1wT011WkNtWUZIc091Ujc0OVhfcmstVjdWcVNOaHFHejZNQW81cTBmMXdXRDVaMTFvWi1IV01MWEFIR21YN29YYlVXUGh2MlRfUWVISW40OHRGRGpRLXowWlBubl9GTHNuNERPU3ZoblM4V0RYZjJqNWo?oc=5\" target=\"_blank\" rel=\"nofollow noopener\">Lorenzo Musetti domine Stan Wawrinka \u00e0 Ath\u00e8nes et peut encore r\u00eaver des Finales ATP<\/a>&nbsp;&nbsp;L&rsquo;\u00c9quipe<\/li>\n<li><a href=\"https:\/\/news.google.com\/rss\/articles\/CBMirwFBVV95cUxQU3pOSFFoNVNNQ05yOUg1RTloQ0lzNERxMmo1Nm9mUVE4WnQxODh2T21ZMnA2T0czdm1WTG4tOHpaOFlQZkhEWDhlQ0JTaDNXa01jS2Y5VUo0Z25vUkJzY2lCWnBMS1Q2aWhYb25BeUtpeklKMklOdzkwLVNtR3RFN1ZTcDkxRWp6NjFYVkJaVjFzemRnS3lOSzd2M21HeFhsa000cEZHTkZoNVc5N1dz?oc=5\" target=\"_blank\" rel=\"nofollow noopener\">Tennis : Musetti bat M\u00fcller \u00e0 Ath\u00e8nes et se rapproche du Masters<\/a>&nbsp;&nbsp;Le Figaro<\/li>\n<li><a href=\"https:\/\/news.google.com\/rss\/articles\/CBMivwFBVV95cUxNS3Fja29jLUs3dWpXei04VXlDS0dXdlY5MmFDYXA5RTVlSElPa091Vm14Y1BuTnQ2bF9xcWNNSU5hTlFXWFdnYk42dUZzQ1duMDBvUXFqanQtOWczU0Q0OTJkdVZnWUdmdWd6NEtoM3BxSHRfOS1OY19MZzRWbnNiejlJRjFYcnFFWkp6MEpOTmp0RC1hbkJMdm5fM3lBVXp2OExmNlVYOGRCZmRNaUlWcFBEY0RkSmZDSUR6LTVSUdIBvgFBVV95cUxOZDM4eU1XTzRiV3FfXzU5bzRPeV9Xdl9UTWZsbUIxRDlqTFhuSmxBWGRJTGlXbTV5MlNyUlk2NG5rajVjVEVGYnh4UFNDYlBVX3NmZmVZU0tTVldNemJ6ZmlmcjhOdzNsVm5yVXZLcF9Pb1FOWmdGLThqSzk2bWpjcEZiTDhkbHBxMjZ3Qnk1VDFjSlhZeEZoaVNLeDdPNUpnNDhnWllGcFplM2dLdHNMRWVzVlJmeU0wMVYydjRR?oc=5\" target=\"_blank\" rel=\"nofollow noopener\">ATP &#8211; Ath\u00e8nes : M\u00fcller impuissant face \u00e0 un Musetti en mission : Sports &#8211; Orange<\/a>&nbsp;&nbsp;Sports &#8211; Orange<\/li>\n<\/ol>\n","protected":false},"excerpt":{"rendered":"Alexandre M\u00fcller battu par Lorenzo Musetti en quarts de finale de l&rsquo;ATP 250 d&rsquo;Ath\u00e8nes&nbsp;&nbsp;L&rsquo;\u00c9quipe Musetti balaie M\u00fcller et&hellip;\n","protected":false},"author":2,"featured_media":516391,"comment_status":"","ping_status":"","sticky":false,"template":"","format":"standard","meta":{"footnotes":""},"categories":[1415],"tags":[1011,27,60,1467],"class_list":{"0":"post-516390","1":"post","2":"type-post","3":"status-publish","4":"format-standard","5":"has-post-thumbnail","7":"category-tennis","8":"tag-fr","9":"tag-france","10":"tag-sports","11":"tag-tennis"},"share_on_mastodon":{"url":"https:\/\/pubeurope.com\/@fr\/115503936515326470","error":""},"_links":{"self":[{"href":"https:\/\/www.europesays.com\/fr\/wp-json\/wp\/v2\/posts\/516390","targetHints":{"allow":["GET"]}}],"collection":[{"href":"https:\/\/www.europesays.com\/fr\/wp-json\/wp\/v2\/posts"}],"about":[{"href":"https:\/\/www.europesays.com\/fr\/wp-json\/wp\/v2\/types\/post"}],"author":[{"embeddable":true,"href":"https:\/\/www.europesays.com\/fr\/wp-json\/wp\/v2\/users\/2"}],"replies":[{"embeddable":true,"href":"https:\/\/www.europesays.com\/fr\/wp-json\/wp\/v2\/comments?post=516390"}],"version-history":[{"count":0,"href":"https:\/\/www.europesays.com\/fr\/wp-json\/wp\/v2\/posts\/516390\/revisions"}],"wp:featuredmedia":[{"embeddable":true,"href":"https:\/\/www.europesays.com\/fr\/wp-json\/wp\/v2\/media\/516391"}],"wp:attachment":[{"href":"https:\/\/www.europesays.com\/fr\/wp-json\/wp\/v2\/media?parent=516390"}],"wp:term":[{"taxonomy":"category","embeddable":true,"href":"https:\/\/www.europesays.com\/fr\/wp-json\/wp\/v2\/categories?post=516390"},{"taxonomy":"post_tag","embeddable":true,"href":"https:\/\/www.europesays.com\/fr\/wp-json\/wp\/v2\/tags?post=516390"}],"curies":[{"name":"wp","href":"https:\/\/api.w.org\/{rel}","templated":true}]}}