{"id":516415,"date":"2025-11-06T17:45:21","date_gmt":"2025-11-06T17:45:21","guid":{"rendered":"https:\/\/www.europesays.com\/fr\/516415\/"},"modified":"2025-11-06T17:45:21","modified_gmt":"2025-11-06T17:45:21","slug":"des-images-satellites-revelent-la-presence-de-fosses-communes-a-el-fasher","status":"publish","type":"post","link":"https:\/\/www.europesays.com\/fr\/516415\/","title":{"rendered":"des images satellites r\u00e9v\u00e8lent la pr\u00e9sence de fosses communes \u00e0 El-Fasher"},"content":{"rendered":"<p>\n    Depuis la prise de la ville le 26 octobre, l\u2019ONU et de multiples t\u00e9moignages signalent massacres, viols et d\u00e9placements massifs de population.<\/p>\n<p class=\"fig-paragraph\">Des images satellites analys\u00e9es par le laboratoire de l&rsquo;universit\u00e9 am\u00e9ricaine de Yale montrent des \u00abactivit\u00e9s d&rsquo;\u00e9limination des corps\u00bb dans la ville soudanaise d&rsquo;<a href=\"https:\/\/video.lefigaro.fr\/figaro\/international\/soudan-loms-fait-etat-de-plus-de-460-personnes-tuees-dans-une-maternite-a-el-facher-20251029\" data-fig-type=\"Video\" data-gtm-custom-categorie=\"navigation\" data-gtm-custom-action=\"crossclick\" data-gtm-custom-label=\"Contextuel\" data-gtm-event=\"customEventSPE\" data-fig-domain=\"LEFIGARO\" target=\"_blank\" rel=\"noopener\">El-Fasher, prise par les paramilitaires<\/a>, avec notamment des traces \u00abcorrespondant \u00e0 des fosses communes\u00bb dans une mosqu\u00e9e et un ancien h\u00f4pital pour enfants, selon un rapport publi\u00e9 jeudi.<\/p>\n<p class=\"fig-paragraph\">Depuis la prise le 26 octobre de cette ville du Darfour, dans l&rsquo;ouest du Soudan, l&rsquo;ONU a fait \u00e9tat de\u00a0<a href=\"http:\/\/www.lefigaro.fr\/international\/soudan-au-darfour-des-massacres-qui-se-repetent-depuis-plus-de-vingt-ans-20251104\" data-fig-type=\"Article\" data-gtm-custom-categorie=\"navigation\" data-gtm-custom-action=\"crossclick\" data-gtm-custom-label=\"Contextuel\" data-gtm-event=\"customEventSPE\" data-fig-domain=\"LEFIGARO\" target=\"_blank\" rel=\"noopener\">massacres, viols, pillages et d\u00e9placements massifs de population<\/a>.<\/p>\n<p>                                    <a class=\"fig-a11y-skip a11y-hidden\" href=\"#fig-a11y-skip-main-inarticle\"><br \/>\n        Passer la publicit\u00e9<br \/>\n    <\/a><\/p>\n<p class=\"fig-paragraph\">De\u00a0<a href=\"http:\/\/www.lefigaro.fr\/international\/au-soudan-les-effroyables-recits-des-survivants-des-massacres-d-el-fasher-20251104\" data-fig-type=\"Article\" data-gtm-custom-categorie=\"navigation\" data-gtm-custom-action=\"crossclick\" data-gtm-custom-label=\"Contextuel\" data-gtm-event=\"customEventSPE\" data-fig-domain=\"LEFIGARO\" target=\"_blank\" rel=\"noopener\">multiples t\u00e9moignages<\/a>, \u00e9tay\u00e9s par des vid\u00e9os publi\u00e9es par les paramilitaires des Forces de soutien rapide (FSR) sur les r\u00e9seaux sociaux, d\u00e9crivent des atrocit\u00e9s dans cette r\u00e9gion coup\u00e9e du monde.<\/p>\n<p>\u00abUn massacre est en cours sur le site de l\u2019ancien h\u00f4pital\u00bb<\/p>\n<p class=\"fig-paragraph\">La pr\u00e9sence des fosses communes, l&rsquo;apparition de tranch\u00e9es et la disparition de corps pr\u00e9c\u00e9demment identifi\u00e9s ont \u00e9t\u00e9 d\u00e9tect\u00e9es par des images satellites \u00e0 l&rsquo;ext\u00e9rieur d&rsquo;un ancien h\u00f4pital pour enfants \u00abtransform\u00e9 par les FSR en site de d\u00e9tention\u00bb et pr\u00e8s d&rsquo;une mosqu\u00e9e, selon le rapport du Humanitarian Research Lab (HRL).<\/p>\n<p class=\"fig-paragraph\">Selon le HRL, des donn\u00e9es a\u00e9riennes r\u00e9centes indiquent aussi qu&rsquo;\u00abun massacre est en cours sur le site de l&rsquo;ancien h\u00f4pital\u00bb pour enfants.<\/p>\n<p class=\"fig-paragraph\">\u00abLe nettoyage des atrocit\u00e9s de masse pr\u00e9sum\u00e9es commises par les FSR\u00bb est par ailleurs visible pr\u00e8s du talus construit par les paramilitaires autour de la ville pour l&rsquo;assi\u00e9ger: les images permettent de voir \u00abun nouveau cas d&rsquo;enl\u00e8vement d&rsquo;objets compatibles avec des corps\u00bb, selon les chercheurs.<\/p>\n<p class=\"fig-paragraph\">\u00abL&rsquo;\u00e9limination ou l&rsquo;enl\u00e8vement des corps\u00bb a \u00e9galement \u00e9t\u00e9 observ\u00e9 \u00absur des images satellites\u00bb \u00e0 l&rsquo;h\u00f4pital saoudien d&rsquo;El-Fasher, o\u00f9, selon l&rsquo;OMS, quelque\u00a0<a href=\"http:\/\/www.lefigaro.fr\/international\/soudan-plus-de-460-personnes-tuees-dans-une-maternite-a-el-fasher-selon-l-oms-qui-reclame-un-cessez-le-feu-20251029\" data-fig-type=\"NewsFlash\" data-gtm-custom-categorie=\"navigation\" data-gtm-custom-action=\"crossclick\" data-gtm-custom-label=\"Contextuel\" data-gtm-event=\"customEventSPE\" data-fig-domain=\"LEFIGARO\" target=\"_blank\" rel=\"noopener\">460 civils et soignants ont \u00e9t\u00e9 massacr\u00e9s dans la section maternit\u00e9 fin octobre<\/a>, \u00e9crit le laboratoire qui surveille la r\u00e9gion depuis le d\u00e9but du si\u00e8ge de la ville par les paramilitaires, en mai 2024.<\/p>\n<p>                                    <a class=\"fig-a11y-skip a11y-hidden\" href=\"#fig-a11y-skip-main-inarticle_mtf\"><br \/>\n        Passer la publicit\u00e9<br \/>\n    <\/a><\/p>\n<p>34 groupes d\u2019objets correspondant \u00e0 des corps<\/p>\n<p class=\"fig-paragraph\">Avant la chute d&rsquo;El-Fasher, le HRL avait seulement observ\u00e9 des activit\u00e9s d&rsquo;enterrements individuels, conformes aux pratiques habituelles d&rsquo;inhumation, dans les zones militaires tenues par les FSR, par l&rsquo;arm\u00e9e soudanaise ou par leurs alli\u00e9s.<\/p>\n<p class=\"fig-paragraph\">Depuis la prise de la ville, le HRL dit avoir identifi\u00e9 \u00abau moins 34 groupes d&rsquo;objets correspondant \u00e0 des corps visibles sur des images satellites\u00bb d&rsquo;El-Fasher.<\/p>\n<p class=\"fig-paragraph\">La guerre entre l&rsquo;arm\u00e9e du g\u00e9n\u00e9ral Abdel Fattah al-Burhane et les FSR du g\u00e9n\u00e9ral Mohammed Hamdane Daglo a \u00e9clat\u00e9 en avril 2023. Depuis la chute d&rsquo;El-Facher, les violences continuent au Darfour mais les combats se concentrent au Kordofan, une r\u00e9gion strat\u00e9gique du centre du Soudan car situ\u00e9e entre la capitale Khartoum, contr\u00f4l\u00e9e par les militaires, et le Darfour, aux mains des paramilitaires.<\/p>\n","protected":false},"excerpt":{"rendered":"Depuis la prise de la ville le 26 octobre, l\u2019ONU et de multiples t\u00e9moignages signalent massacres, viols et&hellip;\n","protected":false},"author":2,"featured_media":516416,"comment_status":"","ping_status":"","sticky":false,"template":"","format":"standard","meta":{"footnotes":""},"categories":[5],"tags":[11,63712,1011,27,14,12,4535,28],"class_list":{"0":"post-516415","1":"post","2":"type-post","3":"status-publish","4":"format-standard","5":"has-post-thumbnail","7":"category-international","8":"tag-actualites","9":"tag-fosse-commune","10":"tag-fr","11":"tag-france","12":"tag-international","13":"tag-news","14":"tag-soudan","15":"tag-world"},"share_on_mastodon":{"url":"https:\/\/pubeurope.com\/@fr\/115504003506179308","error":""},"_links":{"self":[{"href":"https:\/\/www.europesays.com\/fr\/wp-json\/wp\/v2\/posts\/516415","targetHints":{"allow":["GET"]}}],"collection":[{"href":"https:\/\/www.europesays.com\/fr\/wp-json\/wp\/v2\/posts"}],"about":[{"href":"https:\/\/www.europesays.com\/fr\/wp-json\/wp\/v2\/types\/post"}],"author":[{"embeddable":true,"href":"https:\/\/www.europesays.com\/fr\/wp-json\/wp\/v2\/users\/2"}],"replies":[{"embeddable":true,"href":"https:\/\/www.europesays.com\/fr\/wp-json\/wp\/v2\/comments?post=516415"}],"version-history":[{"count":0,"href":"https:\/\/www.europesays.com\/fr\/wp-json\/wp\/v2\/posts\/516415\/revisions"}],"wp:featuredmedia":[{"embeddable":true,"href":"https:\/\/www.europesays.com\/fr\/wp-json\/wp\/v2\/media\/516416"}],"wp:attachment":[{"href":"https:\/\/www.europesays.com\/fr\/wp-json\/wp\/v2\/media?parent=516415"}],"wp:term":[{"taxonomy":"category","embeddable":true,"href":"https:\/\/www.europesays.com\/fr\/wp-json\/wp\/v2\/categories?post=516415"},{"taxonomy":"post_tag","embeddable":true,"href":"https:\/\/www.europesays.com\/fr\/wp-json\/wp\/v2\/tags?post=516415"}],"curies":[{"name":"wp","href":"https:\/\/api.w.org\/{rel}","templated":true}]}}