{"id":516417,"date":"2025-11-06T17:46:12","date_gmt":"2025-11-06T17:46:12","guid":{"rendered":"https:\/\/www.europesays.com\/fr\/516417\/"},"modified":"2025-11-06T17:46:12","modified_gmt":"2025-11-06T17:46:12","slug":"info-rtl-la-femme-de-salah-abdeslam-placee-en-garde-a-vue","status":"publish","type":"post","link":"https:\/\/www.europesays.com\/fr\/516417\/","title":{"rendered":"INFO RTL &#8211; La femme de Salah Abdeslam plac\u00e9e en garde \u00e0 vue"},"content":{"rendered":"<p class=\"article-p mdl\">Salah Abdeslam, condamn\u00e9 \u00e0 la perp\u00e9tuit\u00e9 incompressible au proc\u00e8s des attentats du 13 novembre 2015, a \u00e9t\u00e9 plac\u00e9 en garde \u00e0 vue, mardi 4 novembre, avant qu&rsquo;elle ne soit lev\u00e9e dans le cadre d&rsquo;une enqu\u00eate sur une d\u00e9tention illicite d&rsquo;un objet en d\u00e9tention, a indiqu\u00e9 jeudi le Parquet antiterroriste (Pnat).\u00a0<\/p>\n<p class=\"article-p mdl\">Selon les informations de RTL,\u00a0<a class=\"link\" href=\"https:\/\/www.rtl.fr\/actu\/justice-faits-divers\/info-rtl-salah-abdeslam-s-est-marie-en-detention-7900201613\" target=\"_blank\" rel=\"noopener\">la femme de Salah Abdeslam<\/a>\u00a0a, elle aussi, \u00e9t\u00e9 plac\u00e9e en garde \u00e0 vue, ce mardi, dans le cadre de cette enqu\u00eate. Elle est soup\u00e7onn\u00e9e d&rsquo;avoir fourni \u00e0 son mari des cl\u00e9s USB avec de la propagande djihadiste.\u00a0<\/p>\n<p class=\"article-p mdl\">Les cl\u00e9s en question n&rsquo;ont pas \u00e9t\u00e9 retrouv\u00e9es lors de la perquisition de sa cellule, mais les enqu\u00eateurs ont d\u00e9couvert dans son ordinateur des traces de connexion. Des textes de propagande mais \u00e9galement une vid\u00e9o du canal \u00ab\u00a019HH\u00a0\u00bb, du gourou fran\u00e7ais du jihad Omar Omsen.\u00a0<a class=\"link\" href=\"https:\/\/www.rtl.fr\/actu\/justice-faits-divers\/proces-du-13-novembre-salah-abdeslam-condamne-a-la-perpetuite-incompressible-7900168709\" target=\"_blank\" rel=\"noopener\">Salah Abdeslam<\/a>\u00a0poss\u00e8de un ordinateur dans sa cellule de mani\u00e8re tout \u00e0 fait l\u00e9gale. L&rsquo;appareil qui l&rsquo;a lui-m\u00eame achet\u00e9 n&rsquo;est pas connect\u00e9 \u00e0 internet, il lui permet de suivre des cours.\u00a0<\/p>\n<p>            Sa cellule tr\u00e8s souvent contr\u00f4l\u00e9e<\/p>\n<p class=\"article-p mdl\">L<a class=\"link\" href=\"https:\/\/www.rtl.fr\/actu\/justice-faits-divers\/proces-du-13-novembre-pour-les-psychiatres-salah-abdeslam-est-la-banalite-du-mal-7900146985\" target=\"_blank\" rel=\"noopener\">e d\u00e9tenu le plus surveill\u00e9 de France<\/a>\u00a0change r\u00e9guli\u00e8rement de cellule pour des questions de s\u00e9curit\u00e9, puisqu&rsquo;il est soumis au statut de DPS, d\u00e9tenu particuli\u00e8rement signal\u00e9. Ses affaires sont donc tr\u00e8s souvent contr\u00f4l\u00e9es. Et c&rsquo;est dans ce cadre, qu&rsquo;ont \u00e9t\u00e9 d\u00e9couvert des traces de connexion de cl\u00e9 USB sur son ordinateur qui a depuis \u00e9t\u00e9 confisqu\u00e9.\u00a0<\/p>\n<p class=\"article-p mdl\">Depuis 2024, le terroriste est incarc\u00e9r\u00e9 \u00e0 la prison de\u00a0<a class=\"link\" href=\"https:\/\/www.rtl.fr\/actu\/justice-faits-divers\/vendin-le-vieil-que-reclament-les-dizaines-de-detenus-qui-ont-entame-une-greve-de-la-faim-7900536547\" title=\"Vendin-le-Vieil : ce que r\u00e9clament les dizaines de d\u00e9tenus qui ont entam\u00e9 une gr\u00e8ve de la faim\" target=\"_blank\" rel=\"noopener\">Vendin-le-Vieil,<\/a>\u00a0l\u00e0 o\u00f9 a \u00e9t\u00e9 cr\u00e9\u00e9 le quartier de haute s\u00e9curit\u00e9 pour les narcotrafiquants. Sa fen\u00eatre est obstru\u00e9e, il est \u00e0 l&rsquo;isolement depuis des ann\u00e9es et \u00e0 chaque renouvellement de cette mesure, Salah Abdeslam la conteste en justice. \u00ab\u00a0Je n&rsquo;ai jamais \u00e9t\u00e9 fier de ce pourquoi je suis arriv\u00e9 ici, a-t-il \u00e0 son audience avant l&rsquo;\u00e9t\u00e9, mais personne ne peut \u00eatre fier d&rsquo;enfermer un \u00eatre humain comme \u00e7a. Je suis coup\u00e9 du monde, je ne peux plus supporter ces conditions.\u00a0\u00bb Pour le moment, l&rsquo;administration p\u00e9nitentiaire rejette \u00e0 chaque fois ces recours.\u00a0<\/p>\n<p>            Des droits de visite<\/p>\n<p class=\"article-p mdl\">Le d\u00e9tenu a tout de m\u00eame le droit au visite, il re\u00e7oit au parloir sa famille une fois par semaine ainsi que sa femme avec qui il s&rsquo;est mari\u00e9 par t\u00e9l\u00e9phone en 2022. Il re\u00e7oit \u00e9galement du courrier, notamment de son ancienne professeure de fran\u00e7ais, m\u00eame si tout son courrier est lu et contr\u00f4l\u00e9.\u00a0<\/p>\n<p class=\"article-p mdl\">Concernant la garde \u00e0 vue de\u00a0<a class=\"link\" href=\"https:\/\/www.rtl.fr\/actu\/justice-faits-divers\/salah-abdeslam-decrit-comme-un-sale-gars-sans-conviction-par-un-jihadiste-7794078628\" target=\"_blank\" rel=\"noopener\">Salah Abdeslam<\/a>, qui n&rsquo;a dur\u00e9 que quelques heures, ses avocats ont refus\u00e9 de commenter cette information, \u00e9voquant \u00ab\u00a0le secret de l&rsquo;enqu\u00eate\u00a0\u00bb. La Chancellerie n&rsquo;a pas comment\u00e9 cette information, pr\u00e9cisant simplement que \u00ab\u00a0les faits sont ant\u00e9rieurs \u00e0 l&rsquo;existence du r\u00e9gime des quartiers de lutte contre la criminalit\u00e9 organis\u00e9e\u00a0\u00bb, le premier d&rsquo;entre eux ayant ouvert cet \u00e9t\u00e9 \u00e0 Vendin-le-Vieil.<\/p>\n<p class=\"article-p mdl\">La garde \u00e0 vue de la femme de Salah Abdeslam est, elle, toujours en cours. Elle peut durer jusqu&rsquo;\u00e0 96 heures.<\/p>\n<p>    La r\u00e9daction vous recommande<\/p>\n<p class=\"s-newsletter__title\">\n                L\u2019actualit\u00e9 par la r\u00e9daction de RTL dans votre bo\u00eete mail.\n            <\/p>\n<p class=\"s-newsletter__subtitle\">\n                Gr\u00e2ce \u00e0 votre compte RTL abonnez-vous \u00e0 la newsletter RTL info pour suivre toute l&rsquo;actualit\u00e9 au quotidien\n            <\/p>\n<p>\n                                    Lire la suite\n                                <\/p>\n","protected":false},"excerpt":{"rendered":"Salah Abdeslam, condamn\u00e9 \u00e0 la perp\u00e9tuit\u00e9 incompressible au proc\u00e8s des attentats du 13 novembre 2015, a \u00e9t\u00e9 plac\u00e9&hellip;\n","protected":false},"author":2,"featured_media":516418,"comment_status":"","ping_status":"","sticky":false,"template":"","format":"standard","meta":{"footnotes":""},"categories":[4],"tags":[11,118,107,1011,27,12,899,362,25,63713],"class_list":{"0":"post-516417","1":"post","2":"type-post","3":"status-publish","4":"format-standard","5":"has-post-thumbnail","7":"category-france","8":"tag-actualites","9":"tag-faits-divers","10":"tag-fil-info","11":"tag-fr","12":"tag-france","13":"tag-news","14":"tag-prisons","15":"tag-replay","16":"tag-republique-francaise","17":"tag-salah-abdeslam"},"share_on_mastodon":{"url":"https:\/\/pubeurope.com\/@fr\/115504007308306011","error":""},"_links":{"self":[{"href":"https:\/\/www.europesays.com\/fr\/wp-json\/wp\/v2\/posts\/516417","targetHints":{"allow":["GET"]}}],"collection":[{"href":"https:\/\/www.europesays.com\/fr\/wp-json\/wp\/v2\/posts"}],"about":[{"href":"https:\/\/www.europesays.com\/fr\/wp-json\/wp\/v2\/types\/post"}],"author":[{"embeddable":true,"href":"https:\/\/www.europesays.com\/fr\/wp-json\/wp\/v2\/users\/2"}],"replies":[{"embeddable":true,"href":"https:\/\/www.europesays.com\/fr\/wp-json\/wp\/v2\/comments?post=516417"}],"version-history":[{"count":0,"href":"https:\/\/www.europesays.com\/fr\/wp-json\/wp\/v2\/posts\/516417\/revisions"}],"wp:featuredmedia":[{"embeddable":true,"href":"https:\/\/www.europesays.com\/fr\/wp-json\/wp\/v2\/media\/516418"}],"wp:attachment":[{"href":"https:\/\/www.europesays.com\/fr\/wp-json\/wp\/v2\/media?parent=516417"}],"wp:term":[{"taxonomy":"category","embeddable":true,"href":"https:\/\/www.europesays.com\/fr\/wp-json\/wp\/v2\/categories?post=516417"},{"taxonomy":"post_tag","embeddable":true,"href":"https:\/\/www.europesays.com\/fr\/wp-json\/wp\/v2\/tags?post=516417"}],"curies":[{"name":"wp","href":"https:\/\/api.w.org\/{rel}","templated":true}]}}