{"id":516419,"date":"2025-11-06T17:47:11","date_gmt":"2025-11-06T17:47:11","guid":{"rendered":"https:\/\/www.europesays.com\/fr\/516419\/"},"modified":"2025-11-06T17:47:11","modified_gmt":"2025-11-06T17:47:11","slug":"le-maire-de-grenoble-eric-piolle-demande-de-suspendre-larrivee-de-shein-dans-la-ville","status":"publish","type":"post","link":"https:\/\/www.europesays.com\/fr\/516419\/","title":{"rendered":"Le maire de Grenoble \u00c9ric Piolle demande de suspendre l\u2019arriv\u00e9e de Shein dans la ville"},"content":{"rendered":"<p>\n    L\u2019\u00e9dile \u00e9cologiste rapporte avoir \u00e9crit au patron de la SGM, Fr\u00e9d\u00e9ric Merlin, pour lui demander d\u2019abandonner le projet d\u2019installation du g\u00e9ant chinois dans les Galeries Lafayette de sa ville.<\/p>\n<p class=\"fig-paragraph\">\u00abNON \u00e0 Shein \u00e0 Grenoble.\u00bb Le maire \u00e9cologiste de la ville is\u00e9roise \u00c9ric Piolle a annonc\u00e9 ce jeudi avoir \u00e9crit au patron de la SGM (Soci\u00e9t\u00e9 des grands magasins), Fr\u00e9d\u00e9ric Merlin, \u00abpour lui demander de suspendre l\u2019installation de Shein \u00e0 Grenoble\u00bb. Le g\u00e9ant chinois de l\u2019ultra fast fashion s\u2019appr\u00eate \u00e0 s\u2019implanter le 18 novembre dans les Galeries Lafayette de Grenoble,\u00a0<a href=\"http:\/\/www.lefigaro.fr\/societes\/angers-dijon-grenoble-reims-les-sept-galeries-lafayette-geres-par-frederic-merlin-vont-etre-rebaptises-bhv-20251104\" target=\"_blank\" data-fig-type=\"NewsFlash\" rel=\"noopener\" data-gtm-custom-categorie=\"navigation\" data-gtm-custom-action=\"crossclick\" data-gtm-custom-label=\"Contextuel\" data-gtm-event=\"customEventSPE\" data-fig-domain=\"LEFIGARO\">renomm\u00e9es BHV Grenoble<\/a>, exploit\u00e9 par la SGM, ainsi qu\u2019\u00e0 Dijon, Reims, Limoges et Angers, apr\u00e8s avoir ouvert un magasin\u00a0<a href=\"http:\/\/www.lefigaro.fr\/conso\/on-s-habille-deja-tous-chinois-a-l-ouverture-de-shein-au-bhv-le-face-a-face-desabuse-des-clients-et-des-opposants-20251105\" target=\"_blank\" data-fig-type=\"NewsFlash\" rel=\"noopener\" data-gtm-custom-categorie=\"navigation\" data-gtm-custom-action=\"crossclick\" data-gtm-custom-label=\"Contextuel\" data-gtm-event=\"customEventSPE\" data-fig-domain=\"LEFIGARO\">au sein du BHV \u00e0 Paris<\/a>\u00a0mercredi.<\/p>\n<p class=\"fig-paragraph\">\u00abJe vous demande aujourd\u2019hui de suspendre son arriv\u00e9e dans notre ville tant que ses dirigeants n\u2019auront pas apport\u00e9 \u00e0 nos parlementaires toutes les garanties n\u00e9cessaires quant au contr\u00f4le et \u00e0 la v\u00e9rification de la l\u00e9galit\u00e9 des produits propos\u00e9s \u00e0 la vente par votre partenaire\u00bb, \u00e9crit \u00c9ric Piolle dans ce courrier dat\u00e9 de mercredi et relay\u00e9 sur son compte Instagram.<\/p>\n<p>                                    <a class=\"fig-a11y-skip a11y-hidden\" href=\"#fig-a11y-skip-main-inarticle\"><br \/>\n        Passer la publicit\u00e9<br \/>\n    <\/a><\/p>\n<p>\u00abUne enseigne qui foule aux pieds les valeurs de dignit\u00e9, d\u2019\u00e9thique et de durabilit\u00e9\u00bb<\/p>\n<p class=\"fig-paragraph\">Shein \u00abincarne les pires d\u00e9rives de l\u2019ultra fast-fashion\u00a0: exploitation humaine, d\u00e9sastre environnemental, surconsommation \u00e0 outrance\u00bb, commente \u00c9ric Piolle dans un post publi\u00e9 sur le r\u00e9seau social. \u00abCes derniers jours, Shein s\u2019est en plus retrouv\u00e9e au c\u0153ur de nouveaux scandales\u00a0: vente de produits \u00e0 caract\u00e8re p\u00e9dopornographique, puis d\u2019armes interdites\u00bb, qui se sont retrouv\u00e9s sur sa plateforme de vente sur internet, ajoute-t-il. Ainsi, il dit refuser d\u2019accueillir dans sa ville \u00abune enseigne qui foule aux pieds les valeurs de dignit\u00e9, d\u2019\u00e9thique et de durabilit\u00e9\u00bb. L\u2019\u00e9lu \u00e9cologiste pr\u00e9cise qu\u2019il a refus\u00e9 de rencontrer le pr\u00e9sident ex\u00e9cutif de Shein Donald Tang.<\/p>\n<p class=\"fig-paragraph\">\u00abFr\u00e9d\u00e9ric Merlin a d\u00e9j\u00e0 parfaitement r\u00e9pondu sur le partenariat entre le BHV et Shein sur la qualit\u00e9 et la provenance des produits qui n\u2019ont rien \u00e0 voir avec ceux qu\u2019on trouve sur la marketplace\u00bb, propos\u00e9s par des vendeurs tiers, a r\u00e9pondu le groupe SGM, interrog\u00e9 par l\u2019AFP. \u00abLe partenariat aujourd\u2019hui concerne des v\u00eatements dont la qualit\u00e9 est contr\u00f4l\u00e9e\u00bb, souligne encore le groupe, qui assure par ailleurs avoir re\u00e7u le soutien de commer\u00e7ants grenoblois. Selon des chiffres fournis par SGM, pr\u00e8s de 8000 personnes se sont rendues mercredi \u00e0 l\u2019espace de vente Shein pour son premier jour d\u2019ouverture au BHV \u00e0 Paris, son premier magasin physique et p\u00e9renne au monde.<\/p>\n","protected":false},"excerpt":{"rendered":"L\u2019\u00e9dile \u00e9cologiste rapporte avoir \u00e9crit au patron de la SGM, Fr\u00e9d\u00e9ric Merlin, pour lui demander d\u2019abandonner le projet&hellip;\n","protected":false},"author":2,"featured_media":516420,"comment_status":"","ping_status":"","sticky":false,"template":"","format":"standard","meta":{"footnotes":""},"categories":[2],"tags":[11,1011,27,2731,12,1104],"class_list":{"0":"post-516419","1":"post","2":"type-post","3":"status-publish","4":"format-standard","5":"has-post-thumbnail","7":"category-actualites","8":"tag-actualites","9":"tag-fr","10":"tag-france","11":"tag-grenoble","12":"tag-news","13":"tag-shein"},"share_on_mastodon":{"url":"https:\/\/pubeurope.com\/@fr\/115504011278064669","error":""},"_links":{"self":[{"href":"https:\/\/www.europesays.com\/fr\/wp-json\/wp\/v2\/posts\/516419","targetHints":{"allow":["GET"]}}],"collection":[{"href":"https:\/\/www.europesays.com\/fr\/wp-json\/wp\/v2\/posts"}],"about":[{"href":"https:\/\/www.europesays.com\/fr\/wp-json\/wp\/v2\/types\/post"}],"author":[{"embeddable":true,"href":"https:\/\/www.europesays.com\/fr\/wp-json\/wp\/v2\/users\/2"}],"replies":[{"embeddable":true,"href":"https:\/\/www.europesays.com\/fr\/wp-json\/wp\/v2\/comments?post=516419"}],"version-history":[{"count":0,"href":"https:\/\/www.europesays.com\/fr\/wp-json\/wp\/v2\/posts\/516419\/revisions"}],"wp:featuredmedia":[{"embeddable":true,"href":"https:\/\/www.europesays.com\/fr\/wp-json\/wp\/v2\/media\/516420"}],"wp:attachment":[{"href":"https:\/\/www.europesays.com\/fr\/wp-json\/wp\/v2\/media?parent=516419"}],"wp:term":[{"taxonomy":"category","embeddable":true,"href":"https:\/\/www.europesays.com\/fr\/wp-json\/wp\/v2\/categories?post=516419"},{"taxonomy":"post_tag","embeddable":true,"href":"https:\/\/www.europesays.com\/fr\/wp-json\/wp\/v2\/tags?post=516419"}],"curies":[{"name":"wp","href":"https:\/\/api.w.org\/{rel}","templated":true}]}}