{"id":516434,"date":"2025-11-06T17:55:11","date_gmt":"2025-11-06T17:55:11","guid":{"rendered":"https:\/\/www.europesays.com\/fr\/516434\/"},"modified":"2025-11-06T17:55:11","modified_gmt":"2025-11-06T17:55:11","slug":"faux-braquage-ou-vraie-menace-un-suspect-au-comportement-deroutant","status":"publish","type":"post","link":"https:\/\/www.europesays.com\/fr\/516434\/","title":{"rendered":"faux braquage ou vraie menace ? Un suspect au comportement d\u00e9routant"},"content":{"rendered":"<p>            Par<br \/>\n        <strong><br \/>\n            <a href=\"https:\/\/actu.fr\/auteur\/lea-pippinato\" title=\"Consulter tous les articles de L\u00e9a Pippinato\" rel=\"nofollow noopener\" target=\"_blank\">L\u00e9a Pippinato<\/a><br \/>\n        <\/strong><\/p>\n<p>        Publi\u00e9 le<\/p>\n<p>            6 nov. 2025 \u00e0 18h47        <\/p>\n<p>Les agents du bureau de police de la Mosson, \u00e0 <strong>Montpellier<\/strong> patrouillent, <strong>ce jeudi 6 novembre 2025<\/strong>, peu apr\u00e8s 9h. Une information tombe : un homme vient de commettre un vol \u00e0 main arm\u00e9e dans une pharmacie. L\u2019\u00e9tablissement se situe dans le quartier de Malbosc. Les policiers se rendent aussit\u00f4t sur place, mais le suspect a d\u00e9j\u00e0 disparu.<\/p>\n<p>    <a href=\"https:\/\/www.google.com\/maps\/embed?pb=!1m18!1m12!1m3!1d23114.090373704526!2d3.8338559999999995!3d43.6011008!2m3!1f0!2f0!3f0!3m2!1i1024!2i768!4f13.1!3m3!1m2!1s0x12b6aea248419d8f%3A0x14f83e99cba31bf8!2sMalbosc%2C%20Montpellier!5e0!3m2!1sfr!2sfr!4v1762448340967!5m2!1sfr!2sfr\" title=\"Ouvrie le lien\" rel=\"nofollow noopener\" target=\"_blank\">Cliquez ici pour visualiser le contenu<\/a><\/p>\n<p class=\" wall-content\">\u00c0 une centaine de m\u00e8tres, une agitation attire l\u2019attention. Des passants montrent une petite sup\u00e9rette. Selon eux, l\u2019homme recherch\u00e9 se trouve \u00e0 l\u2019int\u00e9rieur. Les policiers entrent et d\u00e9couvrent le suspect aux prises avec un agent de s\u00e9curit\u00e9.<\/p>\n<p>L\u2019interpellation dans la sup\u00e9rette<\/p>\n<p class=\" wall-content\">Le suspect tente une nouvelle fois de prendre de l\u2019argent dans les caisses. Les policiers l\u2019arr\u00eatent imm\u00e9diatement. Il ne poss\u00e8de pas d\u2019arme. Pourtant, la loi consid\u00e8re <a href=\"https:\/\/www.legifrance.gouv.fr\/codes\/section_lc\/LEGITEXT000006070719\/LEGISCTA000006165324\/\" rel=\"nofollow noopener\" target=\"_blank\">le vol aggrav\u00e9<\/a> d\u00e8s lors qu\u2019une arme est brandie ou \u00e9voqu\u00e9e. Dans la pharmacie, il avait pris une poign\u00e9e de billets. Il avait menac\u00e9 les employ\u00e9s, main gliss\u00e9e sous un v\u00eatement ample, laissant croire qu\u2019il dissimulait une arme. Entre la pharmacie et la sup\u00e9rette, il perd toutefois son butin. \u00c2g\u00e9 de 29 ans, domicili\u00e9 \u00e0 Montpellier, l\u2019homme tient des propos confus durant sa garde \u00e0 vue. Son comportement intrigue les agents et le procureur de la R\u00e9publique : il fera l\u2019objet d\u2019une expertise psychiatrique.<\/p>\n<p class=\" wall-content\">Personnalisez votre actualit\u00e9 en ajoutant vos villes et m\u00e9dias en favori avec <a href=\"https:\/\/moncompte.actu.fr\" title=\"D\u00e9couvez Mon Actu\" rel=\"nofollow noopener\" data-trk=\"{&quot;cta&quot;:{&quot;action&quot;:&quot;https:\\\/\\\/moncompte.actu.fr&quot;,&quot;category&quot;:&quot;mon compte&quot;,&quot;from&quot;:&quot;article footer&quot;,&quot;name&quot;:&quot;Mon actu&quot;,&quot;type&quot;:&quot;cta&quot;}}\" target=\"_blank\">Mon Actu<\/a>.<\/p>\n","protected":false},"excerpt":{"rendered":"Par L\u00e9a Pippinato Publi\u00e9 le 6 nov. 2025 \u00e0 18h47 Les agents du bureau de police de la&hellip;\n","protected":false},"author":2,"featured_media":516435,"comment_status":"","ping_status":"","sticky":false,"template":"","format":"standard","meta":{"footnotes":""},"categories":[9599],"tags":[1111,11,1777,674,118,1011,27,303,2208,12,2680,1072,25],"class_list":{"0":"post-516434","1":"post","2":"type-post","3":"status-publish","4":"format-standard","5":"has-post-thumbnail","7":"category-montpellier","8":"tag-actu","9":"tag-actualites","10":"tag-eu","11":"tag-europe","12":"tag-faits-divers","13":"tag-fr","14":"tag-france","15":"tag-justice","16":"tag-montpellier","17":"tag-news","18":"tag-occitanie","19":"tag-police","20":"tag-republique-francaise"},"share_on_mastodon":{"url":"https:\/\/pubeurope.com\/@fr\/115504042878028439","error":""},"_links":{"self":[{"href":"https:\/\/www.europesays.com\/fr\/wp-json\/wp\/v2\/posts\/516434","targetHints":{"allow":["GET"]}}],"collection":[{"href":"https:\/\/www.europesays.com\/fr\/wp-json\/wp\/v2\/posts"}],"about":[{"href":"https:\/\/www.europesays.com\/fr\/wp-json\/wp\/v2\/types\/post"}],"author":[{"embeddable":true,"href":"https:\/\/www.europesays.com\/fr\/wp-json\/wp\/v2\/users\/2"}],"replies":[{"embeddable":true,"href":"https:\/\/www.europesays.com\/fr\/wp-json\/wp\/v2\/comments?post=516434"}],"version-history":[{"count":0,"href":"https:\/\/www.europesays.com\/fr\/wp-json\/wp\/v2\/posts\/516434\/revisions"}],"wp:featuredmedia":[{"embeddable":true,"href":"https:\/\/www.europesays.com\/fr\/wp-json\/wp\/v2\/media\/516435"}],"wp:attachment":[{"href":"https:\/\/www.europesays.com\/fr\/wp-json\/wp\/v2\/media?parent=516434"}],"wp:term":[{"taxonomy":"category","embeddable":true,"href":"https:\/\/www.europesays.com\/fr\/wp-json\/wp\/v2\/categories?post=516434"},{"taxonomy":"post_tag","embeddable":true,"href":"https:\/\/www.europesays.com\/fr\/wp-json\/wp\/v2\/tags?post=516434"}],"curies":[{"name":"wp","href":"https:\/\/api.w.org\/{rel}","templated":true}]}}