{"id":516442,"date":"2025-11-06T17:59:15","date_gmt":"2025-11-06T17:59:15","guid":{"rendered":"https:\/\/www.europesays.com\/fr\/516442\/"},"modified":"2025-11-06T17:59:15","modified_gmt":"2025-11-06T17:59:15","slug":"les-pires-derives-de-lultra-fast-fashion-le-maire-eric-piolle-demande-la-suspension-de-larrivee-de-shein-a-grenoble","status":"publish","type":"post","link":"https:\/\/www.europesays.com\/fr\/516442\/","title":{"rendered":"\u00ab\u00a0Les pires d\u00e9rives de l\u2019ultra fast-fashion\u00a0\u00bb\u00a0: le maire \u00c9ric Piolle demande la suspension de l\u2019arriv\u00e9e de Shein \u00e0 Grenoble"},"content":{"rendered":"<p class=\"paragraph text_align_left lp-f-body-02\">Le maire \u00e9cologiste de Grenoble <a href=\"https:\/\/www.leparisien.fr\/politique\/a-grenoble-eric-piolle-au-defi-de-la-securite-municipale-13-02-2025-AP4KXEMJMVH7TGB4YSJUTMPA5Y.php\" target=\"_blank\" rel=\"noreferrer nofollow noopener\">\u00c9ric Piolle<\/a> a demand\u00e9 au pr\u00e9sident du groupe SGM Fr\u00e9d\u00e9ric Merlin de \u00ab suspendre \u00bb l\u2019arriv\u00e9e de <a href=\"https:\/\/www.leparisien.fr\/economie\/shein\/\" target=\"_blank\" rel=\"nofollow noopener\">Shein<\/a> dans la ville dans l\u2019attente de garanties sur le contr\u00f4le de la l\u00e9galit\u00e9 des produits, dans une lettre diffus\u00e9e jeudi.<\/p>\n<blockquote class=\"twitter-tweet\">\n<p lang=\"fr\" dir=\"ltr\">\ud83d\uded1 NON \u00e0 Shein \u00e0 Grenoble<\/p>\n<p>Apr\u00e8s avoir refus\u00e9 de rencontrer le PDG de Shein, Donald Tang, j\u2019ai \u00e9crit au pr\u00e9sident du groupe SGM, Fr\u00e9d\u00e9ric Merlin, pour lui demander de suspendre l\u2019installation de Shein \u00e0 Grenoble.<\/p>\n<p>Cette marque incarne les pires d\u00e9rives de l\u2019ultra fast-fashion :\u2026 <a href=\"https:\/\/t.co\/ARmPbzTKkG\" rel=\"nofollow\">pic.twitter.com\/ARmPbzTKkG<\/a><\/p>\n<p>\u2014 \u00c9ric Piolle (@EricPiolle) <a href=\"https:\/\/twitter.com\/EricPiolle\/status\/1986469315109888071?ref_src=twsrc%5Etfw\" rel=\"nofollow noopener\" target=\"_blank\">November 6, 2025<\/a><\/p><\/blockquote>\n<p class=\"paragraph text_align_left lp-f-body-02\">\u00ab Je vous demande aujourd\u2019hui de suspendre son arriv\u00e9e dans notre ville tant que ses dirigeants n\u2019auront pas apport\u00e9 \u00e0 nos parlementaires toutes les garanties n\u00e9cessaires quant au contr\u00f4le et \u00e0 la v\u00e9rification de la l\u00e9galit\u00e9 des produits propos\u00e9s \u00e0 la vente par votre partenaire \u00bb, \u00e9crit \u00c9ric Piolle dans ce courrier dat\u00e9 de mercredi.<\/p>\n<p>\u00ab Les pires d\u00e9rives de l\u2019ultra fast fashion \u00bb<\/p>\n<p class=\"paragraph text_align_left lp-f-body-02\">L\u2019installation d\u2019un point de vente physique de Shein au sein du magasin BHV grenoblois, exploit\u00e9 par SGM et anciennement Galeries Lafayette, est pr\u00e9vue le 18 novembre.<\/p>\n<p class=\"paragraph text_align_left lp-f-body-02\">\u00ab \u00c0 Grenoble, nous refusons d\u2019accueillir une enseigne qui foule aux pieds les valeurs de dignit\u00e9, d\u2019\u00e9thique et de durabilit\u00e9 \u00bb, ajoute \u00c9ric Piolle dans un message sur les r\u00e9seaux sociaux.<\/p>\n<p class=\"title-embed-dailymotion lp-color-text lp-f-subtitle-04\">Vid\u00e9oMalgr\u00e9 les pol\u00e9miques, Shein accueille ses premiers clients au BHV<\/p>\n<p class=\"paragraph text_align_left lp-f-body-02\">L\u2019\u00e9lu \u00e9cologiste pr\u00e9cise qu\u2019il a refus\u00e9 de rencontrer <a href=\"https:\/\/www.leparisien.fr\/economie\/shein-repond-a-bercy-ce-que-contient-le-courrier-envoye-par-le-patron-du-geant-chinois-donald-tang-06-11-2025-GYHX5AFNN5CL7GBOZHV4MNRIZY.php\" target=\"_blank\" rel=\"noreferrer nofollow noopener\">le pr\u00e9sident ex\u00e9cutif de Shein Donald Tang<\/a>. D\u00e9non\u00e7ant une marque qui \u00ab incarne les pires d\u00e9rives de l\u2019ultra fast-fashion \u00bb, il fait \u00e9galement r\u00e9f\u00e9rence aux \u00ab nouveaux scandales : vente de produits \u00e0 caract\u00e8re p\u00e9dopornographique, puis d\u2019armes interdites \u00bb, qui se sont retrouv\u00e9s sur sa plate-forme de vente sur Internet.<\/p>\n<p>Des v\u00eatements dont la qualit\u00e9 \u00ab est contr\u00f4l\u00e9e \u00bb<\/p>\n<p class=\"paragraph text_align_left lp-f-body-02\">\u00ab Fr\u00e9d\u00e9ric Merlin a d\u00e9j\u00e0 parfaitement r\u00e9pondu sur le partenariat entre le BHV et Shein sur la qualit\u00e9 et la provenance des produits qui n\u2019ont rien \u00e0 voir avec ceux qu\u2019on trouve sur la marketplace \u00bb (\u00ab place de march\u00e9 \u00bb en fran\u00e7ais), propos\u00e9s par des vendeurs tiers, a r\u00e9pondu le groupe SGM, interrog\u00e9 par l\u2019AFP.<\/p>\n<p class=\"paragraph text_align_left lp-f-body-02\">\u00ab Le partenariat aujourd\u2019hui concerne des v\u00eatements dont la qualit\u00e9 est contr\u00f4l\u00e9e \u00bb, souligne encore le groupe, qui assure par ailleurs avoir re\u00e7u le soutien de commer\u00e7ants grenoblois.<\/p>\n<p class=\"paragraph text_align_left lp-f-body-02\">L\u2019enseigne Shein a ouvert, ce mercredi, <a href=\"https:\/\/www.leparisien.fr\/paris-75\/un-succes-populaire-forte-affluence-opposants-survoltes-shein-au-bhv-une-ouverture-mouvementee-05-11-2025-C3W6AVABDRFIRKZUEEII5KMRUQ.php\" target=\"_blank\" rel=\"noreferrer nofollow noopener\">son premier magasin au monde au 6e \u00e9tage du Bazar de l\u2019H\u00f4tel de Ville, \u00e0 Paris<\/a>, suscitant la controverse.<\/p>\n<p class=\"paragraph text_align_left lp-f-body-02\">L\u2019arriv\u00e9e physique de la plate-forme Shein, fond\u00e9e en 2012 en Chine et d\u00e9sormais bas\u00e9e \u00e0 Singapour, <a href=\"https:\/\/www.leparisien.fr\/politique\/on-va-taper-fort-ces-cinq-jours-qui-ont-fait-basculer-shein-dans-la-tourmente-en-france-05-11-2025-VDUSAE6IOBEPXLWC2LDXHJ5T4E.php\" target=\"_blank\" rel=\"noreferrer nofollow noopener\">cristallise les tensions autour de la r\u00e9gulation du commerce en ligne<\/a> et de la mode jetable.<\/p>\n<p>Une marque dans la tourmente<\/p>\n<p class=\"paragraph text_align_left lp-f-body-02\">L\u2019entreprise a d\u00e9j\u00e0 \u00e9cop\u00e9 cette ann\u00e9e en France de trois amendes d\u2019un total de 191 millions d\u2019euros pour non-respect de la l\u00e9gislation sur les cookies, fausses promotions, informations trompeuses et non-d\u00e9claration de microfibres plastiques.<\/p>\n<p class=\"paragraph text_align_left lp-f-body-02\">Outre les accusations de recours \u00e0 des sous-traitants sous-pay\u00e9s et des pratiques suppos\u00e9es n\u00e9fastes pour l\u2019environnement, Shein est aussi accus\u00e9 de participer aux difficult\u00e9s du secteur textile et des petits commerces.<\/p>\n<p class=\"paragraph text_align_left lp-f-body-02\">Cinq autres boutiques Shein doivent ouvrir en province prochainement, \u00e0 Angers, Dijon, Grenoble, Limoges et Reims.<\/p>\n<p class=\"paragraph text_align_left lp-f-body-02\">La plate-forme fait \u00e9galement l\u2019objet <a href=\"https:\/\/www.leparisien.fr\/economie\/shein-sebastien-lecornu-engage-une-procedure-de-suspension-de-la-plate-forme-en-france-05-11-2025-R3ELIEI5IZCPZJHV5K5ABFYR74.php\" target=\"_blank\" rel=\"noreferrer nofollow noopener\">d\u2019une proc\u00e9dure de \u00ab suspension \u00bb en France<\/a>, alors que <a href=\"https:\/\/www.leparisien.fr\/economie\/poupees-pedopornographiques-sur-shein-nous-sommes-en-train-de-bannir-tous-les-vendeurs-assure-son-porte-parole-04-11-2025-P7ASFQG72JGFLOM4C4PGC5RIZQ.php\" target=\"_blank\" rel=\"noreferrer nofollow noopener\">des poup\u00e9es sexuelles enfantines<\/a> et <a href=\"https:\/\/www.leparisien.fr\/politique\/vente-darmes-de-categorie-a-sur-shein-le-depute-lr-vermorel-marques-fait-un-signalement-aupres-de-la-procureur-05-11-2025-W2D2T4MFKBHLNOAL2TG6S3P25A.php\" target=\"_blank\" rel=\"noreferrer nofollow noopener\">des armes de cat\u00e9gorie A (machettes, poings am\u00e9ricains)<\/a> ont \u00e9t\u00e9 rep\u00e9r\u00e9es sur le site.<\/p>\n<p class=\"paragraph text_align_left lp-f-body-02\">Shein dispose de 48 heures pour retirer les produits interdits de son site, sinon \u00ab une r\u00e9quisition num\u00e9rique pourra \u00eatre ordonn\u00e9e \u00bb, permettant au gouvernement d\u2019\u00ab exiger la suspension du site Internet \u00bb, a pr\u00e9cis\u00e9 le minist\u00e8re de l\u2019\u00c9conomie.<\/p>\n<p class=\"paragraph text_align_left lp-f-body-02\">Dans une autre proc\u00e9dure, le gouvernement a saisi la justice pour demander le blocage du site Shein \u00ab au regard du caract\u00e8re syst\u00e9matique et r\u00e9p\u00e9t\u00e9 des infractions de la plate-forme \u00bb et pour \u00ab faire cesser de fa\u00e7on certaine les graves dommages \u00e0 l\u2019ordre public caus\u00e9s par (s) es d\u00e9faillances \u00bb.<\/p>\n<p class=\"paragraph text_align_left lp-f-body-02\">En r\u00e9ponse aux critiques, le pr\u00e9sident ex\u00e9cutif de Shein Donald Tang a assur\u00e9 l\u2019\u00ab engagement ind\u00e9fectible \u00e0 respecter toutes les lois fran\u00e7aises \u00bb de la plate-forme asiatique, dans un courrier transmis mercredi soir \u00e0 Serge Papin, ministre du Commerce.<\/p>\n<p><script async src=\"https:\/\/platform.twitter.com\/widgets.js\" charset=\"utf-8\"><\/script><\/p>\n","protected":false},"excerpt":{"rendered":"Le maire \u00e9cologiste de Grenoble \u00c9ric Piolle a demand\u00e9 au pr\u00e9sident du groupe SGM Fr\u00e9d\u00e9ric Merlin de \u00ab&hellip;\n","protected":false},"author":2,"featured_media":516443,"comment_status":"","ping_status":"","sticky":false,"template":"","format":"standard","meta":{"footnotes":""},"categories":[9566],"tags":[1111,11,2430,459,33,1777,674,1011,27,2731,12,25],"class_list":{"0":"post-516442","1":"post","2":"type-post","3":"status-publish","4":"format-standard","5":"has-post-thumbnail","7":"category-grenoble","8":"tag-actu","9":"tag-actualites","10":"tag-auvergne-rhone-alpes","11":"tag-departements-horsidfo","12":"tag-economie","13":"tag-eu","14":"tag-europe","15":"tag-fr","16":"tag-france","17":"tag-grenoble","18":"tag-news","19":"tag-republique-francaise"},"share_on_mastodon":{"url":"https:\/\/pubeurope.com\/@fr\/115504058533985440","error":""},"_links":{"self":[{"href":"https:\/\/www.europesays.com\/fr\/wp-json\/wp\/v2\/posts\/516442","targetHints":{"allow":["GET"]}}],"collection":[{"href":"https:\/\/www.europesays.com\/fr\/wp-json\/wp\/v2\/posts"}],"about":[{"href":"https:\/\/www.europesays.com\/fr\/wp-json\/wp\/v2\/types\/post"}],"author":[{"embeddable":true,"href":"https:\/\/www.europesays.com\/fr\/wp-json\/wp\/v2\/users\/2"}],"replies":[{"embeddable":true,"href":"https:\/\/www.europesays.com\/fr\/wp-json\/wp\/v2\/comments?post=516442"}],"version-history":[{"count":0,"href":"https:\/\/www.europesays.com\/fr\/wp-json\/wp\/v2\/posts\/516442\/revisions"}],"wp:featuredmedia":[{"embeddable":true,"href":"https:\/\/www.europesays.com\/fr\/wp-json\/wp\/v2\/media\/516443"}],"wp:attachment":[{"href":"https:\/\/www.europesays.com\/fr\/wp-json\/wp\/v2\/media?parent=516442"}],"wp:term":[{"taxonomy":"category","embeddable":true,"href":"https:\/\/www.europesays.com\/fr\/wp-json\/wp\/v2\/categories?post=516442"},{"taxonomy":"post_tag","embeddable":true,"href":"https:\/\/www.europesays.com\/fr\/wp-json\/wp\/v2\/tags?post=516442"}],"curies":[{"name":"wp","href":"https:\/\/api.w.org\/{rel}","templated":true}]}}