{"id":516448,"date":"2025-11-06T18:02:12","date_gmt":"2025-11-06T18:02:12","guid":{"rendered":"https:\/\/www.europesays.com\/fr\/516448\/"},"modified":"2025-11-06T18:02:12","modified_gmt":"2025-11-06T18:02:12","slug":"art-contemporain-lappel-du-pied-de-st-art-a-lecosysteme-artistique-local","status":"publish","type":"post","link":"https:\/\/www.europesays.com\/fr\/516448\/","title":{"rendered":"Art contemporain. L\u2019appel du pied de St-Art \u00e0 l\u2019\u00e9cosyst\u00e8me artistique local"},"content":{"rendered":"<p>Dans un march\u00e9 de l\u2019art \u00ab\u00a0trust\u00e9 par quelques milliardaires\u00a0\u00bb, Christophe Caillaud-Joos, directeur g\u00e9n\u00e9ral de Strasbourg Events, revendique une foire non pas pour investir mais pour l\u2019amour de l\u2019art. La conf\u00e9rence de presse de la nouvelle \u00e9dition de St-Art, du 14 au 16\u00a0novembre, a \u00e9t\u00e9 l\u2019occasion pour l\u2019\u00e9quipe de lancer un cri du c\u0153ur.\u00a0Boud\u00e9 par une bonne partie des galeries strasbourgeoises, St-Art se sent un peu seul\u00a0: \u00ab\u00a0Nous pourrions envoyer un message puissant au march\u00e9 si tout Strasbourg se mobilisait en m\u00eame temps\u00a0\u00bb, argue Christophe Caillaud-Joos. Autrement dit, si toutes les initiatives autour de l\u2019art contemporain \u00e9taient programm\u00e9es \u00e0 la m\u00eame date, qu\u2019il s\u2019agisse du festival R\u00e9sonance(s) ou du Strasbourg Galerie Tour\u2026 Jusque-l\u00e0, les appels du pied n\u2019ont rien donn\u00e9.<\/p>\n<p>  Huit galeries alsaciennes<\/p>\n<p>\u00c0 la veille de ses 30 ans, la foire s\u2019appr\u00eate \u00e0 accueillir 61 exposants, dont 48 galeries retenues par un comit\u00e9 de s\u00e9lection, certaines originaires d\u2019Italie, de Cor\u00e9e du Sud, du Maroc et du Liban. Parmi ces derni\u00e8res, 28 sont nouvelles. St-Art entend toujours porter une attention particuli\u00e8re \u00e0 l\u2019art du verre et \u00e0 l\u2019art brut. Quelques galeries alsaciennes seront pr\u00e9sentes, Murmure, de Colmar, JustBee Art Gallery, de Masevaux, ainsi que des Strasbourgeoises, les habitu\u00e9es Without Art Gallery, Decorde, Ritsch-Fisch, Kraemer, une petite nouvelle, Venomen, et une \u00ab\u00a0itin\u00e9rante\u00a0\u00bb, AEDAEN\/ON.<\/p>\n<p>Sont \u00e9galement de la partie des structures comme la Soci\u00e9t\u00e9 des amis des arts et des mus\u00e9es de Strasbourg, associ\u00e9e \u00e0 la remise de deux prix pour la jeune cr\u00e9ation, le Prix Th\u00e9ophile Schuler et le nouveau Prix de la jeune cr\u00e9ation europ\u00e9enne, la Fondation Schneider de Wattwiller, pr\u00e9sente pour la premi\u00e8re fois, la Haute \u00e9cole des arts du Rhin, l\u2019Industrie Magnifique ou encore\u00a0l\u2019association Arham.<\/p>\n<p class=\"note\">St-Art du 14 au 16\u00a0novembre au Parc des expositions de Strasbourg (avenue Herrenschmidt), de 11h \u00e0 20h les 14 et 15, le 16 de 10h \u00e0 18h. Programme complet\u00a0: www.st-art.com\/fr<\/p>\n","protected":false},"excerpt":{"rendered":"Dans un march\u00e9 de l\u2019art \u00ab\u00a0trust\u00e9 par quelques milliardaires\u00a0\u00bb, Christophe Caillaud-Joos, directeur g\u00e9n\u00e9ral de Strasbourg Events, revendique une&hellip;\n","protected":false},"author":2,"featured_media":516449,"comment_status":"","ping_status":"","sticky":false,"template":"","format":"standard","meta":{"footnotes":""},"categories":[2820],"tags":[1111,11,2389,1687,2880,1777,674,2271,107,1011,27,775,12,25,640,2879],"class_list":{"0":"post-516448","1":"post","2":"type-post","3":"status-publish","4":"format-standard","5":"has-post-thumbnail","7":"category-strasbourg","8":"tag-actu","9":"tag-actualites","10":"tag-alsace","11":"tag-culture-loisirs","12":"tag-edition-strasbourg","13":"tag-eu","14":"tag-europe","15":"tag-exposition-arts-plastiques","16":"tag-fil-info","17":"tag-fr","18":"tag-france","19":"tag-grand-est","20":"tag-news","21":"tag-republique-francaise","22":"tag-strasbourg","23":"tag-strasbourg-ville"},"share_on_mastodon":{"url":"https:\/\/pubeurope.com\/@fr\/115504070336069972","error":""},"_links":{"self":[{"href":"https:\/\/www.europesays.com\/fr\/wp-json\/wp\/v2\/posts\/516448","targetHints":{"allow":["GET"]}}],"collection":[{"href":"https:\/\/www.europesays.com\/fr\/wp-json\/wp\/v2\/posts"}],"about":[{"href":"https:\/\/www.europesays.com\/fr\/wp-json\/wp\/v2\/types\/post"}],"author":[{"embeddable":true,"href":"https:\/\/www.europesays.com\/fr\/wp-json\/wp\/v2\/users\/2"}],"replies":[{"embeddable":true,"href":"https:\/\/www.europesays.com\/fr\/wp-json\/wp\/v2\/comments?post=516448"}],"version-history":[{"count":0,"href":"https:\/\/www.europesays.com\/fr\/wp-json\/wp\/v2\/posts\/516448\/revisions"}],"wp:featuredmedia":[{"embeddable":true,"href":"https:\/\/www.europesays.com\/fr\/wp-json\/wp\/v2\/media\/516449"}],"wp:attachment":[{"href":"https:\/\/www.europesays.com\/fr\/wp-json\/wp\/v2\/media?parent=516448"}],"wp:term":[{"taxonomy":"category","embeddable":true,"href":"https:\/\/www.europesays.com\/fr\/wp-json\/wp\/v2\/categories?post=516448"},{"taxonomy":"post_tag","embeddable":true,"href":"https:\/\/www.europesays.com\/fr\/wp-json\/wp\/v2\/tags?post=516448"}],"curies":[{"name":"wp","href":"https:\/\/api.w.org\/{rel}","templated":true}]}}