{"id":516464,"date":"2025-11-06T18:11:15","date_gmt":"2025-11-06T18:11:15","guid":{"rendered":"https:\/\/www.europesays.com\/fr\/516464\/"},"modified":"2025-11-06T18:11:15","modified_gmt":"2025-11-06T18:11:15","slug":"cette-ville-pres-de-toulouse-replonge-au-moyen-age-avec-foire-festin-medieval-animations-et-conferences","status":"publish","type":"post","link":"https:\/\/www.europesays.com\/fr\/516464\/","title":{"rendered":"Cette ville pr\u00e8s de Toulouse replonge au Moyen \u00c2ge avec foire, festin m\u00e9di\u00e9val, animations et conf\u00e9rences"},"content":{"rendered":"<p>            Par<br \/>\n        <strong><br \/>\n            <a href=\"https:\/\/actu.fr\/auteur\/valentine-gaxieu-actu-fr\" title=\"Consulter tous les articles de Valentine Gaxieu\" target=\"_blank\" rel=\"noopener\">Valentine Gaxieu<\/a><br \/>\n        <\/strong><\/p>\n<p>        Publi\u00e9 le<\/p>\n<p>            6 nov. 2025 \u00e0 18h51        <\/p>\n<p>Durant trois jours, la commune de <a href=\"https:\/\/actu.fr\/occitanie\/baziege_31048\" target=\"_blank\" rel=\"noopener\">Bazi\u00e8ge<\/a> aura des allures de <b>machine \u00e0 remonter le temps<\/b>. Direction la p\u00e9riode des ch\u00e2teaux forts, des chevaliers ou encore des foires anim\u00e9es. Une <b>plong\u00e9e au c\u0153ur du Moyen \u00c2ge<\/b> possible gr\u00e2ce aux M\u00e9di\u00e9vales, un \u00e9v\u00e9nement organis\u00e9 par L\u2019<a href=\"https:\/\/www.baziege.fr\/association\/a-r-b-r-e\/\" target=\"_blank\" rel=\"noopener\">Association recherches bazi\u00e9geoise\u2009: racines et environnement (Arbre)<\/a>.<\/p>\n<p class=\" wall-content\">Cette 31e \u00e9dition, qui se d\u00e9roulera du vendredi\u00a014 au dimanche 16\u00a0novembre 2025, permettra au public de (re) d\u00e9couvrir <b>l\u2019Histoire, les m\u0153urs et les coutumes de la r\u00e9gion Occitanie<\/b>, \u00e0 travers des conf\u00e9rences, des animations, des d\u00e9monstrations et une foire m\u00e9di\u00e9vale.<\/p>\n<p class=\" wall-content\">La manifestation d\u00e9butera le vendredi 14\u00a0novembre avec les causeries, de petites conf\u00e9rences informelles sur <b>la vie m\u00e9di\u00e9vale locale<\/b>\u00a0destin\u00e9es aux \u00e9l\u00e8ves de l\u2019\u00e9cole \u00e9l\u00e9mentaire et anim\u00e9es par l\u2019historien Lucien Ari\u00e8s.<\/p>\n<p>Conf\u00e9rence et colloque<\/p>\n<p class=\" wall-content\">Le samedi 15\u00a0novembre sera quant \u00e0 lui consacr\u00e9 \u00e0 des <b>conf\u00e9rences et au colloque d\u2019histoire<\/b> \u00ab\u2009Art et soci\u00e9t\u00e9 au Moyen-\u00c2ge \u2013 Croisade et h\u00e9r\u00e9sies en Midi toulousain\u2009\u00bb. Cette journ\u00e9e se d\u00e9roulera dans la salle de La Cop\u00e9e et rassemblera les f\u00e9rus d\u2019Histoire venus des quatre coins du Lauragais et d\u2019ailleurs.<\/p>\n<p class=\" wall-content\">D\u00e8s 9\u2009h du matin, Lucien Ari\u00e8s rendra hommage \u00e0 l\u2019ing\u00e9nieur et pionnier de l\u2019aviation <b>Cl\u00e9ment Ader<\/b>, \u00e0 l\u2019occasion du centi\u00e8me anniversaire de sa disparition. Suivront dans la matin\u00e9e <b>trois conf\u00e9rences sur l\u2019\u00e9poque romaine<\/b>\u2009: \u00ab\u2009Les verreries foresti\u00e8res jusqu\u2019\u00e0 nos jours\u2009\u00bb (Anne R\u00e9by)\u2009; \u00ab\u2009La peine de mort \u00e0 Toulouse au XVIIIe\u00a0si\u00e8cle\u2009\u00bb (Patrick Caujolle) et \u00ab\u2009La langue occitane avec le Gai Saber\u2009\u00bb (Georges Passerat).<\/p>\n<p>Vid\u00e9os : en ce moment sur Actu<\/p>\n<p class=\" wall-content\">En d\u00e9but d\u2019apr\u00e8s-midi, <b>Laurent Mac\u00e9<\/b> tiendra sa conf\u00e9rence \u00ab\u2009Carcassonne 1240 \u2013 Trencavel \u00e9chec et mat\u2009\u00bb. Puis \u00e0 17\u2009h une <b>table ronde<\/b> sur le sujet des migrations intra-europ\u00e9ennes en Midi-toulousain r\u00e9unira <b>Lucien Ari\u00e8s<\/b>\u2009; les auteurs <b>Muriel et Yves Carchon<\/b>\u2009; le journaliste <b>Pierre Estournel<\/b>\u2009; le directeur de la revue italienne Radici <b>Rocco Femia<\/b> et le professeur \u00e0 l\u2019Institut national polytechnique de Toulouse <b>Henri Farreny<\/b>.<\/p>\n<p class=\" wall-content\">La journ\u00e9e sera aussi marqu\u00e9e par une <b>exposition d\u2019ouvrages<\/b> du Lecteur du Val, de l\u2019Arbre et de la Soci\u00e9t\u00e9 d\u2019\u00e9tudes scientifiques de l\u2019Aude (Sesa).<\/p>\n<p>Votre r\u00e9gion, votre actu !<\/p>\n<p>Recevez chaque jour les infos qui comptent pour vous.<\/p>\n<p>\t<a href=\"https:\/\/actu.fr\/newsletter\" class=\"ac-btn ac-btn--corner ac-btn--medium ac-btn--blue800\" target=\"_blank\" rel=\"noopener\">S&rsquo;incrire<\/a><br \/>\nUn festin m\u00e9di\u00e9val et local<\/p>\n<p class=\" wall-content\">Et pour \u00eatre v\u00e9ritablement plong\u00e9 dans l\u2019atmosph\u00e8re du Moyen \u00c2ge, quoi de mieux qu\u2019un <b>festin m\u00e9di\u00e9val digne des banquets d\u2019antan<\/b>\u2009? Apr\u00e8s le vin d\u2019honneur offert par la mairie, la journ\u00e9e du samedi se prolongera \u00e0 20\u2009h par le traditionnel repas dans la taverne m\u00e9di\u00e9vale, install\u00e9e dans la Halle aux grains.<\/p>\n<p class=\" wall-content\">Au menu\u2009: <b>velout\u00e9 de potiron au foie de volaille<\/b>, <b>cassoulet aux f\u00e8ves et au confit de canard<\/b> dans sa cassolette de pain, <b>trou normand<\/b> revisit\u00e9 aux saveurs de l\u2019Occitanie, salade et fromage, tarte de la dame Ava de Bazi\u00e8ge sur son lit de cr\u00e8me occitane, ainsi que du vin, de la blanquette de Limoux et du caf\u00e9.<\/p>\n<p class=\" wall-content\">La soir\u00e9e sera anim\u00e9e par <b>les chants et les d\u00e9monstrations de jonglage<\/b> des Compagnons de l\u2019aurore, et sera aussi marqu\u00e9e par le chapitre de l\u2019ordre de la f\u00e8ve et des intronisations. La r\u00e9servation est obligatoire <b>avant le 10\u00a0novembre<\/b> (voir les infos pratiques en bas de l\u2019article).<\/p>\n<p>Foire artisanale et animations pour enfants<\/p>\n<p class=\" wall-content\">Le dimanche 16 novembre, la Halle aux grains et la rue Porte d\u2019engraille accueilleront une<b> v\u00e9ritable foire m\u00e9di\u00e9vale<\/b> rythm\u00e9e par les m\u00e9lodies de l\u2019Orgue de barbarie. Les visiteurs pourront d\u00e9couvrir des <b>artisans et des m\u00e9tiers d\u2019autrefois<\/b>. Des <b>d\u00e9monstrations de savoir-faire<\/b> sont \u00e9galement pr\u00e9vues.<\/p>\n<p>    <img   decoding=\"async\" loading=\"lazy\" class=\"size-large\" src=\"https:\/\/www.europesays.com\/fr\/wp-content\/uploads\/2025\/11\/6bd4a6bfcc0966fd4a6bfcc0933e4av-960x640.jpg\" alt=\"m\u00e9di\u00e9vales de Bazi\u00e8ge moyen \u00e2ge\" width=\"960\" height=\"640\"\/><br \/>\n    Lors de la foire m\u00e9di\u00e9vale, les visiteurs pourront d\u00e9couvrir les m\u00e9tiers d\u2019antan. \u00a9Photo fournie par Lucien Ari\u00e8s<\/p>\n<p class=\" wall-content\">Les plus jeunes pourront participer \u00e0 <b>plusieurs animations gratuites<\/b>\u2009: un atelier de calligraphie, de grands jeux m\u00e9di\u00e9vaux comme un ch\u00e2teau gonflable ou encore un carrousel pour enfants.<\/p>\n<p><b>Infos pratiques<\/b><br \/>Les M\u00e9di\u00e9vales de Bazi\u00e8ge, du vendredi\u00a014 au dimanche 16\u00a0novembre 2025.<br \/>Entr\u00e9e libre et gratuite.<br \/>Pour le repas, inscriptions jusqu\u2019au 10\u00a0novembre par ch\u00e8que (ordre \u00ab\u2009Arbre\u2009\u00bb) \u00e0 d\u00e9poser \u00e0 la maison de la presse (38 Grande rue \u2013 Bazi\u00e8ge) ou \u00e0 l\u2019atelier Cr\u00e9afleurs (1 avenue de l\u2019Hers) ou par courrier \u00e0 l\u2019adresse 99 impasse Les Flor\u00e9ales \u2013 31\u2009450 Bazi\u00e8ge. Tarif\u2009: 28\u00a0\u20ac pour les adultes \/ 15\u00a0\u20ac pour les moins de 12\u00a0ans.<br \/>Plus d\u2019information <a href=\"https:\/\/arbrebaziege.wordpress.com\" target=\"_blank\" rel=\"noopener\">ici<\/a> ou au 06\u200970\u200979\u200937\u200901.<\/p>\n<p class=\" wall-content\">Personnalisez votre actualit\u00e9 en ajoutant vos villes et m\u00e9dias en favori avec <a href=\"https:\/\/moncompte.actu.fr\" title=\"D\u00e9couvez Mon Actu\" rel=\"nofollow noopener\" data-trk=\"{&quot;cta&quot;:{&quot;action&quot;:&quot;https:\\\/\\\/moncompte.actu.fr&quot;,&quot;category&quot;:&quot;mon compte&quot;,&quot;from&quot;:&quot;article footer&quot;,&quot;name&quot;:&quot;Mon actu&quot;,&quot;type&quot;:&quot;cta&quot;}}\" target=\"_blank\">Mon Actu<\/a>.<\/p>\n","protected":false},"excerpt":{"rendered":"Par Valentine Gaxieu Publi\u00e9 le 6 nov. 2025 \u00e0 18h51 Durant trois jours, la commune de Bazi\u00e8ge aura&hellip;\n","protected":false},"author":2,"featured_media":516465,"comment_status":"","ping_status":"","sticky":false,"template":"","format":"standard","meta":{"footnotes":""},"categories":[2816],"tags":[1111,11,1063,1777,674,1011,27,937,1652,2089,12,2680,25,2312],"class_list":{"0":"post-516464","1":"post","2":"type-post","3":"status-publish","4":"format-standard","5":"has-post-thumbnail","7":"category-toulouse","8":"tag-actu","9":"tag-actualites","10":"tag-animations","11":"tag-eu","12":"tag-europe","13":"tag-fr","14":"tag-france","15":"tag-histoire","16":"tag-loisirs-culture","17":"tag-marche","18":"tag-news","19":"tag-occitanie","20":"tag-republique-francaise","21":"tag-toulouse"},"share_on_mastodon":{"url":"https:\/\/pubeurope.com\/@fr\/115504105845431518","error":""},"_links":{"self":[{"href":"https:\/\/www.europesays.com\/fr\/wp-json\/wp\/v2\/posts\/516464","targetHints":{"allow":["GET"]}}],"collection":[{"href":"https:\/\/www.europesays.com\/fr\/wp-json\/wp\/v2\/posts"}],"about":[{"href":"https:\/\/www.europesays.com\/fr\/wp-json\/wp\/v2\/types\/post"}],"author":[{"embeddable":true,"href":"https:\/\/www.europesays.com\/fr\/wp-json\/wp\/v2\/users\/2"}],"replies":[{"embeddable":true,"href":"https:\/\/www.europesays.com\/fr\/wp-json\/wp\/v2\/comments?post=516464"}],"version-history":[{"count":0,"href":"https:\/\/www.europesays.com\/fr\/wp-json\/wp\/v2\/posts\/516464\/revisions"}],"wp:featuredmedia":[{"embeddable":true,"href":"https:\/\/www.europesays.com\/fr\/wp-json\/wp\/v2\/media\/516465"}],"wp:attachment":[{"href":"https:\/\/www.europesays.com\/fr\/wp-json\/wp\/v2\/media?parent=516464"}],"wp:term":[{"taxonomy":"category","embeddable":true,"href":"https:\/\/www.europesays.com\/fr\/wp-json\/wp\/v2\/categories?post=516464"},{"taxonomy":"post_tag","embeddable":true,"href":"https:\/\/www.europesays.com\/fr\/wp-json\/wp\/v2\/tags?post=516464"}],"curies":[{"name":"wp","href":"https:\/\/api.w.org\/{rel}","templated":true}]}}